{"id":97517,"date":"2022-11-11T16:17:33","date_gmt":"2022-11-11T16:17:33","guid":{"rendered":"https:\/\/logon.media\/logon_article\/a-plasa-urechea-in-inima\/"},"modified":"2022-11-12T08:58:38","modified_gmt":"2022-11-12T08:58:38","slug":"a-plasa-urechea-in-inima","status":"publish","type":"logon_article","link":"https:\/\/logon.media\/ro\/logon_article\/a-plasa-urechea-in-inima\/","title":{"rendered":"A plasa urechea \u00een inim\u0103"},"content":{"rendered":"<p><span style=\"color: #000000;\"><span style=\"font-family: DejaVuSans, serif;\"><span style=\"font-size: medium;\">Cartea cu imagini poetice: <\/span><\/span><\/span><span style=\"color: #000000;\"><span style=\"font-family: DejaVuSans-Oblique, serif;\"><span style=\"font-size: medium;\"><i>Copacul cu ureche <\/i><\/span><\/span><\/span><span style=\"color: #000000;\"><span style=\"font-family: DejaVuSans, serif;\"><span style=\"font-size: medium;\">de Annet Schaap <\/span><\/span><\/span><span style=\"color: #0000cd;\"><span style=\"font-family: DejaVuSans, serif;\"><span style=\"font-size: medium;\">[1] <\/span><\/span><\/span><span style=\"color: #000000;\"><span style=\"font-family: DejaVuSans, serif;\"><span style=\"font-size: medium;\">ne vorbe\u0219te despre un b\u0103ie\u021bel care are ceva de spus, dar nu g\u0103se\u0219te nic\u0103ieri o ureche care ascult\u0103.<\/span><\/span><\/span><\/p>\n<p><span style=\"color: #000000;\"><span style=\"font-family: DejaVuSans, serif;\"><span style=\"font-size: medium;\">O pas\u0103re \u00eel sf\u0103tuie\u0219te s\u0103 mearg\u0103 la \u201ecel mai \u00eenalt copac\u201d din parc. Acel copac are o ureche \u00een trunchi \u0219i nu orice ureche. Este o ureche care ascult\u0103 cu adev\u0103rat. Aude iarba cresc\u00e2nd, aude v\u00e2ntul fo\u0219nind \u0219i, dac\u0103 ascult\u0103 \u0219i mai bine, aude cum r\u0103d\u0103cinile \u00eei p\u0103trund \u00een p\u0103m\u00e2nt, cum cresc, f\u0103r\u0103 zgomot, din ce \u00een ce mai ad\u00e2nc.<\/span><\/span><\/span><\/p>\n<p><span style=\"color: #000000;\"><span style=\"font-family: DejaVuSans, serif;\"><span style=\"font-size: medium;\">C\u00e2nd ajunge \u0219i b\u0103iatul, o coad\u0103 lung\u0103 de g\u00e2ndaci, insecte \u0219i \u0219oareci a\u0219teapt\u0103 deja \u00een fa\u021ba copacului, fiecare a\u0219tept\u00e2nd s\u0103 le vin\u0103 r\u00e2ndul ca s\u0103-\u0219i spun\u0103 povestea. Deoarece este obi\u0219nuit cu zgomotul ora\u0219ului, b\u0103iatul nu le aude vocile bl\u00e2nde care r\u0103sun\u0103 din alaiul de doliu al insectelor. Vorbesc despre Trude, g\u00e2ndacul plecat.<\/span><\/span><\/span><\/p>\n<p><span style=\"color: #000000;\"><span style=\"font-family: DejaVuSans, serif;\"><span style=\"font-size: medium;\">Cu picioarele lui mari, b\u0103iatul c\u0103lc\u0103 \u00een picioare micile viet\u0103\u021bi \u0219i g\u00e2ndacul deja mort.<\/span><\/span><\/span><\/p>\n<p><span style=\"color: #000000;\"><span style=\"font-family: DejaVuSans, serif;\"><span style=\"font-size: medium;\">Toate sunt indignate, cred c\u0103 este un \u201ecopil uman nepoliticos, st\u00e2ngaci\u201d. Apoi ei ascult\u0103 ce are de spus el, \u2018acel mare barbar\u2019. A\u0219a c\u0103 oricum are voie s\u0103-\u0219i spun\u0103 povestea. Copacul \u00ee\u0219i \u00eenclin\u0103 urechea spre el.<\/span><\/span><\/span><\/p>\n<blockquote><p><span style=\"color: #000000;\"><span style=\"font-family: DejaVuSans-Oblique, serif;\"><span style=\"font-size: medium;\"><i>\u0218i to\u021bi cei care \u00eei spun povestea lor, simt c\u0103 este auzit\u0103 de p\u0103m\u00e2nt, cer \u0219i stele. Este \u00een\u021beleas\u0103 \u00een profunzime, spa\u021biu, timp. <\/i><\/span><\/span><\/span><\/p><\/blockquote>\n<p><span style=\"color: #000000;\"><span style=\"font-family: DejaVuSans, serif;\"><span style=\"font-size: medium;\">Cre\u0219tem, c\u00e2nd suntem cu adev\u0103rat auzi\u021bi. <\/span><\/span><\/span><\/p>\n<p><span style=\"color: #000000;\"><span style=\"font-family: DejaVuSans, serif;\"><span style=\"font-size: medium;\">El, ea care nu se aude, r\u0103m\u00e2ne mic\/-\u0103, citim. Este important s\u0103 g\u0103sim o ureche care s\u0103 aud\u0103 sau s\u0103 o oferim noi \u00een\u0219ine. Unde \u00ee\u021bi spui povestea? Unde \u00ee\u021bi a\u0219ezi urechea?<\/span><\/span><\/span><\/p>\n<p><span style=\"color: #000000;\"><span style=\"font-family: DejaVuSans, serif;\"><span style=\"font-size: medium;\">Urechea este format\u0103 din trei p\u0103r\u021bi care coopereaz\u0103. Auriculul, urechea exterioar\u0103, care capteaz\u0103 sunetele toat\u0103 ziua. Urechea medie, care absoarbe vibra\u021biile cu timpanul <\/span><\/span><\/span><span style=\"color: #000000;\"><span style=\"font-family: DejaVuSans, serif;\"><span style=\"font-size: medium;\">\u0219i osiculele. Vibra\u021biile sunt transferate la cohlee, cea de-a treia parte, o spiral\u0103,un tub de lichid care contine mii de cili, urechea intern\u0103. Nervul auditiv transmite sunetul c\u0103tre creier, unde este recunoscut \u0219i tradus \u00een \u201eauz\u201d. Vibra\u021biile urmeaz\u0103 o cale de la exterior \u00een interior. Urechea noastr\u0103 este plasat\u0103 \u00een lume. Uneori suntem numai urechi. Uneori ascult\u0103m cu jum\u0103tate de ureche \u0219i ceea ce auzim intr\u0103 pe o ureche \u0219i iese pe cealalt\u0103. Dar se \u00eent\u00e2mpl\u0103 mult mai mult dec\u00e2t doar auzirea sunetelor. Sunetele creeaz\u0103 ulterior imagini. De exemplu, avem viziuni atunci c\u00e2nd auzim muzic\u0103 melodioas\u0103. Ritmurile primordiale ne fac s\u0103 ne mi\u0219c\u0103m. \u00cen timpul unei lecturi avem tendin\u021ba de a ne abate. Ceea ce se aude evoc\u0103 imagini noi \u00een noi. De asemenea, putem s\u0103 ne acord\u0103m urechea cu un prieten, cu o alt\u0103 persoan\u0103, cu a\u0219teptare, curiozitate, m\u00e2ng\u00e2iere, aten\u021bie, tandre\u021be. Urechea este un organ foarte special.<\/span><\/span><\/span><\/p>\n<blockquote><p><span style=\"color: #000000;\"><span style=\"font-family: DejaVuSans-Oblique, serif;\"><span style=\"font-size: medium;\"><i>Cine a modelat forma sferic\u0103 a ochilor? Cine a str\u0103puns orificiile n\u0103rilor \u0219i urechilor?<\/i><\/span><\/span><\/span><\/p>\n<p><span style=\"color: #000000;\"><span style=\"font-family: DejaVuSans-Oblique, serif;\"><span style=\"font-size: medium;\"><i>Dac\u0103 vrei s\u0103-L percepi pe Dumnezeu \u00een \u0219i prin fiin\u021bele muritoare, g\u00e2nde\u0219te-te la modul \u00een care fiin\u021ba uman\u0103 este construit\u0103 \u00een p\u00e2ntecele mamei sale; vezi c\u00e2t\u0103 pricepere \u0219i c\u00e2te me\u0219te\u0219uguri s-au folosit \u00een aceast\u0103 chestiune \u0219i afl\u0103 cine este Mama-Tat\u0103l acestei imagini sublime \u0219i divine a omului<\/i><\/span><\/span><\/span><span style=\"color: #000000;\"><span style=\"font-family: DejaVuSans, serif;\"><span style=\"font-size: medium;\">.<\/span><\/span><\/span><span style=\"color: #0000cd;\"><span style=\"font-family: DejaVuSans, serif;\"><span style=\"font-size: medium;\">[2]<\/span><\/span><\/span><\/p><\/blockquote>\n<p><span style=\"color: #000000;\"><span style=\"font-family: DejaVuSans, serif;\"><span style=\"font-size: medium;\">A\u0219a cum din \u201efiin\u021ba imobil\u0103\u201d prima vibra\u021bie r\u0103sun\u0103 ca Cuv\u00e2nt, \u00een care planul \u00eentregii crea\u021bii este implicat \u0219i ulterior devine Lumin\u0103, cap\u0103t\u0103 suflet \u0219i ia Via\u021ba \u00eentr-o form\u0103, \u00een mod similar, urechile sunt primele sim\u021buri care \u00een timpul dezvolt\u0103rii copilului \u00een p\u00e2ntec devin active, apoi ochii \u0219i apoi sim\u021bul tactil: picioarele mici care lovesc, pline de via\u021b\u0103. Deci urechea vine mai \u00eent\u00e2i, apoi ochiul.<\/span><\/span><\/span><\/p>\n<p><span style=\"color: #000000;\"><span style=\"font-family: DejaVuSans, serif;\"><span style=\"font-size: medium;\">Chemarea Gnozei r\u0103sun\u0103 ca o vibra\u021bie puternic\u0103 prin tot. O inim\u0103 sensibil\u0103 reac\u021bioneaz\u0103, r\u0103sun\u0103 \u00eempreun\u0103 cu chemarea datorit\u0103 sc\u00e2nteii divine prezente. Dac\u0103 cobori urechea \u00een inim\u0103, prinzi sunetele subtile ale Gnozei. Auzul interior formeaz\u0103 imagini, genereaz\u0103 o dorin\u021b\u0103 profund\u0103. Ofer\u0103 indica\u021bii pentru a merge pe calea ta. Ascultarea inimii este \u00eenceputul \u00een\u021belegerii, este u\u0219a c\u0103tre viziunea interioar\u0103.<\/span><\/span><\/span><\/p>\n<p><span style=\"color: #000000;\"><span style=\"font-family: DejaVuSans-Oblique, serif;\"><span style=\"font-size: medium;\"><i>Cel care nu este dispus s\u0103 aud\u0103, trebuie s\u0103 simt\u0103, <\/i><\/span><\/span><\/span><span style=\"color: #000000;\"><span style=\"font-family: DejaVuSans, serif;\"><span style=\"font-size: medium;\">este o zical\u0103 cunoscut\u0103. \u00cen mod profund, se spune c\u0103 cel sau cea care nu \u00ee\u0219i ascult\u0103 vocea sufletului, va trebui s\u0103 mearg\u0103 pe calea experien\u021bei cu toate sui\u0219urile \u0219i cobor\u00e2\u0219urile care \u00eei apar\u021bin, p\u00e2n\u0103 c\u00e2nd urechea este plasat\u0103 \u00een inim\u0103. \u00cen inim\u0103, urechea \u00eenva\u021b\u0103 s\u0103 cunoasc\u0103 \u0219oapta bl\u00e2nd\u0103 a sufletului. Cei care \u00ee\u0219i dezvolt\u0103 acest sim\u021b interior, cei care pot asculta cu adev\u0103rat, \u00een ei Cuv\u00e2ntul, Planul Divin, pot g\u0103si intrarea pentru c\u0103 <\/span><\/span><\/span><span style=\"color: #000000;\"><span style=\"font-family: DejaVuSans-Oblique, serif;\"><span style=\"font-size: medium;\"><i>au urechi cu care aud \u0219i ochi cu care v\u0103d.<\/i><\/span><\/span><\/span><\/p>\n<p><span style=\"color: #000000;\"><span style=\"font-family: DejaVuSans, serif;\"><span style=\"font-size: medium;\">Ei nu mai refuz\u0103 s\u0103 asculte. Chiar dac\u0103 le este fric\u0103 s\u0103 se descurajeze, <\/span><\/span><\/span><span style=\"color: #000000;\"><span style=\"font-family: DejaVuSans, serif;\"><span style=\"font-size: medium;\">curajul lor nu e\u0219ueaz\u0103.<\/span><\/span><\/span><\/p>\n<p><span style=\"color: #000000;\"><span style=\"font-family: DejaVuSans, serif;\"><span style=\"font-size: medium;\">Copacul cu ureche aude fiecare \u0219oapt\u0103 din parc \u0219i mult, mult dincolo. Animalele se pot baza pe el.<\/span><\/span><\/span><\/p>\n<p><span style=\"color: #000000;\"><span style=\"font-family: DejaVuSans, serif;\"><span style=\"font-size: medium;\">Hermes se \u00eendreapt\u0103, rug\u00e2ndu-se cu tot sufletul \u0219i puterea lui, c\u0103tre urechea universal\u0103 care ascult\u0103 cu adev\u0103rat, fiin\u021ba inefabil\u0103:<\/span><\/span><\/span><\/p>\n<blockquote><p><i style=\"font-size: medium; font-family: DejaVuSans-Oblique, serif; color: #000000;\">D\u0103-mi o ureche care s\u0103 se roage<\/i><\/p>\n<p><span style=\"color: #000000;\"><span style=\"font-family: DejaVuSans-Oblique, serif;\"><span style=\"font-size: medium;\"><i>s\u0103 nu fiu niciodat\u0103 desp\u0103r\u021bit de Gnoz\u0103, <\/i><\/span><\/span><\/span><\/p>\n<p><span style=\"color: #000000;\"><span style=\"font-family: DejaVuSans-Oblique, serif;\"><span style=\"font-size: medium;\"><i>adev\u0103rata cunoa\u0219tere care apar\u021bine nucleului fiin\u021bei mele.<\/i><\/span><\/span><\/span><\/p>\n<p><span style=\"color: #000000;\"><span style=\"font-family: DejaVuSans-Oblique, serif;\"><span style=\"font-size: medium;\"><i>Apleac\u0103-te asupra mea \u0219i umple-m\u0103 cu puterea Ta; <\/i><\/span><\/span><\/span><\/p>\n<p><span style=\"color: #000000;\"><span style=\"font-family: DejaVuSans-Oblique, serif;\"><span style=\"font-size: medium;\"><i>cu acest har, voi aduce Lumina <\/i><\/span><\/span><\/span><\/p>\n<p><span style=\"color: #000000;\"><span style=\"font-family: DejaVuSans-Oblique, serif;\"><span style=\"font-size: medium;\"><i>celor din rasa mea care sunt \u00een ignoran\u021b\u0103. <\/i><\/span><\/span><\/span><span style=\"color: #0000cd;\"><span style=\"font-family: DejaVuSans, serif;\"><span style=\"font-size: medium;\">[3]<\/span><\/span><\/span><\/p><\/blockquote>\n<p><span style=\"color: #000000;\"><span style=\"font-family: DejaVuSans, serif;\"><span style=\"font-size: medium;\">\u00cen ad\u00e2ncime, \u00een spa\u021biu, prin timp, povestea fiec\u0103ruia, fiecare stare de a fi, este auzit\u0103 \u0219i \u00eenconjurat\u0103 de lumin\u0103. Cel care aude \u0219i ascult\u0103, nu r\u0103m\u00e2ne mic, ci cre\u0219te, devine imens \u00een con\u0219tiin\u021ba sufletului \u0219i a spiritului.<\/span><\/span><\/span><\/p>\n<p><span style=\"color: #000000;\"><span style=\"font-family: DejaVuSans-Bold, serif;\"><span style=\"font-size: large;\"><b>Surse:<\/b><\/span><\/span><\/span><\/p>\n<p><span style=\"color: #0000cd;\"><span style=\"font-family: DejaVuSans, serif;\"><span style=\"font-size: medium;\">[1] <\/span><\/span><\/span><span style=\"color: #000000;\"><span style=\"font-family: DejaVuSans, serif;\"><span style=\"font-size: medium;\">Annet Schaap (1965) este un ilustrator olandez. Ea a ilustrat aproximativ dou\u0103 sute de c\u0103r\u021bi pentru copii. \u00cen 2017 a debutat ca scriitoare cu cartea pentru copii <\/span><\/span><\/span><span style=\"color: #000000;\"><span style=\"font-family: DejaVuSans-Oblique, serif;\"><span style=\"font-size: medium;\"><i>Lampje <\/i><\/span><\/span><\/span><span style=\"color: #000000;\"><span style=\"font-family: DejaVuSans, serif;\"><span style=\"font-size: medium;\">[Mica Lamp\u0103]. Cartea a primit premiul Gouden Griffel [Golden Granger]. Ea a primit, de asemenea, toate premiile importante pe care le-ar fi putut c\u00e2\u0219tiga. <\/span><\/span><\/span><span style=\"color: #000000;\"><span style=\"font-family: DejaVuSans-Oblique, serif;\"><span style=\"font-size: medium;\"><i>De boom met het oor <\/i><\/span><\/span><\/span><span style=\"color: #000000;\"><span style=\"font-family: DejaVuSans, serif;\"><span style=\"font-size: medium;\">[Copacul cu ureche] a ap\u0103rut \u00een 2019.<\/span><\/span><\/span><\/p>\n<p><span style=\"color: #0000cd;\"><span style=\"font-family: DejaVuSans, serif;\"><span style=\"font-size: medium;\">[2] <\/span><\/span><\/span><span style=\"color: #000000;\"><span style=\"font-family: DejaVuSans, serif;\"><span style=\"font-size: medium;\">J. van Rijckenborgh, <\/span><\/span><\/span><span style=\"color: #0000cd;\"><span style=\"font-family: DejaVuSans-Oblique, serif;\"><span style=\"font-size: medium;\"><i>Gnoza egiptean\u0103 II<\/i><\/span><\/span><\/span><span style=\"color: #000000;\"><span style=\"font-family: DejaVuSans-Oblique, serif;\"><span style=\"font-size: medium;\"><i>, <\/i><\/span><\/span><\/span><span style=\"color: #000000;\"><span style=\"font-family: DejaVuSans, serif;\"><span style=\"font-size: medium;\">capitolul XXX, <\/span><\/span><\/span><span style=\"color: #000000;\"><span style=\"font-family: DejaVuSans-Oblique, serif;\"><span style=\"font-size: medium;\"><i>Hermes c\u0103tre Tat, <\/i><\/span><\/span><\/span><span style=\"color: #000000;\"><span style=\"font-family: DejaVuSans, serif;\"><span style=\"font-size: medium;\">versetele 20 \u0219i 21, <\/span><\/span><\/span><span style=\"color: #0000cd;\"><span style=\"font-family: DejaVuSans, serif;\"><span style=\"font-size: medium;\">Rozekruis Pers<\/span><\/span><\/span><span style=\"color: #000000;\"><span style=\"font-family: DejaVuSans, serif;\"><span style=\"font-size: medium;\">, Haarlem 2017<\/span><\/span><\/span><\/p>\n<p><span style=\"color: #0000cd;\"><span style=\"font-family: DejaVuSans, serif;\"><span style=\"font-size: medium;\">[3] <\/span><\/span><\/span><span style=\"color: #000000;\"><span style=\"font-family: DejaVuSans, serif;\"><span style=\"font-size: medium;\">J. van Rijckenborgh, <\/span><\/span><\/span><span style=\"color: #0000cd;\"><span style=\"font-family: DejaVuSans-Oblique, serif;\"><span style=\"font-size: medium;\"><i>Gnoza egiptean\u0103 I<\/i><\/span><\/span><\/span><span style=\"color: #000000;\"><span style=\"font-family: DejaVuSans, serif;\"><span style=\"font-size: medium;\">, capitolul IV, <\/span><\/span><\/span><span style=\"color: #000000;\"><span style=\"font-family: DejaVuSans-Oblique, serif;\"><span style=\"font-size: medium;\"><i>prima carte Pimander<\/i><\/span><\/span><\/span><span style=\"color: #000000;\"><span style=\"font-family: DejaVuSans, serif;\"><span style=\"font-size: medium;\">, versetul 73, <\/span><\/span><\/span><span style=\"color: #0000cd;\"><span style=\"font-family: DejaVuSans, serif;\"><span style=\"font-size: medium;\">Rozekruis Pers<\/span><\/span><\/span><span style=\"color: #000000;\"><span style=\"font-family: DejaVuSans, serif;\"><span style=\"font-size: medium;\">, Haarlem 2017<\/span><\/span><\/span><\/p>\n","protected":false},"author":923,"featured_media":56273,"template":"","meta":{"_acf_changed":false},"tags":[],"category_":[110109],"tags_english_":[],"class_list":["post-97517","logon_article","type-logon_article","status-publish","has-post-thumbnail","hentry","category_-spiritsoul-ro"],"acf":[],"_links":{"self":[{"href":"https:\/\/logon.media\/ro\/wp-json\/wp\/v2\/logon_article\/97517","targetHints":{"allow":["GET"]}}],"collection":[{"href":"https:\/\/logon.media\/ro\/wp-json\/wp\/v2\/logon_article"}],"about":[{"href":"https:\/\/logon.media\/ro\/wp-json\/wp\/v2\/types\/logon_article"}],"author":[{"embeddable":true,"href":"https:\/\/logon.media\/ro\/wp-json\/wp\/v2\/users\/923"}],"wp:featuredmedia":[{"embeddable":true,"href":"https:\/\/logon.media\/ro\/wp-json\/wp\/v2\/media\/56273"}],"wp:attachment":[{"href":"https:\/\/logon.media\/ro\/wp-json\/wp\/v2\/media?parent=97517"}],"wp:term":[{"taxonomy":"post_tag","embeddable":true,"href":"https:\/\/logon.media\/ro\/wp-json\/wp\/v2\/tags?post=97517"},{"taxonomy":"category_","embeddable":true,"href":"https:\/\/logon.media\/ro\/wp-json\/wp\/v2\/category_?post=97517"},{"taxonomy":"tags_english_","embeddable":true,"href":"https:\/\/logon.media\/ro\/wp-json\/wp\/v2\/tags_english_?post=97517"}],"curies":[{"name":"wp","href":"https:\/\/api.w.org\/{rel}","templated":true}]}}