{"id":90806,"date":"2020-07-26T17:46:24","date_gmt":"2020-07-26T17:46:24","guid":{"rendered":"https:\/\/logon.media\/logon_article\/tamaduire-sfintenie-sanatate-calea-catre-adevarata-sanatate-a-umanitatii\/"},"modified":"2020-07-26T17:46:24","modified_gmt":"2020-07-26T17:46:24","slug":"tamaduire-sfintenie-sanatate-calea-catre-adevarata-sanatate-a-umanitatii","status":"publish","type":"logon_article","link":"https:\/\/logon.media\/ro\/logon_article\/tamaduire-sfintenie-sanatate-calea-catre-adevarata-sanatate-a-umanitatii\/","title":{"rendered":"T\u0103m\u0103duire &#8211; Sfin\u021benie &#8211; S\u0103n\u0103tate: Calea c\u0103tre adev\u0103rata s\u0103n\u0103tate a umanit\u0103\u021bii"},"content":{"rendered":"<p><strong>Ideea divin\u0103 a Omului<\/strong><\/p>\n<p>\u00centregul Univers poate fi v\u0103zut ca un&nbsp; organism energetic divin plutitor \u0219i, \u00een acela\u0219i timp, o juc\u0103u\u0219\u0103 armonie altruist\u0103, incon\u0219tient\u0103 de sine \u00eens\u0103\u0219i, compus\u0103 din manifest\u0103ri \u0219i mi\u0219c\u0103ri ce nu sunt nici pe deplin \u201erele\u201d \u0219i nici complet \u201ebune\u201d. Acest lucru este demonstrat \u0219i de sferele cere\u0219ti contrar rotative ale sistemului nostru solar. &#8211; Punctul esen\u021bial al acestor pa\u0219nice fenomene antagonice, ce prin natura lor primar\u0103 sunt \u00een perfect\u0103 armonie, nu este un punct abstract \u00een univers, \u0219i totu\u0219i: este reprezentat de Om! &#8211; Cu alte cuvinte, Ideea divin\u0103 despre Om este \u00eentr-adev\u0103r punctul esen\u021bial al Lumii &#8211; la fel cum Eul personal este punctul esen\u021bial al microcosmosului s\u0103u uman (r\u0103d\u0103cina greac\u0103 a cuv\u00e2ntului <em>idee<\/em> reprezint\u0103 ceva pictural &#8211; o imagine: eidea \/ eidoV &#8211; eidea \/ eidos &#8211; idee \/ imagine). &#8211; De aceea, Lumea poart\u0103 numele de Cosmos: pentru c\u0103 este expresia perfect\u0103 a ordinii, puterii \u0219i frumuse\u021bii, desf\u0103\u0219urat\u0103 av\u00e2nd ca fundal o unic\u0103 bun\u0103tate atotcuprinz\u0103toare, iradiat\u0103 \u0219i impregnat\u0103 de Adev\u0103rul nezdruncinat, iubitor.<\/p>\n<p>Putem spune c\u0103 \u00eentreaga umanitate a timpului nostru a contractat o boal\u0103 \u00een care originea sa divin\u0103 a fost aproape complet abandonat\u0103. Acesta este efectul unei nes\u0103buite abateri&nbsp; de la armonia fundamental\u0103 a dinamicii macrocosmice, cosmice \u0219i microcosmice, denumit\u0103 \u0219i <em>Legea cauzei \u0219i a efectelor.<\/em><\/p>\n<p>Ast\u0103zi, aceast\u0103 dinamic\u0103 este \u00een general numit\u0103 Karma &#8211;&nbsp; considerat\u0103 de majoritatea oamenilor, din p\u0103cate, ca o for\u021b\u0103 de pedeaps\u0103 sau de r\u0103zbunare. \u00centradev\u0103r, Karma este divina Lege&nbsp; universal\u0103 a Iubirii ce men\u021bine&nbsp; nu doar echilibrul \u0219i armonia Cosmosului nostru, ci \u0219i a \u00eentregului Univers.<\/p>\n<p>Din p\u0103cate, umanitatea modern\u0103, at\u00e2ta timp c\u00e2t totul este bine, nu con\u0219tientizeaz\u0103 acest\u0103 armonie. O tulbur\u0103 constant iar apoi se pl\u00e2nge de consecin\u021bele inevitabil dureroase. Prin urmare, Ideea divin\u0103 despre Om nu prime\u0219te nicio hran\u0103 din partea&nbsp; con\u0219tiin\u021bei umane \u0219i, prin urmare, \u201efl\u0103m\u00e2nze\u0219te\u201d, devor\u00e2ndu-se pe sine, la fel ca \u00een cazul actualei infec\u021bii cu virusul Covid-19.[i]<\/p>\n<p>Cosmos, \u00een greac\u0103, \u00eenseamn\u0103 ordine, frumuse\u021be, podoab\u0103. Astfel, \u00een Corpus Hermeticum [ii] se spune c\u0103 voin\u021ba divin\u0103 \u0219i-a imaginat \u2013 a vizualizat &#8211; frumoasa Lume &#8211; mai \u00eent\u00e2i, ca o idee crea\u021bional\u0103 primar\u0103, devenit\u0103 apoi&nbsp; un univers manifestat material, cu interac\u021biuni indescriptibil de armonioase ale tuturor p\u0103r\u021bilor, speciilor \u0219i dimensiunilor \u00een afara sau \u00een cadrul spa\u021biului \u0219i timpului: <em>a crea \u00eenseamn\u0103 a modela.<\/em><\/p>\n<p>Geneza biblic\u0103 ne-a familiarizat deja cu conceptul. Zeii creatori au dorit s\u0103 genereze o \u201eimagine \u0219i asem\u0103nare\u201d cu ei \u00een\u0219i\u0219i. &#8211; De ce asta? &#8211; Pentru c\u0103 fiecare creator dore\u0219te s\u0103 poat\u0103 fi recunoscut \u0219i astfel s\u0103 fie cunoscut &#8211; \u0219i s\u0103 se \u00eenmul\u021beasc\u0103. Aceast\u0103 \u201eimagine \u0219i asem\u0103nare\u201d, \u00een primul r\u00e2nd, este Universul, \u00een al doilea r\u00e2nd Spa\u021biul cosmic vital \u0219i, \u00een al treilea r\u00e2nd, Omul. Am putea spune, de asemenea: Universul este haina manifestat\u0103 a eternei invizibile Dumnezeiri, inexplicabil\u0103 \u0219i de neconceput, dar, prin manifest\u0103rile sale cunoscut\u0103 oricui ce, cu seriozitate \u0219i bun\u0103 credin\u021b\u0103, se angajeaz\u0103 \u00eentr-o c\u0103utare devo\u021bional\u0103 de a cunoa\u0219te aceast\u0103 for\u021b\u0103 interioar\u0103.<\/p>\n<p><strong>\u00cen\u021belege\u021bi ideea \u0219i \u00eembra\u021bi\u0219a\u021bi-o<\/strong><\/p>\n<p>Deci, motivul existen\u021bei Omului \u00een acest Univers nu este doar de a se \u00eenmul\u021bi \u0219i de a domina P\u0103m\u00e2ntul (Geneza 1 \u0219i 2), ci \u00een principal, s\u0103 devin\u0103 similar cu Dumnezeu, a\u0219a cum a fost prezis de \u0218arpele din Geneza 3. Condi\u021bia legat\u0103 de dob\u00e2ndirea cuno\u0219tin\u021belor&nbsp; \u201evei muri prin moarte\u201d&nbsp; nu este o pedeaps\u0103, ci o prim\u0103 Gra\u021bie (Bun\u0103voin\u021b\u0103): F\u0103r\u0103 \u201emoarte\u201d corporal\u0103 \u0219i o \u201epauz\u0103\u201d ulterioar\u0103 pentru procesarea bagajului de experien\u021be colectate \u00een timpul unei vie\u021bi fizice, sufletul nu ar putea s\u0103 \u00eenve\u021be \u0219i, prin urmare, nu ar putea cre\u0219te c\u0103tre cel mai \u00eenalt scop al s\u0103u &#8211; atot\u0219tiin\u021ba \u0219i con\u0219tiin\u021ba total\u0103 \u2013 devenind astfel asem\u0103n\u0103tor cu Dumnezeu: Acesta este singurul mod \u00een care &#8211; a\u0219a cum a spus-o at\u00e2t de corect cineva: \u201eOmul poate progresa dintr-o particul\u0103 anonim\u0103 a unei&nbsp; colectivit\u0103\u021bi, pentru atingerea autorealiz\u0103rii individuale a Vie\u021bii, trezindu-se astfel la o con\u0219tientizare tot mai mare. \u201d \u2013<\/p>\n<p>Universul vizibil este astfel haina, \u0219i \u00een acela\u0219i timp un Compendiu, al Dumnezeirii. Omul este totu\u0219i un compendiu\/rezumat al Cosmosului &#8211; de aceea este numit Micro-Cosmos. &#8211; \u0218i c\u00e2t de mult \u00een\u021belegem, noi oamenii, despre aceast\u0103 \u201emic\u0103 lume\u201d? Aproape nimic &#8211; \u00een ciuda zborului spa\u021bial \u0219i a microscoapelor electronice!<\/p>\n<p>\u00cen acest punct, trebuie subliniat un fapt important: Fiecare \u201elucru\u201d ori \u201efiin\u021b\u0103\u201d manifest\u0103, exist\u0103 \u00een primul r\u00e2nd ca idee pur\u0103 &#8211; Duh pur. Aceast\u0103 idee, de cele mai multe ori \u00een timp, rareori \u00eentr-o clipire, cap\u0103t\u0103 o form\u0103 eteric\u0103, care apoi se densific\u0103 treptat p\u00e2n\u0103 c\u00e2nd a rezultat o form\u0103 de manifestare fizic\u0103 \u0219i \u00een cele din urm\u0103 material\u0103. &#8211; Universul, astfel, este o manifestare fizic\u0103, sau chiar material\u0103, a celei mai mari Idei-Forme a lui Dumnezeu: at\u00e2t de mare \u00eenc\u00e2t suntem incapabili s\u0103 o \u00een\u021belegem. Lao-Tse \u00een Tao-Te-King afirm\u0103 \u00een aforismul nr. 41: \u201e Un imens de lut are nevoie de mult timp pentru a fi modelat. Cu greu se aude un sunet foarte&nbsp; profund. Cel mai mare elefant nu poate fi comparat cu nimic &#8230; \u201d[iii]<\/p>\n<p>Divina Idee despre Om este cea mai minunat\u0103 minune din cadrul \u201eideii-minune numit\u0103 Univers\u201d, ne\u00een\u021beleg\u0103toare \u0219i la \u00eenceput pur spiritual\u0103! \u0218i cea mai mare minune din aceast\u0103 manifestare este &#8211; sau a fost ini\u021bial &#8211; aceast\u0103 manifestare fizic\u0103 numit\u0103 Om care, \u00een plus, a fost \u00eenzestrat cu cele mai \u00eenalte calit\u0103\u021bi \u0219i puteri asem\u0103n\u0103toare zeului: Prin \u00een\u021belegerea sa, capacit\u0103\u021bile sale intelectuale \u0219i puterea sa creatoare, el difer\u0103 alte creaturi, ca al cincilea t\u0103r\u00e2m dincolo de cele patru \u201ebine cunoscute\u201d: regatele elementelor, ale mineralelor, ale plantelor \u0219i ale animalelor. Cu toate acestea, poten\u021bialul s\u0103u distinctiv este abilitatea sa de a dezvolta o Con\u0219tiin\u021b\u0103 \u00eenalt\u0103. Acesta este germenul din care este destinat s\u0103 devin\u0103 divin.&nbsp;&nbsp;&nbsp;<\/p>\n<p><strong>O minune \u00een ruine <\/strong><\/p>\n<p>Dar vai! Omul a degenerat complet de la acest statut divin, privilegiat, pentru c\u0103 \u0219i-a neglijat darurile, respectiv le-a folosit \u0219i le folose\u0219te \u00eenc\u0103 \u00eempotriva scopului lor ini\u021bial: El \u0219i-a l\u0103sat corpul s\u0103 se atrofieze prin nutri\u021bie nenaturale \u0219i a lene fizic\u0103; sufletul \u0219i spiritul \u0219i le-a schilodit prin g\u00e2nduri negative, perversiune emo\u021bional\u0103, psihoze de angoas\u0103 \u0219i lips\u0103 de cunoa\u0219tere. Ast\u0103zi, unde sunt acele m\u0103rturii ale poeziei pline de elan, ale muzicii corespunz\u0103toare, ale operelor de art\u0103 inspiratoare ? &#8211; Unde c\u00e2nt\u0103m c\u00e2ntece binecunoscute \u00eempreun\u0103, unde memor\u0103m poezii \u0219i balade? &#8211; Unde e comoara miturilor \u0219i basmelor &#8211; sau cel pu\u021bin cultivarea unui c\u0103min \u00eentr-un elevat&nbsp; stil estetic?&nbsp;&nbsp;&nbsp;&nbsp;&nbsp;&nbsp;&nbsp;&nbsp;&nbsp;&nbsp;&nbsp;&nbsp;&nbsp;&nbsp;&nbsp;&nbsp;&nbsp;&nbsp;&nbsp;&nbsp;&nbsp;&nbsp;&nbsp;&nbsp;&nbsp;&nbsp;&nbsp;&nbsp;&nbsp;&nbsp;&nbsp;&nbsp;&nbsp;&nbsp;&nbsp;&nbsp;&nbsp;&nbsp;&nbsp;&nbsp;&nbsp;&nbsp;&nbsp;&nbsp;&nbsp;&nbsp;&nbsp;&nbsp;&nbsp;&nbsp;&nbsp;&nbsp;&nbsp;&nbsp;&nbsp;&nbsp;&nbsp;&nbsp;&nbsp;&nbsp;&nbsp;&nbsp;&nbsp;&nbsp;&nbsp;&nbsp;&nbsp;&nbsp;&nbsp;&nbsp;&nbsp;&nbsp;&nbsp;&nbsp;&nbsp;&nbsp;&nbsp;&nbsp;&nbsp;&nbsp;&nbsp;&nbsp;&nbsp;&nbsp;&nbsp;&nbsp;&nbsp;&nbsp;&nbsp;&nbsp;&nbsp;&nbsp;&nbsp;&nbsp;&nbsp;&nbsp;&nbsp;&nbsp;&nbsp;&nbsp;&nbsp;&nbsp;&nbsp;&nbsp;&nbsp;&nbsp;&nbsp;&nbsp;&nbsp;&nbsp;&nbsp;&nbsp;&nbsp;&nbsp;&nbsp;&nbsp;&nbsp;&nbsp;&nbsp;&nbsp;&nbsp;&nbsp;&nbsp;&nbsp;&nbsp;<\/p>\n<p>\u0218i unde e cea mai distinct\u0103 posesie a Omului: ra\u021biunea, g\u00e2ndirea creatoare \u0219i con\u0219tiin\u021ba supraomeneasc\u0103? &#8211; Sunt distruse de institu\u021biile oficiale, \u00een mod sistematic \u0219i metodic, de la cea mai fraged\u0103 copil\u0103rie p\u00e2n\u0103 la morm\u00e2nt: \u00een \u0219coli \u0219i universit\u0103\u021bi, \u00een politic\u0103 \u0219i economie, prin medicina care distruge s\u0103n\u0103tatea \u0219i vaccinurile sale mortale \u0219i prin mass-media \u0219i comunicarea \u00een mas\u0103 ce sufoc\u0103 sufletul !<\/p>\n<p>De ce specific\u0103m aceast\u0103 ru\u0219ine \u00een toate detaliile ei? Deoarece toate aceste otr\u0103vuri, toat\u0103 aceast\u0103 suprimare a bun\u0103st\u0103rii adev\u0103rate \u0219i a s\u0103n\u0103t\u0103\u021bii reale, sunt experimentate nu doar de indivizii umani &#8211; nu numai de colectivitatea \u00eenc\u0103 vindecabil\u0103 a Omului, ci la nivel global de \u00eentreaga Idee divin\u0103 universal\u0103 despre Om, din care s-a manifestat fizic Omenirea tr\u0103ind cu adev\u0103rat, la fel ca un copil pe s\u00e2nul mamei sale &#8211; de\u0219i f\u0103r\u0103 s\u0103 fie con\u0219tient de asta. Astfel, fiin\u021ba vie P\u0103m\u00e2nt sufer\u0103 intens, cu toate cele \u0219apte \u201emembre\u201d ale existen\u021bei sale &#8211; material, eteric \u0219i spiritual &#8211; torturate de o umanitate f\u0103r\u0103 sens, mai mult dec\u00e2t poate suporta! Iar avertismentul vizibil, sensibil \u0219i cel mai suprem al P\u0103m\u00e2ntului astfel chinuit, este boala fizic\u0103 a Umanit\u0103\u021bii ca o proiec\u021bie a suferin\u021bei sale mentale \u0219i spirituale &#8211; de exemplu pandemia numit\u0103 Covid.<\/p>\n<p>Observa\u021bia noastr\u0103, care a dus la acest&nbsp; sumbru nadir, ne determin\u0103, spontan, s\u0103 ne \u00eentreb\u0103m: \u201eExist\u0103 vreun remediu pentru aceast\u0103 fiin\u021b\u0103 vie grav r\u0103nit\u0103, numit\u0103 P\u0103m\u00e2nt? &#8211; Ce poate face un individ &#8211; ce trebuie s\u0103 fac\u0103 colectivitatea &#8211; \u00een g\u00e2nduri, sentimente \u0219i ac\u021biuni, astfel \u00eenc\u00e2t &#8211; respect\u00e2nd legile care leag\u0103 Spiritul \u0219i Materia &#8211; s\u0103 poat\u0103 avea loc o schimbare pozitiv\u0103? \u201d &#8211;<\/p>\n<p><strong>Conversie inteligent\u0103 <\/strong><\/p>\n<p>R\u0103spunsul este&nbsp; incomod pentru majoritatea dintre noi: Da, exist\u0103 o posibil\u0103 m\u00e2ntuire p\u00e2n\u0103 \u00een ultimul moment &#8211; ca \u00een relatarea biblic\u0103 a lui Loth \u0219i a familiei sale. Dar necesit\u0103 o conversie mental\u0103 clar\u0103 a c\u00e2t mai multor oameni &#8211; de la o mentalitate nes\u0103n\u0103toas\u0103 la una s\u0103n\u0103toas\u0103: Mentalitate &#8211; aceasta provine din termenul latin Mens, din care deriv\u0103 \u0219i cuv\u00e2ntul Uman &#8211; adic\u0103 om p\u0103m\u00e2ntesc. Iar aceasta include Spiritul \u0219i Mintea.<\/p>\n<p>Mintea este sursa din ar trebui s\u0103 se&nbsp; inspire orice om s\u0103n\u0103tos &#8211; dac\u0103 ar putea cre\u0219te \u00een el suficient\u0103 ap\u0103 sufleteasc\u0103, suficient aer al spiritului \u0219i suficient foc al con\u0219tiin\u021bei, a\u0219a cum era destul de firesc \u00een Evul Mediu \u0219i a\u0219a cum a fost sus\u021binut \u00een timpul Rena\u0219terii cu universit\u0103\u021bile sale! &#8211; Este acea mentalitate, din care au ap\u0103rut toate inven\u021biile, toate descoperirile \u0219i toate acele monumente ale existen\u021bei umane creative &#8211; \u00een muzic\u0103, arte plastice, poezie \u0219i a\u0219a mai departe: tr\u0103g\u00e2ndu-\u0219i abundenta sev\u0103 dintr-o energie germinativ\u0103 con\u0219tient\u0103 de sine, \u00eenflorind prin cre\u0219terea fanteziei \u0219i intui\u021bie, p\u00e2rguit\u0103 prin cercet\u0103ri \u0219i medita\u021bii fecunde: crea\u021bii umane de dimensiuni cu adev\u0103rat divine provenite din devo\u021biunea uit\u0103rii de sine \u00een favoarea crea\u021biei. Procesul dinamic a fost partea esen\u021bial\u0103, opera rezultat\u0103 a fost consecin\u021ba legitim\u0103, \u201ecreatorul\u201d acesteia fiind slujitorul f\u0103r\u0103 nume al am\u00e2ndurora.<\/p>\n<p>Dar, mai apoi, aceast\u0103 mentalitate creativ\u0103 a degenerat: Eul individului, aceast\u0103 dinamic\u0103 personal\u0103 liber\u0103, s-a pr\u0103bu\u0219it pentru a deveni voin\u021ba auto-productiv\u0103 a Inteligen\u021bei Artificiale:<\/p>\n<p><em>\u201eAbilit\u0103\u021bile omului sunt nelimitate, doar dac\u0103 el o dore\u0219te cu adev\u0103rat!\u201d<\/em>, a afirmat scriitorul elve\u021bian Gottfried Keller (1819-1890) \u0219i avea dreptate; at\u00e2ta doar c\u0103&nbsp; el n-a mai spus \u0219i c\u0103 aceast\u0103 voin\u021b\u0103 este o sabie cu dou\u0103 t\u0103i\u0219uri: folosit\u0103 cu inteligen\u021b\u0103 \u0219i \u00een\u021belepciune, \u00eel ajut\u0103 pe om s\u0103 realizeze fapte de cel mai \u00eenalt nivel. &#8211; Dar f\u0103r\u0103 \u00eenveli\u0219ul unei&nbsp; con\u0219tiin\u021be corespunz\u0103toare, ea duce la cea mai profund\u0103 pierzare. &#8211; Oarba ambi\u021bie \u0219i obsesia pentru eficien\u021b\u0103, posibilitatea de a realiza ceea ce cineva dore\u0219te cu adev\u0103rat, l-a adus pe om s\u0103 cread\u0103 \u00een \u00eenalta \u201ecunoa\u0219tere\u201d academic\u0103 &#8211; o cunoa\u0219tere obligat\u0103 s\u0103 r\u0103m\u00e2n\u0103 \u00eentotdeauna pe jum\u0103tate adev\u0103r \u0219i inactiv, at\u00e2ta timp c\u00e2t con\u0219tiin\u021ba uman\u0103 nu p\u0103streaz\u0103 ritmul cu posibilit\u0103\u021bi mentale superioare: numai con\u0219tiin\u021ba este cheia pentru \u00eentoarcerea la adev\u0103rata bun\u0103stare &#8211; la s\u0103n\u0103tatea real\u0103 a Umanit\u0103\u021bii \u0219i, astfel, la o s\u0103n\u0103tate re\u00eennoit\u0103 a ideii cosmic divine a Omului!<\/p>\n<p>Totu\u0219i, care ar putea fi cea mai \u00eenalt\u0103 con\u0219tiin\u021b\u0103 pe care omul este capabil s\u0103 o ating\u0103, sau mai bine zis, pe care omenirea trebuie s\u0103 o dob\u00e2ndeasc\u0103? Este con\u0219tiin\u021ba acelei puteri divine divine pe care mae\u0219trii \u00cen\u021belepciunii din toate timpurile au numit-o Iubire \u0219i care pentru Lumea de azi, independent de istorie, cultur\u0103, ras\u0103 ori credin\u021be religioase, e&nbsp; \u00eentrupat\u0103 de Hristos. Aceasta este For\u021ba Iubirii pure a Dumnezeului suprem: este la fel pentru to\u021bi oamenii din toat\u0103 lumea \u0219i poate fi (\u0219i chiar trebuie s\u0103 fie!)&nbsp; realizat\u0103 doar de oamenii con\u0219tien\u021bi. Iar acest lucru este complet independent de faptul c\u0103 pandemia real\u0103 a izbucnit artificial sau natural &#8211; de bun\u0103voie sau din gre\u0219eal\u0103: a putut, \u0219i a trebuit, s\u0103 izbucneasc\u0103 pentru c\u0103 Ideea Cosmic\u0103 despre Om s-a erodat din interior &#8211; \u00eencep\u00e2nd de la umanitatea fizic\u0103 &#8211; dup\u0103 cum, \u00een acela\u0219i mod, un virus \u00ee\u0219i devoreaz\u0103 victima din interiorul acestuia. F\u0103r\u0103 o con\u0219tiin\u021b\u0103 cuprinz\u0103toare demn\u0103 de a fi purta acest nume, omenirea nu poate dec\u00e2t s\u0103 se devoreze din interior. Dar acest lucru ar \u00eensemna c\u0103 punctul pivot ori axa, Omul, ar trebui s\u0103 se transforme \u00een nimic \u0219i, prin urmare, planeta P\u0103m\u00e2nt ar trebui s\u0103 fie scoas\u0103 din uz. Ca o ultim\u0103 consecin\u021b\u0103, ea ar trebui s\u0103 se autodizolve,devenind, mai \u00eent\u00e2i, un nor eteric,iar mai apoi o estompat\u0103, ori, din contr\u0103, o&nbsp; \u201eIdeea primordial\u0103\u201d fundamental nou\u0103.<\/p>\n<p>Iar dac\u0103 Omul g\u0103se\u0219te calea ce duce la respectiva \u00eenalt\u0103 con\u0219tiin\u021b\u0103, acum, \u00eentreaga Umanitate va fi ridicat\u0103 la un nou nivel &#8211; un nivel imaginabil azi doar de c\u0103tre foarte pu\u021bini. Aceast\u0103 Umanitate re\u00eennoit\u0103 va integra Duhul \u0219i sufletul \u00een manifestarea sa fizic\u0103 \u0219i va \u021bese, de asemenea, \u00een existen\u021ba sa s\u0103n\u0103toas\u0103 atunci adev\u0103rata con\u0219tiin\u021b\u0103 a Hristosului universal. Aceast\u0103 putere vindec\u0103toare \u0219i sacr\u0103 va deschide apoi noi dimensiuni ale g\u00e2ndirii \u0219i sentimentelor, ale imagina\u021biei \u0219i inspira\u021biei \u00een liberul arbitru \u0219i \u00een libertate, conduc\u00e2nd umanitatea actual brutal\u0103 p\u00e2n\u0103 \u00een punctul de a merita \u00een cele din urm\u0103 numele de Om!<\/p>\n<p>\u00cen ceea ce prive\u0219te ziua de ast\u0103zi, nu putem s\u0103 nu ajut\u0103m Ideea Omului s\u0103 \u00ee\u0219i ocupe spa\u021biul cuvenit \u00een \u00een\u021belegerea celor Mul\u021bi, ca un embrion \u00een p\u00e2ntecele mamei sale, maturiz\u0103du-se pentru a deveni adev\u0103rata con\u0219tiin\u021b\u0103 a Omului. Mai presus de toate, trebuie s\u0103 sper\u0103m c\u0103, atunci c\u00e2nd multiplele efecte ale pandemiei numite Covid vor da loc vie\u021bii sociale din nou, lec\u021bia va fi poate \u00eenv\u0103\u021bat\u0103 \u0219i nu \u00eenecat\u0103 de sloganul \u201e\u00cenapoi la normal\u201d &#8211; adic\u0103 \u201e\u00cenapoi la incon\u0219tien\u021b\u0103, ca de obicei! \u201d Veacurile de egocentricitate vor fi sf\u00e2r\u0219it atunci, astfel \u00eenc\u00e2t radia\u021bia uman\u0103 divin\u0103 a unei comunit\u0103\u021bi cu adev\u0103rat umane (a\u0219a cum a fost \u201ela \u00eenceput\u201d) s\u0103 \u00eenfloreasc\u0103 printr-o nou\u0103 armonie \u00eentr-o nou\u0103 rob\u0103 \u0219i \u00eentr-o nou\u0103 con\u0219tiin\u021b\u0103 a lui Dumnezeu, Cosmos \u0219i omenirea adev\u0103rat\u0103!<\/p>\n<p><sub>[i] Vezi Max Heindel: Principiile oculte ale s\u0103n\u0103t\u0103\u021bii \u0219i vindec\u0103rii. <\/sub><\/p>\n<p><sub>[ii] Corpus Hermeticum, Traducerea \u00een latin\u0103 de Marsilio Ficino (1468) \u00een incunabulul s\u0103u din 1503, acum \u00een facsimil. Traducere text \u0219i german\u0103, ambele pe pagini opuse; ilustrat. &#8211; ISBN: 9783-952 4262 41. <\/sub><\/p>\n<p><sub>[iii] Lao-Tse: Dao-De-Ging (Tao-Te-King) &#8211; Die Gnosis im Alten China. &#8211; Traducere din chinez\u0103 \u00een german\u0103, explicat\u0103 pentru timpul nostru pe trei nivele \u0219i cu c\u00e2teva note realizate de Pierre Martin.&nbsp; &nbsp;&nbsp;<\/sub><\/p>\n","protected":false},"author":920,"featured_media":9673,"template":"","meta":{"_acf_changed":false},"tags":[],"category_":[110109],"tags_english_":[],"class_list":["post-90806","logon_article","type-logon_article","status-publish","has-post-thumbnail","hentry","category_-spiritsoul-ro"],"acf":[],"_links":{"self":[{"href":"https:\/\/logon.media\/ro\/wp-json\/wp\/v2\/logon_article\/90806","targetHints":{"allow":["GET"]}}],"collection":[{"href":"https:\/\/logon.media\/ro\/wp-json\/wp\/v2\/logon_article"}],"about":[{"href":"https:\/\/logon.media\/ro\/wp-json\/wp\/v2\/types\/logon_article"}],"author":[{"embeddable":true,"href":"https:\/\/logon.media\/ro\/wp-json\/wp\/v2\/users\/920"}],"wp:featuredmedia":[{"embeddable":true,"href":"https:\/\/logon.media\/ro\/wp-json\/wp\/v2\/media\/9673"}],"wp:attachment":[{"href":"https:\/\/logon.media\/ro\/wp-json\/wp\/v2\/media?parent=90806"}],"wp:term":[{"taxonomy":"post_tag","embeddable":true,"href":"https:\/\/logon.media\/ro\/wp-json\/wp\/v2\/tags?post=90806"},{"taxonomy":"category_","embeddable":true,"href":"https:\/\/logon.media\/ro\/wp-json\/wp\/v2\/category_?post=90806"},{"taxonomy":"tags_english_","embeddable":true,"href":"https:\/\/logon.media\/ro\/wp-json\/wp\/v2\/tags_english_?post=90806"}],"curies":[{"name":"wp","href":"https:\/\/api.w.org\/{rel}","templated":true}]}}