{"id":99321,"date":"2023-01-18T00:24:51","date_gmt":"2023-01-18T00:24:51","guid":{"rendered":"https:\/\/logon.media\/logon_article\/o-passado-e-uma-roupa-que-nao-serve-mais\/"},"modified":"2024-05-20T22:11:15","modified_gmt":"2024-05-20T22:11:15","slug":"o-passado-e-uma-roupa-que-nao-serve-mais","status":"publish","type":"logon_article","link":"https:\/\/logon.media\/pt-br\/logon_article\/o-passado-e-uma-roupa-que-nao-serve-mais\/","title":{"rendered":"O Passado \u00e9 uma Roupa que N\u00e3o Serve Mais"},"content":{"rendered":"<p><strong>Voc\u00ea prefere ouvir este artigo?<\/strong><\/p>\n<!--[if lt IE 9]><script>document.createElement('audio');<\/script><![endif]-->\n<audio class=\"wp-audio-shortcode\" id=\"audio-99321-1\" preload=\"none\" style=\"width: 100%;\" controls=\"controls\"><source type=\"audio\/mpeg\" src=\"https:\/\/logon.media\/wp-content\/uploads\/2024\/05\/O-Passado-e-uma-roupa-que-nao-serve-mais.mp3?_=1\" \/><a href=\"https:\/\/logon.media\/wp-content\/uploads\/2024\/05\/O-Passado-e-uma-roupa-que-nao-serve-mais.mp3\">https:\/\/logon.media\/wp-content\/uploads\/2024\/05\/O-Passado-e-uma-roupa-que-nao-serve-mais.mp3<\/a><\/audio>\n<p>Em um momento de sil\u00eancio em minha casa escuto um carro passando com um som alto. A m\u00fasica \u00e9 familiar.<\/p>\n<p>&#8220;Voc\u00ea n\u00e3o sente e nem v\u00ea, mas eu n\u00e3o posso deixar de dizer, meu amigo, que uma nova mudan\u00e7a em breve vai acontecer. E o que h\u00e1 algum tempo era novo, jovem, hoje \u00e9 antigo, e precisamos todos rejuvenescer.&#8221;<\/p>\n<p>Esse trecho da can\u00e7\u00e3o Velha Roupa Colorida, escrita em 1976 pelo cantor e compositor brasileiro Belchior, \u00e9 muito ressonante hoje em mim. O tempo pode ser t\u00e3o relativo! E nesse mundo veloz em que vivemos, em que tudo muda rapidamente, a m\u00fasica me faz refletir sobre o tempo que desperdi\u00e7amos brigando uns com os outros.<\/p>\n<p>Atacamos o outro por diverg\u00eancia de valores, defendemos acirradamente nossos pr\u00f3prios interesses. Se pensarmos que por a\u00ed se mata um semelhante por ter religi\u00e3o, orienta\u00e7\u00e3o sexual ou cor da pele diferentes\u2026 Que loucura! E a\u00ed, de vez em quando, surgem palavras como as da m\u00fasica, que soam como gongos me mostrando a tolice de perdermos nosso tempo a discutir; nosso t\u00e3o precioso tempo de vida&#8230;<\/p>\n<p>Subjetivamente, a m\u00fasica fala que n\u00e3o h\u00e1 perman\u00eancia, n\u00e3o h\u00e1 estabilidade. A nossa rigidez \u00e9 despeda\u00e7ada pela velocidade das transforma\u00e7\u00f5es. N\u00f3s mesmos s\u00f3 estamos de passagem.<\/p>\n<p>Se conseguirmos parar e olhar para dentro, podemos ver o quanto somos apegados, grudados, identificados \u00e0s nossas opini\u00f5es, modos de fazer. E que vivemos do passado, identificados \u00e0s mem\u00f3rias e orgulhosos delas. Na posse das nossas cristalizadas &#8220;experi\u00eancias valiosas&#8221;, dizemos aos mais jovens: &#8211; Escute a voz da experi\u00eancia!<\/p>\n<p>Mas n\u00f3s n\u00e3o percebemos que podemos nos apegar a uma pequena parte do espectro da nossa vis\u00e3o limitada e consider\u00e1-la como o todo, como verdade absoluta.<\/p>\n<p>As nossas opini\u00f5es s\u00e3o fortalecidas nos grupos com que nos identificamos e s\u00e3o viciadas pelos algoritmos, moldando, assim, a nossa &#8220;vis\u00e3o correta&#8221; de mundo.<\/p>\n<p>E em posse de todo nosso bravo ativismo, temos a mania de querer mostrar ao outro como estamos corretos. Na esperan\u00e7a de, quem sabe assim, conquistarmos mais um membro para o clube. Como se todos fossem obrigados a pensar da mesma maneira.<\/p>\n<p>Se nos abrirmos para ouvir outras opini\u00f5es, outras formas de ver o mundo, com a compreens\u00e3o de que, como humanos, somos imperfeitos, poder\u00edamos nos aproximar do outro desprovido de concretos armados de ideologias e cren\u00e7as, e com uma for\u00e7a nova, a for\u00e7a sutil e poderosa da compaix\u00e3o. E nessas trocas poder\u00edamos entender mais o outro e ampliar a nossa vis\u00e3o. Quem n\u00e3o se apega a opini\u00f5es est\u00e1 aberto a ampliar as suas perspectivas.<\/p>\n<p>A verdade \u00e9 muito ampla e talvez nenhum de n\u00f3s consiga conceb\u00ea-la de maneira completa. Por muito tempo, grande parte da humanidade compartilhou cren\u00e7as que hoje em dia s\u00e3o motivo de vergonha. A escravid\u00e3o \u00e9 um desses marcantes exemplos. Muitos acreditavam que ela era justa, e at\u00e9 mesmo necess\u00e1ria para a economia mundial quando, na verdade, denuncia nossa flagrante e primitiva consci\u00eancia egoc\u00eantrica, ou seja, com foco centrado em n\u00f3s mesmos. Ser\u00e1 que atualmente acreditamos em verdades que precisam ser abandonadas para criarmos um mundo mais justo?<\/p>\n<p>\u00c9 importante que duvidemos das nossas cren\u00e7as. Apenas quando n\u00e3o estamos completamente apegados \u00e0s nossas vis\u00f5es de mundo, podemos ter um vislumbre de outras possibilidades e, quem sabe, ampliar nossa compreens\u00e3o.<\/p>\n<p>Essa \u00e9 a base de qualquer evolu\u00e7\u00e3o. \u00c9 como subir uma escada. Para chegar no topo, precisamos abandonar progressivamente os degraus que nos davam apoio e, \u00e0 medida que galgamos novos degraus, temos uma vis\u00e3o mais ampla. A verdade \u00fanica s\u00f3 pode acontecer se vier por meio de uma mudan\u00e7a fundamental em cada um, abandonando o egocentrismo para uma consci\u00eancia universal que tudo une.<\/p>\n<p>A sa\u00edda pode estar na transforma\u00e7\u00e3o interna. Escalar esta vida desviando de qualquer opini\u00e3o empedrada, deixando as verdades r\u00edgidas rolarem abaixo, abrindo m\u00e3o dos apegos que pesam na subida. E aos poucos, cansados, ir sentindo o ar puro, livre de disputa, acima de competi\u00e7\u00f5es. Aos poucos, ir notando que j\u00e1 estamos trilhando um caminho de ess\u00eancia completamente diferente, que nossas roupas n\u00e3o nos servem mais. Nem n\u00f3s mesmos reconhecemos quem \u00e9ramos, nossa alma est\u00e1 renovada.<\/p>\n<p>\u00c9 um sonho? N\u00e3o. N\u00e3o podemos visualizar verdade alguma com as garras do apego, mas sim com a humildade de um errante, de um ser limitado. Essa \u00e9 a alma de um jovem, n\u00e3o importa que idade tenha. Essa \u00e9 a fluidez da percep\u00e7\u00e3o de um aprendiz que absorve tudo ao seu redor.<\/p>\n<p>A verdadeira raz\u00e3o \u00e9 a que abre m\u00e3o de estar certo perante os outros. Uma conviv\u00eancia harm\u00f4nica vale mais do que mil argumentos vencidos.<\/p>\n<p>Nossa passagem por este mundo \u00e9 breve. \u00c9 tolice desperdi\u00e7ar nosso tempo no embate. Nosso tempo \u00e9 para descobrirmos um novo caminho para outro tipo de vida. Talvez assim pensasse Belchior. Lembro do trecho de outra m\u00fasica, Conhe\u00e7o Meu Lugar, em que ele expressa essa ideia:<\/p>\n<p>\u201cO que \u00e9 que pode fazer o homem comum neste presente instante se n\u00e3o sangrar, tentar inaugurar a vida comovida, inteiramente livre e triunfante?\u201d<\/p>\n<p>\u00c9 uma escolha entre viver apegado \u00e0s nossas cren\u00e7as antigas e solit\u00e1rias ou aberto ao novo como uma crian\u00e7a.<\/p>\n","protected":false},"author":609,"featured_media":98674,"template":"","meta":{"_acf_changed":false},"tags":[],"category_":[110108],"tags_english_":[],"class_list":["post-99321","logon_article","type-logon_article","status-publish","has-post-thumbnail","hentry","category_-spiritsoul-pt-br"],"acf":[],"_links":{"self":[{"href":"https:\/\/logon.media\/pt-br\/wp-json\/wp\/v2\/logon_article\/99321","targetHints":{"allow":["GET"]}}],"collection":[{"href":"https:\/\/logon.media\/pt-br\/wp-json\/wp\/v2\/logon_article"}],"about":[{"href":"https:\/\/logon.media\/pt-br\/wp-json\/wp\/v2\/types\/logon_article"}],"author":[{"embeddable":true,"href":"https:\/\/logon.media\/pt-br\/wp-json\/wp\/v2\/users\/609"}],"wp:featuredmedia":[{"embeddable":true,"href":"https:\/\/logon.media\/pt-br\/wp-json\/wp\/v2\/media\/98674"}],"wp:attachment":[{"href":"https:\/\/logon.media\/pt-br\/wp-json\/wp\/v2\/media?parent=99321"}],"wp:term":[{"taxonomy":"post_tag","embeddable":true,"href":"https:\/\/logon.media\/pt-br\/wp-json\/wp\/v2\/tags?post=99321"},{"taxonomy":"category_","embeddable":true,"href":"https:\/\/logon.media\/pt-br\/wp-json\/wp\/v2\/category_?post=99321"},{"taxonomy":"tags_english_","embeddable":true,"href":"https:\/\/logon.media\/pt-br\/wp-json\/wp\/v2\/tags_english_?post=99321"}],"curies":[{"name":"wp","href":"https:\/\/api.w.org\/{rel}","templated":true}]}}