{"id":92141,"date":"2021-10-25T11:29:34","date_gmt":"2021-10-25T11:29:34","guid":{"rendered":"https:\/\/logon.media\/logon_article\/o-caminho-que-leva-a-nova-consciencia\/"},"modified":"2025-01-02T10:50:04","modified_gmt":"2025-01-02T10:50:04","slug":"o-caminho-que-leva-a-nova-consciencia","status":"publish","type":"logon_article","link":"https:\/\/logon.media\/pt-br\/logon_article\/o-caminho-que-leva-a-nova-consciencia\/","title":{"rendered":"O caminho que leva \u00e0 nova consci\u00eancia"},"content":{"rendered":"<p><iframe title=\"Spotify Embed: #62 O caminho que leva \u00e0 nova consci\u00eancia\" style=\"border-radius: 12px\" width=\"100%\" height=\"152\" frameborder=\"0\" allowfullscreen allow=\"autoplay; clipboard-write; encrypted-media; fullscreen; picture-in-picture\" loading=\"lazy\" src=\"https:\/\/open.spotify.com\/embed\/episode\/4gAiobYSUDd6JOSdkwaCjP?si=nYuK0NQ2Q4ShhwebmXCeoA&amp;utm_source=oembed\"><\/iframe><\/p>\n<p class=\"text-align-justify\" dir=\"ltr\">O in\u00edcio da senda espiritual \u00e9 frequentemente marcado por uma profunda inquieta\u00e7\u00e3o. Uma sensa\u00e7\u00e3o inc\u00f4moda de se encontrar fora de contexto, ou ainda, uma ang\u00fastia ou nostalgia inexplic\u00e1vel.<\/p>\n<p class=\"text-align-justify\" dir=\"ltr\">Trata-se de um momento de crise, mais ou menos consciente, que poder\u00edamos caracterizar como uma Sagrada Insatisfa\u00e7\u00e3o. Algo impulsiona o ser a buscar respostas e ele, ainda sem compreender muito bem o que est\u00e1 buscando, parte para essa pesquisa.<\/p>\n<p class=\"text-align-justify\" dir=\"ltr\">Instintos, intui\u00e7\u00e3o e consci\u00eancia se misturam enquanto a vida lhe apresenta os resultados de suas tentativas de obter respostas. Via de regra, cedo ou tarde esses resultados se mostram incapazes de satisfazer sua necessidade incompreendida de algo que ainda desconhece.<\/p>\n<p class=\"text-align-justify\" dir=\"ltr\">Mas, gradativamente, torna-se evidente tudo aquilo que n\u00e3o lhe atende. Por elimina\u00e7\u00e3o, uma a uma, as ofertas de sua vida exterior v\u00e3o se provando insuficientes. Torna-se claro que sua busca \u00e9 por algo mais elevado, duradouro, algo que n\u00e3o seja relativo ou passageiro como tudo quanto aparece em seu caminho.<\/p>\n<p class=\"text-align-justify\" dir=\"ltr\">Ent\u00e3o, come\u00e7a a desconfiar de que as respostas para seus impulsos de realiza\u00e7\u00e3o s\u00e3o de outra ordem. Subitamente, tudo quanto anteriormente lhe parecia t\u00e3o promissor torna-se sem brilho e seu interesse se desloca para a compreens\u00e3o da ess\u00eancia e natureza do anseio em si.<\/p>\n<p class=\"text-align-justify\" dir=\"ltr\">O vazio interior, o inc\u00f4modo outrora incompreendido, ganha um sentido muito profundo e pode ser reconhecido como uma voca\u00e7\u00e3o espiritual, um mandato para a realiza\u00e7\u00e3o de algo t\u00e3o radicalmente diverso de tudo quanto j\u00e1 realizou em sua vida, que \u00e9 poss\u00edvel descrev\u00ea-lo como um impulso transcendente!<\/p>\n<p class=\"text-align-justify\" dir=\"ltr\">Onde esse impulso poder\u00e1 lev\u00e1-lo neste mundo marcado por altern\u00e2ncias e relatividade? Como poderia realizar algo t\u00e3o elevado quanto aquilo de que fala essa voz interior? Seria ele digno, ou mesmo capaz disso?<\/p>\n<p class=\"text-align-justify\" dir=\"ltr\">Essa d\u00favida \u00e9 a condi\u00e7\u00e3o de humildade caracter\u00edstica de um buscador da Verdade. Percebe-se pobre de Esp\u00edrito, desprovido de valores e faculdades verdadeiramente espirituais. Ainda assim, algo dentro dele d\u00e1 testemunho de uma realidade sublime totalmente diversa. Essa sede espiritual dever\u00e1 crescer at\u00e9 tornar-se irresist\u00edvel, lan\u00e7ando-o numa jornada por autoconhecimento e por realiza\u00e7\u00e3o de sua elevada voca\u00e7\u00e3o.<\/p>\n<p class=\"text-align-justify\" dir=\"ltr\">Como em uma viagem, poder\u00e1 orientar-se por aqueles que o antecederam no caminho, e at\u00e9 mesmo reconhecer alguns marcos na senda, mas ningu\u00e9m poder\u00e1 trilh\u00e1-la por ele ou conduzi-lo rumo \u00e0 fonte interior no mais profundo de seu \u00edntimo. Ele ter\u00e1 de fazer isso por si mesmo. Mas como?<\/p>\n<p class=\"text-align-justify\" dir=\"ltr\">Justamente quando sua consci\u00eancia se coloca por inteiro em busca dessa \u00fanica resposta ele vislumbra uma senda poss\u00edvel. Lampejos de luz em sua consci\u00eancia lhe apontam uma dire\u00e7\u00e3o, por vezes clara, outras vezes fugidia e vaga. Mas isso ser\u00e1 suficiente para que encontre seus pares &#8211; buscadores que, como ele, tamb\u00e9m anseiam pela \u00fanica resposta.<\/p>\n<p class=\"text-align-justify\" dir=\"ltr\">O buscador \u00e9 acolhido em uma escola espiritual e recebe o aux\u00edlio de uma comunidade empenhada em realizar a mudan\u00e7a interior necess\u00e1ria para sua voca\u00e7\u00e3o transcendente. Ele, finalmente, percebe a Senda sob seus p\u00e9s e pode, agora, dar passos firmes, acompanhado de incont\u00e1veis outros, com a certeza interior de um objetivo \u00fanico em comum: transformar-se para transcender.<\/p>\n","protected":false},"author":1,"featured_media":15013,"template":"","meta":{"_acf_changed":false},"tags":[],"category_":[110108],"tags_english_":[],"class_list":["post-92141","logon_article","type-logon_article","status-publish","has-post-thumbnail","hentry","category_-spiritsoul-pt-br"],"acf":[],"_links":{"self":[{"href":"https:\/\/logon.media\/pt-br\/wp-json\/wp\/v2\/logon_article\/92141","targetHints":{"allow":["GET"]}}],"collection":[{"href":"https:\/\/logon.media\/pt-br\/wp-json\/wp\/v2\/logon_article"}],"about":[{"href":"https:\/\/logon.media\/pt-br\/wp-json\/wp\/v2\/types\/logon_article"}],"author":[{"embeddable":true,"href":"https:\/\/logon.media\/pt-br\/wp-json\/wp\/v2\/users\/1"}],"wp:featuredmedia":[{"embeddable":true,"href":"https:\/\/logon.media\/pt-br\/wp-json\/wp\/v2\/media\/15013"}],"wp:attachment":[{"href":"https:\/\/logon.media\/pt-br\/wp-json\/wp\/v2\/media?parent=92141"}],"wp:term":[{"taxonomy":"post_tag","embeddable":true,"href":"https:\/\/logon.media\/pt-br\/wp-json\/wp\/v2\/tags?post=92141"},{"taxonomy":"category_","embeddable":true,"href":"https:\/\/logon.media\/pt-br\/wp-json\/wp\/v2\/category_?post=92141"},{"taxonomy":"tags_english_","embeddable":true,"href":"https:\/\/logon.media\/pt-br\/wp-json\/wp\/v2\/tags_english_?post=92141"}],"curies":[{"name":"wp","href":"https:\/\/api.w.org\/{rel}","templated":true}]}}