{"id":91579,"date":"2021-03-01T07:18:58","date_gmt":"2021-03-01T07:18:58","guid":{"rendered":"https:\/\/logon.media\/logon_article\/comunicacao\/"},"modified":"2025-01-03T07:57:25","modified_gmt":"2025-01-03T07:57:25","slug":"comunicacao","status":"publish","type":"logon_article","link":"https:\/\/logon.media\/pt-br\/logon_article\/comunicacao\/","title":{"rendered":"Comunica\u00e7\u00e3o"},"content":{"rendered":"<p><iframe title=\"Spotify Embed: #83 Comunica\u00e7\u00e3o\" style=\"border-radius: 12px\" width=\"100%\" height=\"152\" frameborder=\"0\" allowfullscreen allow=\"autoplay; clipboard-write; encrypted-media; fullscreen; picture-in-picture\" loading=\"lazy\" src=\"https:\/\/open.spotify.com\/embed\/episode\/3LiKuv9jp0PwtsSvat5Q2p?si=B9abPvOSRbeYUkWjiAgbQw&amp;utm_source=oembed\"><\/iframe><\/p>\n<p class=\"text-align-justify\">Comunica\u00e7\u00e3o \u00e9 tudo e tudo \u00e9 comunica\u00e7\u00e3o. N\u00e3o existe realidade isolada. A pr\u00f3pria realidade \u00e9 uma soma, uma reuni\u00e3o de elementos interligados. O ser humano tamb\u00e9m \u00e9 um elemento dessa realidade, e se encontra em algum lugar entre essas interconex\u00f5es. Mas n\u00e3o podemos dizer que algu\u00e9m atua desse modo: n\u00e3o podemos sequer\u00a0dizer que esse algu\u00e9m tem um \u00fanico pensamento ou sentimento que o\u00a0capacite a enxergar essa coes\u00e3o. Ent\u00e3o: ser\u00e1 que as pessoas se comunicam? Ser\u00e1 que entendem o mundo que as rodeia?<\/p>\n<p class=\"text-align-justify\">N\u00e3o existem coisas ocultas no mundo, mas apenas coisas que n\u00e3o podem alcan\u00e7ar nossa percep\u00e7\u00e3o. Ent\u00e3o por que n\u00e3o estou completamente familiarizado com o mundo? Afinal, sou bastante \u00e1vido de informa\u00e7\u00f5es;\u00a0mas parece que as obtenho por canais muito limitados. Portanto, \u00e9 muito simples e \u00f3bvio \u2013 n\u00e3o estou aberto. Normalmente, a ideia do que \u00e9 humano, do que eu sou, est\u00e1 relacionada ao h\u00e1bito de me manifestar. Isso significa que estou permanentemente ativo. Mesmo quando penso que no momento estou percebendo algo, na maior parte das vezes estou fazendo o contr\u00e1rio \u2013 ao inv\u00e9s de receber a informa\u00e7\u00e3o, estou enviando, pois estou constantemente avaliando, julgando, categorizando e assim por diante. Ao inv\u00e9s de me colocar no fluxo de informa\u00e7\u00f5es, estou construindo uma parede contra ele: uma parede constru\u00edda por tudo o que sei. Ent\u00e3o, na verdade, n\u00e3o estou realmente me comunicando.<\/p>\n<p class=\"text-align-justify\">O que acontece quando observo essa atividade em mim? Por exemplo, quando estou no meio de uma paisagem montanhosa excepcional, mas dou uma avalia\u00e7\u00e3o de maneira rude e arrogante a respeito de sua excepcionalidade: quer dizer que n\u00e3o deixo espa\u00e7o para a beleza e a grandeza, mas as defino somente para, por um lado, consumir uma pe\u00e7a, e, por outro, para me afirmar mais uma vez. Mas, quando percebo meu modo de agir e recuo, quando me retiro de toda atividade, a fim de ficar passivo, isso significa que estou receptivo.<\/p>\n<p class=\"text-align-justify\">Ent\u00e3o, tudo permanece como est\u00e1. E apesar de n\u00e3o ter centro, acabo por ficar em sua ess\u00eancia \u2013 que \u00e9 mais do que um centro. N\u00e3o s\u00f3 no ar vibrante da montanha, cheio de vida, mas no meio de tudo. Antes de determinar isso por mim mesmo, antes de perceber isso, a conex\u00e3o existe: a unidade do todo, ou, em outras palavras, a pr\u00f3pria vida. \u00c9 a\u00ed que est\u00e1 a informa\u00e7\u00e3o. Isso \u00e9 comunica\u00e7\u00e3o. Nesse contexto, tudo pode ser totalmente conhecido. Por\u00e9m, muito provavelmente isso n\u00e3o acontecer\u00e1 nessa fase, pois, se nos direcionarmos para algo concreto que gostar\u00edamos de reconhecer, isso seria um produto da nossa autoafirma\u00e7\u00e3o, do nosso ego e de suas inten\u00e7\u00f5es e objetivos. Mas, quando come\u00e7amos a viver dessa conex\u00e3o e em fun\u00e7\u00e3o dela, os elos entre cada uma de suas partes seriam a verdadeira comunica\u00e7\u00e3o \u2013 o que tamb\u00e9m \u00e9 uma intera\u00e7\u00e3o a servi\u00e7o do Todo.<\/p>\n","protected":false},"author":917,"featured_media":12759,"template":"","meta":{"_acf_changed":false},"tags":[],"category_":[110108],"tags_english_":[],"class_list":["post-91579","logon_article","type-logon_article","status-publish","has-post-thumbnail","hentry","category_-spiritsoul-pt-br"],"acf":[],"_links":{"self":[{"href":"https:\/\/logon.media\/pt-br\/wp-json\/wp\/v2\/logon_article\/91579","targetHints":{"allow":["GET"]}}],"collection":[{"href":"https:\/\/logon.media\/pt-br\/wp-json\/wp\/v2\/logon_article"}],"about":[{"href":"https:\/\/logon.media\/pt-br\/wp-json\/wp\/v2\/types\/logon_article"}],"author":[{"embeddable":true,"href":"https:\/\/logon.media\/pt-br\/wp-json\/wp\/v2\/users\/917"}],"wp:featuredmedia":[{"embeddable":true,"href":"https:\/\/logon.media\/pt-br\/wp-json\/wp\/v2\/media\/12759"}],"wp:attachment":[{"href":"https:\/\/logon.media\/pt-br\/wp-json\/wp\/v2\/media?parent=91579"}],"wp:term":[{"taxonomy":"post_tag","embeddable":true,"href":"https:\/\/logon.media\/pt-br\/wp-json\/wp\/v2\/tags?post=91579"},{"taxonomy":"category_","embeddable":true,"href":"https:\/\/logon.media\/pt-br\/wp-json\/wp\/v2\/category_?post=91579"},{"taxonomy":"tags_english_","embeddable":true,"href":"https:\/\/logon.media\/pt-br\/wp-json\/wp\/v2\/tags_english_?post=91579"}],"curies":[{"name":"wp","href":"https:\/\/api.w.org\/{rel}","templated":true}]}}