{"id":91369,"date":"2021-01-16T07:13:38","date_gmt":"2021-01-16T07:13:38","guid":{"rendered":"https:\/\/logon.media\/logon_article\/iluminacao\/"},"modified":"2025-01-03T07:44:34","modified_gmt":"2025-01-03T07:44:34","slug":"iluminacao","status":"publish","type":"logon_article","link":"https:\/\/logon.media\/pt-br\/logon_article\/iluminacao\/","title":{"rendered":"Ilumina\u00e7\u00e3o"},"content":{"rendered":"<p><iframe title=\"Spotify Embed: #77 Ilumina\u00e7\u00e3o\" style=\"border-radius: 12px\" width=\"100%\" height=\"152\" frameborder=\"0\" allowfullscreen allow=\"autoplay; clipboard-write; encrypted-media; fullscreen; picture-in-picture\" loading=\"lazy\" src=\"https:\/\/open.spotify.com\/embed\/episode\/3bg60YhhyJbwS4uPQ4Pd6q?si=7VQguzlISSOHWG1fguBG-w&amp;utm_source=oembed\"><\/iframe><\/p>\n<p class=\"text-align-justify\">O conceito de ilumina\u00e7\u00e3o vem da ideia de poder ver ou entender algo que ainda n\u00e3o estava claro o suficiente, algo que ainda estava oculto, no escuro, mas do qual ent\u00e3o obtemos uma imagem clara e finalmente entendemos.<\/p>\n<p class=\"text-align-justify\">\u00c9 como a luz do sol que ilumina tudo durante o dia e que \u00e9 necess\u00e1ria para buscarmos nosso sustento e estarmos alertas diante do perigo.<\/p>\n<p class=\"text-align-justify\">\u00c9 essa luz que tem sido a base das v\u00e1rias formas de rever\u00eancia e amor pelo sol como estrela-fonte de vida.<\/p>\n<p class=\"text-align-justify\">E como essa estrela sempre esteve no centro de todos os ciclos da natureza, consequentemente ela \u00e9 um aspecto fundamental de muitos sistemas filos\u00f3ficos e m\u00edsticos. Da mesma forma, al\u00e9m de ser a base de um simples culto ao sol, ela tem sido o alicerce da ci\u00eancia e do desenvolvimento da humanidade.<\/p>\n<p class=\"text-align-justify\">Cient\u00edfica e filosoficamente, h\u00e1 um consenso sobre a origem do universo, pelo menos quanto ao que diz respeito ao fato de que o universo surge a partir da unidade.<\/p>\n<p class=\"text-align-justify\">Assim como os te\u00f3ricos do <em>big bang<\/em> consideram a expans\u00e3o do universo a partir de um \u00fanico ponto, a cria\u00e7\u00e3o surge tendo a luz como base e fonte comum de tudo o que existe neste universo que habitamos e que nos habita.<\/p>\n<p class=\"text-align-justify\">Por ser considerada como fonte de pot\u00eancia absoluta que tudo dinamiza e tudo constitui, a luz \u00e9, portanto, a origem e a finalidade de tudo.<\/p>\n<p class=\"text-align-justify\">As part\u00edculas do nosso corpo f\u00edsico s\u00e3o quase est\u00e1ticas, cristalizadas e dotadas de uma vibra\u00e7\u00e3o energ\u00e9tica densa, que nos mant\u00e9m prisioneiros do tempo e do espa\u00e7o.<\/p>\n<p class=\"text-align-justify\">Mas, como \u00e9 poss\u00edvel pertencer a um estado vibracional mais elevado? Por meio do que chamamos de nascimento de uma nova consci\u00eancia espiritual, que torna poss\u00edvel a uni\u00e3o \u201cdo que est\u00e1 em cima com o que est\u00e1 embaixo\u201d, simbolicamente falando. Ou seja:\u00a0 do que \u00e9 denso e material com o espiritual, que \u00e9 uma energia vibrat\u00f3ria de frequ\u00eancia muito mais elevada. Na verdade, \u00e9 a luz que irradia e emerge de dentro do nosso cora\u00e7\u00e3o.<\/p>\n<p class=\"text-align-justify\">E quando come\u00e7amos a falar sobre atingir a ilumina\u00e7\u00e3o, queremos dizer tomar consci\u00eancia de nossa natureza espiritual. N\u00e3o como um objetivo em si, que pode ser alcan\u00e7ado em um estalar de dedos, mas como um processo cont\u00ednuo que se desenvolve gradualmente, pouco a pouco.<\/p>\n<p class=\"text-align-justify\">Sidarta, o Buda, ensinou que, no in\u00edcio da ilumina\u00e7\u00e3o, embora o buscador possa ver um esplendor da luz universal que emana do mundo espiritual, n\u00e3o \u00e9 capaz de distinguir nada \u2013 nem formas nem imagens, nada, porque sua ilumina\u00e7\u00e3o ainda n\u00e3o \u00e9 pura o suficiente.<\/p>\n<p class=\"text-align-justify\">Depois, ele consegue perceber n\u00e3o apenas a luz, mas as diferentes imagens e formas dentro da luz, sem reconhecer o significado, porque sua ilumina\u00e7\u00e3o ainda n\u00e3o \u00e9 pura o suficiente.<\/p>\n<p class=\"text-align-justify\">\u00c0 medida que vai avan\u00e7ando no caminho da ilumina\u00e7\u00e3o, aos poucos ele come\u00e7a a reconhecer essas formas como a express\u00e3o de entidades espirituais, sem, no entanto, compreender sua origem. Mais tarde, compreende n\u00e3o s\u00f3 a origem delas, mas tamb\u00e9m as a\u00e7\u00f5es dessas entidades espirituais, bem como seu estado de consci\u00eancia. E ent\u00e3o finalmente percebe que ele mesmo havia habitado esses reinos no passado, e que juntos eles faziam parte de um todo, e \u00e9 quando ele compreende completamente e alcan\u00e7a a pureza de sua ilumina\u00e7\u00e3o.<\/p>\n<p class=\"text-align-justify\">Precisamos compreender que certos m\u00e9todos e sistemas ideol\u00f3gicos tradicionais, por mais que sejam antigos ou j\u00e1 estejam estabelecidos na sociedade em que vivemos, n\u00e3o podem mais ser aplicados no estado atual da humanidade.<\/p>\n<p class=\"text-align-justify\">Precisamos compreender que aquilo que realmente estabelece os limites de nossas percep\u00e7\u00f5es s\u00e3o nossas pr\u00f3prias cria\u00e7\u00f5es mentais. Criamos um emaranhado intelectual artificial que cobre, camada ap\u00f3s camada, a simplicidade da beleza universal.<\/p>\n<p class=\"text-align-justify\">Einstein costumava dizer que se voc\u00ea n\u00e3o consegue explicar algo de forma simples, \u00e9 porque n\u00e3o est\u00e1 compreendendo isso muito bem.<\/p>\n<p class=\"text-align-justify\">S\u00f3 quando conseguimos ver tudo claramente \u00e9 que descobrimos a ilumina\u00e7\u00e3o<\/p>\n<p class=\"text-align-justify\">Ora, a tomada de consci\u00eancia \u00e9 produzida tanto no exterior como no interior. Externamente, quando percebemos que algo foi quebrado e precisa ser consertado ou renovado. Questionamos e examinamos nossas pr\u00f3prias respostas; n\u00e3o nos contentamos em engolir tudo o que dizemos sem colocar isso em d\u00favida. Finalmente, nossa consci\u00eancia transcende a terceira dimens\u00e3o e vibra em sincronia com a luz que vai despertando em nosso cora\u00e7\u00e3o, no centro de nosso microcosmo. Esse \u00e9 o aspecto interior.<\/p>\n<p class=\"text-align-justify\">\u00c9 por isso que esse processo \u00e9 chamado de ilumina\u00e7\u00e3o. Porque \u00e9 essa luz dentro de n\u00f3s, o Deus-em-n\u00f3s, que \u00e9 nossa ess\u00eancia no aqui e agora. Essa natureza divina \u00e9 o aspecto eterno em n\u00f3s.<\/p>\n<p class=\"text-align-justify\">O fato \u00e9 que temos de superar nosso maior obst\u00e1culo: nossas pr\u00f3prias cria\u00e7\u00f5es, a percep\u00e7\u00e3o do mundo que se baseia em nosso ser egoc\u00eantrico, nossas pr\u00f3prias cren\u00e7as e condicionamentos, nossas expectativas e as lembran\u00e7as de nossa vida presente, mas tamb\u00e9m de vidas passadas.<\/p>\n<p class=\"text-align-justify\">A supera\u00e7\u00e3o desse obst\u00e1culo \u00e9 um trabalho de autoinicia\u00e7\u00e3o. Nossa mente precisa compreender e reconhecer esse obst\u00e1culo, precisa trabalhar nele. Essa autoinicia\u00e7\u00e3o n\u00e3o \u00e9 um simples processo de aprender e compreender algo. \u00c9 uma luta interior, uma luta entre o novo ser humano que est\u00e1 nascendo e se formando em radiante conhecimento divino e os in\u00fameros condicionamentos e automatismos de nosso comportamento egoc\u00eantrico, que naturalmente tenta evitar perder o controle de nosso centro vital de gravidade.<\/p>\n<p class=\"text-align-justify\">Imaginem como \u00e9 pilotar um avi\u00e3o&#8230; Voc\u00eas sabiam que um avi\u00e3o sai do curso 95% das vezes, mas que o piloto fica corrigindo seu curso v\u00e1rias vezes at\u00e9 chegar a seu destino?<\/p>\n<p class=\"text-align-justify\">\u00c9 um esfor\u00e7o cont\u00ednuo, que tem seus ciclos.Quando nos desviamos, continuamos corrigindo a dire\u00e7\u00e3o e nos preparamos para o pr\u00f3ximo desvio.<\/p>\n<p class=\"text-align-justify\">A luz de nosso cora\u00e7\u00e3o precisa do apoio cont\u00ednuo do nosso ser consciente para poder transformar esses componentes densos e elev\u00e1-los a frequ\u00eancias mais altas, que podem realmente nutrir nosso ser como parte integrante do universo.<\/p>\n<p class=\"text-align-justify\">A verdade \u00e9 um estado t\u00e3o \u00fanico que, uma vez que voc\u00eas o tenham alcan\u00e7ado, uma vez que voc\u00eas tenham aceitado a verdade como parte de seu pr\u00f3prio ser, n\u00e3o h\u00e1 como voltar atr\u00e1s \u2013 pois ela muda, transforma voc\u00eas; faz de cada um de voc\u00eas um ser diferente do que eram antes de aceit\u00e1-la. Voc\u00eas e a verdade passam a ser uma s\u00f3 coisa.<\/p>\n<p class=\"text-align-justify\">Quando um buscador come\u00e7a sua busca pela verdade, sua ilumina\u00e7\u00e3o j\u00e1 come\u00e7ou. Ele recebeu um raio de luz, mas como o Buda disse a esse respeito, o candidato ainda n\u00e3o consegue enxerg\u00e1-lo com muita clareza, porque sua purifica\u00e7\u00e3o ainda n\u00e3o est\u00e1 completa.<\/p>\n<p class=\"text-align-justify\">\u00c0 medida que o candidato passa por esse processo de transforma\u00e7\u00e3o e purifica\u00e7\u00e3o de seu ser, a ilumina\u00e7\u00e3o torna-se um fato cada vez mais real, aumentando em for\u00e7a e luz. O processo se desenrola gradual e simultaneamente. \u00c0 medida que o ser humano vai atingindo a ilumina\u00e7\u00e3o, ele adquire a capacidade de perceber os obst\u00e1culos que seu pr\u00f3prio ser lhe forneceu ou apresentou durante esse processo de busca e transforma\u00e7\u00e3o interior. O discernimento vai se tornando cada vez mais claro, luminoso, e permite identificar quais seres, quais energias bloqueiam seu caminho, al\u00e9m de sua pr\u00f3pria pessoa.<\/p>\n<p class=\"text-align-justify\">A ilumina\u00e7\u00e3o \u00e9 um processo sem fim, que vai passando do existir ao devir, e do devir ao ser. N\u00e3o \u00e9 uma quest\u00e3o de consci\u00eancia? Aparentemente,5 sim. Se esse processo devesse chegar a um determinado fim, uma finalidade, ent\u00e3o onde estaria a ilumina\u00e7\u00e3o? Ela teria se tornado novamente uma vis\u00e3o parcial no espa\u00e7o e no tempo. \u00c9 um enorme desafio que cada habitante deste planeta \u00e9 convidado a descobrir, a encontrar-se com ele e a enfrentar. \u00c9 nesse ponto que o presente e o futuro se fundem em unidade.<\/p>\n","protected":false},"author":917,"featured_media":11933,"template":"","meta":{"_acf_changed":false},"tags":[],"category_":[110108],"tags_english_":[],"class_list":["post-91369","logon_article","type-logon_article","status-publish","has-post-thumbnail","hentry","category_-spiritsoul-pt-br"],"acf":[],"_links":{"self":[{"href":"https:\/\/logon.media\/pt-br\/wp-json\/wp\/v2\/logon_article\/91369","targetHints":{"allow":["GET"]}}],"collection":[{"href":"https:\/\/logon.media\/pt-br\/wp-json\/wp\/v2\/logon_article"}],"about":[{"href":"https:\/\/logon.media\/pt-br\/wp-json\/wp\/v2\/types\/logon_article"}],"author":[{"embeddable":true,"href":"https:\/\/logon.media\/pt-br\/wp-json\/wp\/v2\/users\/917"}],"wp:featuredmedia":[{"embeddable":true,"href":"https:\/\/logon.media\/pt-br\/wp-json\/wp\/v2\/media\/11933"}],"wp:attachment":[{"href":"https:\/\/logon.media\/pt-br\/wp-json\/wp\/v2\/media?parent=91369"}],"wp:term":[{"taxonomy":"post_tag","embeddable":true,"href":"https:\/\/logon.media\/pt-br\/wp-json\/wp\/v2\/tags?post=91369"},{"taxonomy":"category_","embeddable":true,"href":"https:\/\/logon.media\/pt-br\/wp-json\/wp\/v2\/category_?post=91369"},{"taxonomy":"tags_english_","embeddable":true,"href":"https:\/\/logon.media\/pt-br\/wp-json\/wp\/v2\/tags_english_?post=91369"}],"curies":[{"name":"wp","href":"https:\/\/api.w.org\/{rel}","templated":true}]}}