{"id":90799,"date":"2020-07-19T21:05:27","date_gmt":"2020-07-19T21:05:27","guid":{"rendered":"https:\/\/logon.media\/logon_article\/talvez-tambem-um-homem\/"},"modified":"2020-07-19T21:05:27","modified_gmt":"2020-07-19T21:05:27","slug":"talvez-tambem-um-homem","status":"publish","type":"logon_article","link":"https:\/\/logon.media\/pt-br\/logon_article\/talvez-tambem-um-homem\/","title":{"rendered":"Talvez, tamb\u00e9m, um homem"},"content":{"rendered":"<h3>SOU A \u00c1RVORE E SUA SOMBRA<\/h3>\n<p>&nbsp;<\/p>\n<p>Sou a \u00e1rvore e sua sombra<\/p>\n<p>vivente e exausta,<\/p>\n<p>o p\u00e1ssaro que envolve com suas asas<\/p>\n<p>os bot\u00f5es cativos da rosa<\/p>\n<p>e seus sil\u00eancios, a luz<\/p>\n<p>que vence na manh\u00e3<\/p>\n<p>a nudez do c\u00e9u<\/p>\n<p>e pincela de brancura<\/p>\n<p>as quimeras dos sonhos,<\/p>\n<p>&nbsp;<\/p>\n<p>o riso umedecido<\/p>\n<p>dos peixes e crian\u00e7as<\/p>\n<p>a chuva que arrasta, em t\u00farbios choros,<\/p>\n<p>no turvo a\u00e7o do amor<\/p>\n<p>e seus espelhos<\/p>\n<p>o tempo que, ao morrer,<\/p>\n<p>transcende os versos e a carne,<\/p>\n<p>&nbsp;<\/p>\n<p>Talvez, tamb\u00e9m, um homem<\/p>\n<p>&nbsp;<\/p>\n<p>&nbsp;<\/p>\n<h3>HOJE QUERO FALAR<\/h3>\n<p>&nbsp;<\/p>\n<p>Hoje quero falar<\/p>\n<p>de homem para homem<\/p>\n<p>com esse outro<\/p>\n<p>que habita em minhas veias<\/p>\n<p>e \u00e9 minha carne,<\/p>\n<p>com esse outro<\/p>\n<p>que silencia o olhar<\/p>\n<p>quando eu olho<\/p>\n<p>e em minha pele, indefesa,<\/p>\n<p>fez morada.<\/p>\n<p>&nbsp;<\/p>\n<p>E quando ou\u00e7o<\/p>\n<p>como, com um passo leve,<\/p>\n<p>de mim aproxima-se<\/p>\n<p>gostaria de responder-lhe,<\/p>\n<p>com pressa<\/p>\n<p>mas cego<\/p>\n<p>ante uma luz<\/p>\n<p>t\u00e3o doce e pura<\/p>\n<p>n\u00e3o consigo ver<\/p>\n<p>a alegria<\/p>\n<p>que proclama<\/p>\n<p>&nbsp;<\/p>\n<h3>ACONCHEGADO NA PENUMBRA DAS HORAS<\/h3>\n<p>&nbsp;<\/p>\n<p>Aconchegado na penumbra das horas,<\/p>\n<p>nas luzes fugidias da madrugada,<\/p>\n<p>e o cheiro que escapa da solid\u00e3o<\/p>\n<p>e as laranjeiras,<\/p>\n<p>como um c\u00e3o cansado, ladra \u00e0 lua.<\/p>\n<p>&nbsp;<\/p>\n<p>Um murm\u00fario est\u00e9ril cresce em seus l\u00e1bios<\/p>\n<p>enquanto vagam, envelhecidos, os dias<\/p>\n<p>e murcha a grama amadeirada e fresca<\/p>\n<p>que na esquecida juventude brotou no seu peito.<\/p>\n<p>&nbsp;<\/p>\n<p>Mas o cora\u00e7\u00e3o resiste, retarda a respira\u00e7\u00e3o.<\/p>\n<p>E ainda ferido, este homem levanta os olhos<\/p>\n<p>com fadiga, para o alto.<\/p>\n<p>&nbsp;<\/p>\n<h3>N\u00c3O SEI<\/h3>\n<p>&nbsp;<\/p>\n<p>N\u00e3o sei,<\/p>\n<p>talvez tenha chegado o momento<\/p>\n<p>de arrancar dos olhos essa cegueira de viver<\/p>\n<p>o cotidiano com que percorremos os dias,<\/p>\n<p>de acender as palavras que trazem luz<\/p>\n<p>\u00e0 triste casa que desde o ber\u00e7o habitamos<\/p>\n<p>e retra\u00e7ar, descal\u00e7os, as paisagens antigas<\/p>\n<p>que a mem\u00f3ria arrasta de uma vida a outra.<\/p>\n<p>N\u00e3o sei,<\/p>\n<p>talvez tenha chegado o momento<\/p>\n<p>das pombas brancas<\/p>\n<p>entrela\u00e7arem em nossas carnes suas asas,<\/p>\n<p>e de far\u00f3is t\u00e3o altos e t\u00e3o altas transpar\u00eancias,<\/p>\n<p>ser a luz que inquieta os sonhos v\u00edvidos da morte<\/p>\n<p>&nbsp;<\/p>\n<h3>PERDURA A VIDA EM NOSSA FRONTE<\/h3>\n<p>&nbsp;<\/p>\n<p>Perdura a vida em nossa fronte<\/p>\n<p>como persiste o engano<\/p>\n<p>entre as sombras desajeitadas<\/p>\n<p>que simulam a morte.<\/p>\n<p>Assim pois, respiro alegremente o sol,<\/p>\n<p>a flor do dia.<\/p>\n<p>A luz n\u00e3o cessa,<\/p>\n<p>nem cessa o amanhecer que a sustenta,<\/p>\n<p>os olhos fecham se se recusam a acolher<\/p>\n<p>a alegria dos p\u00e1ssaros,<\/p>\n<p>a inoc\u00eancia,<\/p>\n<p>o ritmo t\u00edbio com que o esp\u00edrito inunda<\/p>\n<p>de amor, a carne.<\/p>\n<p>&nbsp;<\/p>\n<h3>QUERO QUE SAIBA<\/h3>\n<p>&nbsp;<\/p>\n<p>Quero que saiba,<\/p>\n<p>deixou de ser luz<\/p>\n<p>para ser terra, sombra,<\/p>\n<p>carne nos bra\u00e7os da morte,<\/p>\n<p>mas n\u00e3o se aflija, amigo,<\/p>\n<p>nas silvas do cora\u00e7\u00e3o<\/p>\n<p>perdura a rosa imut\u00e1vel,<\/p>\n<p>que iluminar\u00e1 a noite de seus olhos.<\/p>\n<p>&nbsp;<\/p>\n<p>&nbsp;<\/p>\n","protected":false},"author":1,"featured_media":9637,"template":"","meta":{"_acf_changed":false},"tags":[],"category_":[110069],"tags_english_":[],"class_list":["post-90799","logon_article","type-logon_article","status-publish","has-post-thumbnail","hentry","category_-art-pt-br"],"acf":[],"_links":{"self":[{"href":"https:\/\/logon.media\/pt-br\/wp-json\/wp\/v2\/logon_article\/90799","targetHints":{"allow":["GET"]}}],"collection":[{"href":"https:\/\/logon.media\/pt-br\/wp-json\/wp\/v2\/logon_article"}],"about":[{"href":"https:\/\/logon.media\/pt-br\/wp-json\/wp\/v2\/types\/logon_article"}],"author":[{"embeddable":true,"href":"https:\/\/logon.media\/pt-br\/wp-json\/wp\/v2\/users\/1"}],"wp:featuredmedia":[{"embeddable":true,"href":"https:\/\/logon.media\/pt-br\/wp-json\/wp\/v2\/media\/9637"}],"wp:attachment":[{"href":"https:\/\/logon.media\/pt-br\/wp-json\/wp\/v2\/media?parent=90799"}],"wp:term":[{"taxonomy":"post_tag","embeddable":true,"href":"https:\/\/logon.media\/pt-br\/wp-json\/wp\/v2\/tags?post=90799"},{"taxonomy":"category_","embeddable":true,"href":"https:\/\/logon.media\/pt-br\/wp-json\/wp\/v2\/category_?post=90799"},{"taxonomy":"tags_english_","embeddable":true,"href":"https:\/\/logon.media\/pt-br\/wp-json\/wp\/v2\/tags_english_?post=90799"}],"curies":[{"name":"wp","href":"https:\/\/api.w.org\/{rel}","templated":true}]}}