{"id":90375,"date":"2020-03-25T09:28:38","date_gmt":"2020-03-25T09:28:38","guid":{"rendered":"https:\/\/logon.media\/logon_article\/a-crise\/"},"modified":"2020-03-25T09:28:38","modified_gmt":"2020-03-25T09:28:38","slug":"a-crise","status":"publish","type":"logon_article","link":"https:\/\/logon.media\/pt-br\/logon_article\/a-crise\/","title":{"rendered":"A crise"},"content":{"rendered":"<p class=\"text-align-justify\">Nossas vidas mudaram, possivelmente para sempre, e de muitas maneiras. Isso levanta muitas quest\u00f5es.<\/p>\n<p class=\"text-align-justify\">Por exemplo, surgem perguntas sobre o passado: Onde o Corona V\u00edrus se originou? De quem \u00e9 a culpa?&nbsp; Ou, ainda, perguntas sobre o futuro: o que vai acontecer comigo, com minha fam\u00edlia? O que ser\u00e1 que vai acontecer com a humanidade como um todo?<\/p>\n<p class=\"text-align-justify\">Essas perguntas s\u00e3o compreens\u00edveis. Mas elas n\u00e3o nos libertam de nossos medos e resist\u00eancia. Se pud\u00e9ssemos responder \u00e0s perguntas que fazemos sobre o passado, nada mudaria na situa\u00e7\u00e3o atual. E o curso dos acontecimentos eventualmente prover\u00e1 respostas \u00e0s perguntas que fazemos sobre futuro.<\/p>\n<p class=\"text-align-justify\">Como diz o conhecido ditado: &#8220;toda situa\u00e7\u00e3o possui seu lado positivo&#8221;; em todas as crises h\u00e1 uma oportunidade. Assim sendo, uma enorme crise pode gerar uma grande oportunidade.<\/p>\n<p class=\"text-align-justify\">Vamos considerar a situa\u00e7\u00e3o atual da perspectiva do caminho espiritual. Quase todos experimentam como sua realidade est\u00e1 sendo abalada, por motivos pequenos, ou por motivos muito significativos.<\/p>\n<p class=\"text-align-justify\">Se conseguirmos aceitar uma situa\u00e7\u00e3o incondicionalmente \u2013 n\u00e3o apenas esta situa\u00e7\u00e3o atual, mas tudo o que a vida nos reserva \u2013 como ela \u00e9, podemos mudar algo sobre n\u00f3s. Reconhecemos nossos medos como partes do nosso pr\u00f3prio ser, eventualmente os aceitando. Entendemos e aceitamos que nossos desejos e ideias, nosso estilo de vida anterior, tamb\u00e9m fazem parte do nosso ser. Entendemos que muitas coisas, que antes pens\u00e1vamos ser de extrema import\u00e2ncia, de repente n\u00e3o s\u00e3o mais poss\u00edveis. Nossa autoimagem pode come\u00e7ar a vacilar.<\/p>\n<p class=\"text-align-justify\">&nbsp;<\/p>\n<h3><strong>Uma nova vis\u00e3o da vida torna-se poss\u00edvel<\/strong><\/h3>\n<p class=\"text-align-justify\">O que isso implica? A paz \u00e9 poss\u00edvel, assim como o sil\u00eancio interno. Uma nova vis\u00e3o da vida torna-se poss\u00edvel. Tudo pode estar perdido, at\u00e9 mesmo nossa pr\u00f3pria vida pode chegar ao fim mais cedo do que a maioria de n\u00f3s gostaria.<\/p>\n<p class=\"text-align-justify\">Se aceitarmos isso, adquirimos uma certa dist\u00e2ncia e adentramos um lugar mais silencioso. Podemos come\u00e7ar a mergulhar na parte mais interna do nosso ser (um pouco de pr\u00e1tica \u00e9 necess\u00e1rio). N\u00f3s provavelmente n\u00e3o vamos ter sucesso imediatamente, mas podemos nos preparar atrav\u00e9s da leitura de um texto adequado, talvez um bom poema, ou ouvindo uma m\u00fasica contemplativa. Ent\u00e3o, tudo pode ficar quieto dentro de n\u00f3s.<\/p>\n<p class=\"text-align-justify\">O que pode se tornar aparente em um estado meditativo? O que pode emergir da profundidade do nosso ser interior? Vamos nos libertar de nossas expectativas! No in\u00edcio, experimentamos apenas a escurid\u00e3o, possivelmente seguida por uma confus\u00e3o de pensamentos e sensa\u00e7\u00f5es. Deixe-os passar e desaparecer. Vamos direcionar nossa aten\u00e7\u00e3o para algo mais profundo, para algo que ainda n\u00e3o sabemos.<\/p>\n<p class=\"text-align-justify\">Do sil\u00eancio interior surge o que chamamos de consci\u00eancia. \u00c9 como uma estrela na escurid\u00e3o. Espalha uma esp\u00e9cie de luz, a luz da consci\u00eancia. Voc\u00ea se torna consciente da sua exist\u00eancia. Deixe isso trabalhar dentro de voc\u00ea.<\/p>\n<p class=\"text-align-justify\">A consci\u00eancia tem uma \u00fanica fonte, e n\u00f3s nos aproximamos desta em um caminho espiritual. E ao faz\u00ea-lo, podemos fazer uma tremenda descoberta: a fonte que est\u00e1 em mim flui em un\u00edssono com a fonte de consci\u00eancia em todas as outras pessoas.<\/p>\n<p class=\"text-align-justify\">H\u00e1 uma fonte universal de consci\u00eancia para todos. Nesta, nosso ser mais \u00edntimo toca o ser mais \u00edntimo de todas as outras pessoas.<\/p>\n<p class=\"text-align-justify\">Estamos mais profundamente conectados do que jamais pens\u00e1vamos ser poss\u00edvel. H\u00e1, no fundo de nossa exist\u00eancia, uma \u00fanica consci\u00eancia abrangente. E, atrav\u00e9s desta, cada um recebe sua pr\u00f3pria consci\u00eancia, a todo momento.<\/p>\n<p class=\"text-align-justify\">Al\u00e9m disso, compartilhamos uma vida \u00fanica e abrangente. E a partir dela, cada ser recebe, a todo momento, sua pr\u00f3pria vida.<\/p>\n<p class=\"text-align-justify\">\u00c0 medida que essa descoberta se faz verdade em n\u00f3s, come\u00e7amos a nos ver e, tamb\u00e9m, uns aos outros, de uma forma muito diferente, percebendo que, em um n\u00edvel muito profundo, fundamental, somos todos irm\u00e3os e irm\u00e3s.<\/p>\n<p class=\"text-align-justify\">De fato, a grande crise pode realmente nos ajudar a ter uma profunda experi\u00eancia interior.<\/p>\n","protected":false},"author":920,"featured_media":8239,"template":"","meta":{"_acf_changed":false},"tags":[],"category_":[110120],"tags_english_":[],"class_list":["post-90375","logon_article","type-logon_article","status-publish","has-post-thumbnail","hentry","category_-zeitgeist-pt-br"],"acf":[],"_links":{"self":[{"href":"https:\/\/logon.media\/pt-br\/wp-json\/wp\/v2\/logon_article\/90375","targetHints":{"allow":["GET"]}}],"collection":[{"href":"https:\/\/logon.media\/pt-br\/wp-json\/wp\/v2\/logon_article"}],"about":[{"href":"https:\/\/logon.media\/pt-br\/wp-json\/wp\/v2\/types\/logon_article"}],"author":[{"embeddable":true,"href":"https:\/\/logon.media\/pt-br\/wp-json\/wp\/v2\/users\/920"}],"wp:featuredmedia":[{"embeddable":true,"href":"https:\/\/logon.media\/pt-br\/wp-json\/wp\/v2\/media\/8239"}],"wp:attachment":[{"href":"https:\/\/logon.media\/pt-br\/wp-json\/wp\/v2\/media?parent=90375"}],"wp:term":[{"taxonomy":"post_tag","embeddable":true,"href":"https:\/\/logon.media\/pt-br\/wp-json\/wp\/v2\/tags?post=90375"},{"taxonomy":"category_","embeddable":true,"href":"https:\/\/logon.media\/pt-br\/wp-json\/wp\/v2\/category_?post=90375"},{"taxonomy":"tags_english_","embeddable":true,"href":"https:\/\/logon.media\/pt-br\/wp-json\/wp\/v2\/tags_english_?post=90375"}],"curies":[{"name":"wp","href":"https:\/\/api.w.org\/{rel}","templated":true}]}}