{"id":90050,"date":"2020-01-03T13:01:20","date_gmt":"2020-01-03T13:01:20","guid":{"rendered":"https:\/\/logon.media\/logon_article\/fogo\/"},"modified":"2020-01-03T13:01:20","modified_gmt":"2020-01-03T13:01:20","slug":"fogo","status":"publish","type":"logon_article","link":"https:\/\/logon.media\/pt-br\/logon_article\/fogo\/","title":{"rendered":"Fogo"},"content":{"rendered":"<p class=\"text-align-center\"><em>Esse artigo foi escrito em resposta \u00e0s intensas queimadas que se alastram por v\u00e1rias partes da Austr\u00e1lia nos \u00faltimos dois meses. Ap\u00f3s dois ou tr\u00eas anos de um clima \u00e1rido, o pa\u00eds est\u00e1 extremamente seco, e como a esp\u00e9cie de \u00e1rvore dominante \u00e9 o eucalipto, que \u00e9 rico em uma esp\u00e9cie de \u00f3leo vol\u00e1til, o fogo queima em altas temperaturas e muito r\u00e1pido. Claro que esse \u00e9 um fen\u00f4meno global, e se aplica igualmente para os fogos na Amaz\u00f4nia, Espanha, Calif\u00f3rnia e norte do Canad\u00e1, Sib\u00e9ria, e provavelmente outros lugares tamb\u00e9m.<\/em><\/p>\n<p class=\"text-align-justify\">Se criamos nossa pr\u00f3pria realidade, ser\u00e1 que fomos n\u00f3s mesmos que, coletivamente, criamos as queimadas? Como?<\/p>\n<p class=\"text-align-justify\">Fogo &#8211; Buda disse com muito clareza que todos n\u00f3s tendemos a ser sedentos pelos nossos desejos egoc\u00eantricos, e&nbsp;que essa \u00e9 a causa de todo o sofrimento. Quando olhamos para o passado que nos trouxe at\u00e9 o presente, percebemos que se trata de uma infind\u00e1vel&nbsp;corrente de causas&nbsp;e efeitos, de escolhas centradas no eu, uma atr\u00e1s das outras, individual&nbsp;e coletivamente, que nos guiou para o agora. Para as circunst\u00e2ncias em que nos encontramos agora e para o drama coletivo que todos n\u00f3s&nbsp;experimentamos, brincando na tela do mundo que nos circunda.<\/p>\n<p class=\"text-align-justify\">Pensamentos autocentrados levam a sentimentos autocentrados, e estas paix\u00f5es e tempestades astrais ego-centradas guiam a nossa vida &#8211; dando-nos a apar\u00eancia da vida, que \u00e9 facilmente percebida como um v\u00edcio \u00e0 dor e ao drama. N\u00f3s somos apaixonados pelo desejar! N\u00f3s ardemos de paix\u00e3o com a inexor\u00e1vel insatisfa\u00e7\u00e3o da vida da qual Buda tanto falava &#8211; dukkha &#8211; \u201ca vida \u00e9 sofrimento\u201d\u2026 insatisfat\u00f3ria, porque tudo \u00e9 um desfile passageiro de fen\u00f4menos transit\u00f3rios que nunca ir\u00e3o satisfazer o anseio de nossos cora\u00e7\u00f5es. Anseio pelo amor eterno, pelo conhecimento verdadeiro, pela coragem que brota de manter-se firme em nossa verdade. Se n\u00f3s simplesmente pud\u00e9ssemos ver com clareza que a verdade \u00e9 que nunca encontraremos essas coisas no mundo l\u00e1 fora, n\u00e3o importa quanto esfor\u00e7o colocarmos\u2026 porque simplesmente n\u00e3o h\u00e1 nada l\u00e1 para ser achado.<\/p>\n<p class=\"text-align-justify\">Ao inv\u00e9s disso, n\u00f3s precisamos procurar por esses valores atemporais dentro de n\u00f3s, porque esse \u00e9 o \u00fanico lugar onde podem ser encontrados. Isso significa confrontar o mito de que apenas o f\u00edsico e o mensur\u00e1vel \u00e9 verdade. Porque existe uma verdade mais sutil que est\u00e1 dispon\u00edvel para todos n\u00f3s &#8211; invis\u00edvel, por\u00e9m muito mais real que o mundo ao nosso redor.<\/p>\n<p class=\"text-align-justify\">E quando nos voltarmos para essa possibilidade, abrindo-se para essa experi\u00eancia, deixando para tr\u00e1s todo o apego aos fen\u00f4menos exteriores, n\u00f3s veremos claramente que tudo o que precisamos, \u00e9 nos esvaziar de n\u00f3s mesmos &#8211; Apagar as chamas do violento desejo egoc\u00eantrico e, assim, encontrar aquele lugar calmo do qual nossa vida verdadeira brota.<\/p>\n<p class=\"text-align-justify\">Quando encontrarmos esse lugar interior e escolhermos, de livre vontade, l\u00e1 permanecer e de l\u00e1 brotar, e desapegar de toda a nossa ambi\u00e7\u00e3o egoc\u00eantrica, ent\u00e3o o mundo ser\u00e1 livre do pesado fardo de nossas proje\u00e7\u00f5es autocentradas, e a sua verdadeira ordem ser\u00e1, eventualmente, restaurada. O fogo da paix\u00e3o egoc\u00eantrica se apagar\u00e1, e ser\u00e1 substitu\u00eddo com o gentil fogo do Amor.<\/p>\n<p class=\"text-align-justify\">O arco-\u00edris \u00e9 a promessa que as mudan\u00e7as planet\u00e1rias n\u00e3o ser\u00e3o por enchentes mais uma vez. Ao inv\u00e9s disso, est\u00e1 profetizado que a pr\u00f3xima mudan\u00e7a ser\u00e1 pelo fogo &#8211; o fogo da Alma, guiando-nos \u00e0 consci\u00eancia, enfrentando as consequ\u00eancias de nossas escolhas.<\/p>\n<p class=\"text-align-justify\">Poderia isso estar conectado, de alguma forma, com as queimadas f\u00edsicas? O estado de consci\u00eancia da humanidade afeta a atmosfera da Terra, incluindo o tempo e o clima? At\u00e9 que ponto?<\/p>\n<p class=\"text-align-justify\">Algo a se considerar&#8230;<\/p>\n","protected":false},"author":923,"featured_media":7326,"template":"","meta":{"_acf_changed":false},"tags":[],"category_":[110120],"tags_english_":[],"class_list":["post-90050","logon_article","type-logon_article","status-publish","has-post-thumbnail","hentry","category_-zeitgeist-pt-br"],"acf":[],"_links":{"self":[{"href":"https:\/\/logon.media\/pt-br\/wp-json\/wp\/v2\/logon_article\/90050","targetHints":{"allow":["GET"]}}],"collection":[{"href":"https:\/\/logon.media\/pt-br\/wp-json\/wp\/v2\/logon_article"}],"about":[{"href":"https:\/\/logon.media\/pt-br\/wp-json\/wp\/v2\/types\/logon_article"}],"author":[{"embeddable":true,"href":"https:\/\/logon.media\/pt-br\/wp-json\/wp\/v2\/users\/923"}],"wp:featuredmedia":[{"embeddable":true,"href":"https:\/\/logon.media\/pt-br\/wp-json\/wp\/v2\/media\/7326"}],"wp:attachment":[{"href":"https:\/\/logon.media\/pt-br\/wp-json\/wp\/v2\/media?parent=90050"}],"wp:term":[{"taxonomy":"post_tag","embeddable":true,"href":"https:\/\/logon.media\/pt-br\/wp-json\/wp\/v2\/tags?post=90050"},{"taxonomy":"category_","embeddable":true,"href":"https:\/\/logon.media\/pt-br\/wp-json\/wp\/v2\/category_?post=90050"},{"taxonomy":"tags_english_","embeddable":true,"href":"https:\/\/logon.media\/pt-br\/wp-json\/wp\/v2\/tags_english_?post=90050"}],"curies":[{"name":"wp","href":"https:\/\/api.w.org\/{rel}","templated":true}]}}