{"id":89978,"date":"2019-12-09T16:54:53","date_gmt":"2019-12-09T16:54:53","guid":{"rendered":"https:\/\/logon.media\/logon_article\/viagem-no-tempo-e-mundos-paralelos\/"},"modified":"2019-12-09T16:54:53","modified_gmt":"2019-12-09T16:54:53","slug":"viagem-no-tempo-e-mundos-paralelos","status":"publish","type":"logon_article","link":"https:\/\/logon.media\/pt-br\/logon_article\/viagem-no-tempo-e-mundos-paralelos\/","title":{"rendered":"Viagem no tempo e mundos paralelos"},"content":{"rendered":"<p class=\"text-align-justify\" dir=\"ltr\">A s\u00e9rie alem\u00e3 Dark come\u00e7a com esta cita\u00e7\u00e3o de Einstein e prepara o espectador para uma experi\u00eancia inusitada de viagem no tempo e mundos paralelos. A voz em off adverte:<\/p>\n<blockquote>\n<p class=\"text-align-justify\" dir=\"ltr\">&nbsp;Acreditamos que o tempo corre de forma linear.&nbsp;Que ele avan\u00e7a uniformemente, para sempre, at\u00e9 o infinito.&nbsp;Mas a diferen\u00e7a entre passado, presente e futuro&nbsp;n\u00e3o passa de uma ilus\u00e3o. O ontem, o hoje e o amanh\u00e3&nbsp;n\u00e3o s\u00e3o consecutivos, mas est\u00e3o conectados em um c\u00edrculo infinito.&nbsp;Tudo est\u00e1 conectado.<\/p>\n<\/blockquote>\n<p class=\"text-align-justify\">Mas Dark n\u00e3o \u00e9 uma iniciativa isolada de desenvolver essas ideias. Sempre houve cineastas bastante interessados nesses temas. No in\u00edcio, em meio a cen\u00e1rios toscos, surgia a \u201cM\u00e1quina do Tempo\u201d, uma geringon\u00e7a onde o personagem entrava e sa\u00eda rodopiando rumo a sabe-se l\u00e1 pra onde.&nbsp;<\/p>\n<p class=\"text-align-justify\" dir=\"ltr\">Mas agora, mais do que nunca, os filmes e s\u00e9ries est\u00e3o entrando em tantos detalhes veross\u00edmeis, cheios de tecnologia e conceitos cient\u00edficos, que o recado est\u00e1 chegando cada vez mais forte: somos seres do tempo e vivemos enclausurados em nossos mundos!&nbsp;<\/p>\n<p class=\"text-align-justify\" dir=\"ltr\">Sim. Se voc\u00eas observarem, ver\u00e3o que os personagens t\u00eam sua pr\u00f3pria linha temporal e pensam, sentem e agem de acordo com seu pr\u00f3prio mundinho. Por isso, entram em conflito com os outros, desconfiados de que algu\u00e9m os est\u00e1 perseguindo. Cada um sente que est\u00e1 do lado do Bem e que os outros podem ser o grande Dem\u00f4nio do Mal. A tens\u00e3o vai se acumulando at\u00e9 um n\u00edvel quase insuport\u00e1vel, at\u00e9 explodir na amea\u00e7a do apocalipse planet\u00e1rio!<\/p>\n<p class=\"text-align-justify\" dir=\"ltr\">O enredo quase se desfaz, o que explica por que o tempo dos filmes \u00e9 fragmentado por in\u00fameros flash backs, mas tamb\u00e9m desliza como uma teia fant\u00e1stica para futuros poss\u00edveis, de acordo com a trama gerada pela a\u00e7\u00e3o dram\u00e1tica das rela\u00e7\u00f5es entre os diversos grupos.<\/p>\n<p class=\"text-align-justify\" dir=\"ltr\">Conforme os filmes v\u00e3o se desenrolando, todos ficam perdidos: n\u00f3s, espectadores, por j\u00e1 n\u00e3o conseguirmos guardar os nomes de todos os personagens; e os pr\u00f3prios personagens, por se encontrarem (\u00e0s vezes literalmente!) nos diversos patamares e labirintos do tempo.<\/p>\n<p class=\"text-align-justify\" dir=\"ltr\">Nomes, lugares, rela\u00e7\u00f5es, tudo se torna relativo. Nessa maratona de tantos ires e vires, cada personagem acaba se perguntando: afinal, quem sou eu? Qual \u00e9 o tempo que me define? Qual \u00e9 a verdadeira rela\u00e7\u00e3o que eu tenho com meus amigos, fam\u00edlia, vizinhos, colegas de escola e de trabalho? E, por fim, j\u00e1 cansados de lutar contra o tempo, encolhidos cada qual em seu mundinho, eles percebem que a uni\u00e3o de todos para um objetivo comum poder\u00e1 libert\u00e1-los dessa rede de ilus\u00f5es. Ent\u00e3o, passam das elocubra\u00e7\u00f5es mentais e batalhas emocionais para a a\u00e7\u00e3o concreta, no aqui e agora.<\/p>\n<p class=\"text-align-justify\" dir=\"ltr\">Para n\u00f3s, espectadores, resta estudar a met\u00e1fora que se apresenta como li\u00e7\u00e3o de vida. Somos personagens, atuamos em v\u00e1rias frentes, vestimos os pap\u00e9is sociais como roupas escolhidas por outros. Mas, e o ser verdadeiro, por detr\u00e1s de tudo isso? Como alcan\u00e7\u00e1-lo? Quando conseguiremos ter consci\u00eancia desse ser verdadeiro?<\/p>\n<p class=\"text-align-justify\" dir=\"ltr\">Esse \u00e9 um processo que precisamos come\u00e7ar j\u00e1! E os passos do caminho j\u00e1 foram apontados pelas escolas inici\u00e1ticas de todos os tempos: discernimento, anseio pela salva\u00e7\u00e3o, autorrendi\u00e7\u00e3o, nova atitude de vida e transfigura\u00e7\u00e3o. Esse \u00e9 o caminho da nova consci\u00eancia, que come\u00e7a com o autoconhecimento (somos seres c\u00f3smicos), passa pelo desejo de liberta\u00e7\u00e3o de todos os nossos la\u00e7os culturais (somos seres que se renovam a cada dia), e, de repente, nos vemos n\u00e3o mais \u00e0 deriva, mas com um objetivo \u00fanico, tranquilos, levados pela correnteza da vida (como quem se entrega totalmente \u00e0 for\u00e7a da energia original que nos criou). Esse objetivo \u00e9 a realiza\u00e7\u00e3o do verdadeiro ser. Ent\u00e3o, nossa atitude de vida passa a ser a de quem v\u00ea o mundo e os seres pela primeira vez a cada dia \u2013 sem as amarras dos comportamentos, opini\u00f5es e cren\u00e7as culturais. esses s\u00e3o os sinais da transfigura\u00e7\u00e3o, o surgimento de um ser que est\u00e1 al\u00e9m do ser comum.<\/p>\n<p class=\"text-align-justify\" dir=\"ltr\">Mas o que queremos dizer com \u201ctransfigurados\u201d? Significa que, depois sermos transformados totalmente, em nossa estrutura corporal, vital, emocional, mental, j\u00e1 n\u00e3o seremos apenas um personagem \u00e0 deriva, mas sim um ser realmente vivificado: o verdadeiro protagonista desse magn\u00edfico processo \u2013 um ser totalmente novo em termos de vontade, amor, intelig\u00eancia, harmonia, sabedoria, dedica\u00e7\u00e3o e, consequentemente, em a\u00e7\u00e3o.&nbsp;<\/p>\n<p class=\"text-align-justify\" dir=\"ltr\">Para esse ser, espa\u00e7o e tempo \u2013 que foram as ferramentas de autoconhecimento para o personagem viajante \u2013 j\u00e1 n\u00e3o s\u00e3o limita\u00e7\u00f5es. Sua liga\u00e7\u00e3o com os demais seres do universo foi totalmente unificada. J\u00e1 n\u00e3o se trata de um simples indiv\u00edduo, mas de uma energia multifacetada, em permanente uni\u00e3o com a fonte original de todos os seres.<\/p>\n<p class=\"text-align-justify\" dir=\"ltr\">A sabedoria universal sempre deu pistas sobre esse processo de transfigura\u00e7\u00e3o dos seres-viajantes que se tornam seres imortais. Muitos fil\u00f3sofos, cientistas, religiosos, artistas e pensadores, desde o in\u00edcio do tempo-espa\u00e7o fazem refer\u00eancia a v\u00e1rias dimens\u00f5es que relativizam o que est\u00e1 fora ou dentro de n\u00f3s, assim como o que est\u00e1 acima ou abaixo de nossa consci\u00eancia. Somos todos, pequenos ou grandes, personagens viajantes em busca de nossas origens eternas, no sem-tempo e sem-lugar.&nbsp;&nbsp;&nbsp;<\/p>\n<p class=\"text-align-justify\" dir=\"ltr\">Entre todos os autores que desenvolveram essa ideia, destacamos Catharose de Petri, fundadora da Escola Espiritual da Rosacruz \u00c1urea. Em seu livro \u201cO Verbo Vivente\u201d, ela comenta que essa \u201cviagem entre as v\u00e1rias dimens\u00f5es\u201d \u00e9 poss\u00edvel e necess\u00e1ria para que o ser humano possa obter autoconhecimento, transformar-se, transmutar-se e transfigurar-se. Ela afirma:<\/p>\n<blockquote>\n<p class=\"text-align-justify\">A quarta dimens\u00e3o \u00e9 apenas a porta para a quinta,&nbsp;a sexta e a s\u00e9tima dimens\u00f5es. (&#8230;) O ser humano&nbsp;\u00e9 onipresente, por\u00e9m, n\u00e3o tem consci\u00eancia disso.&nbsp;(&#8230;) A intui\u00e7\u00e3o \u00e9 a porta para isso.&nbsp;A nova vis\u00e3o \u00e9 a primeira realiza\u00e7\u00e3o da quarta dimens\u00e3o.<\/p>\n<\/blockquote>\n<p class=\"text-align-justify\">Fique atento. A partir de um simples filme ou s\u00e9rie, voc\u00ea pode tomar consci\u00eancia de sua ess\u00eancia e tomar decis\u00f5es efetivas para que essa transforma\u00e7\u00e3o estrutural de seu ser se realize.&nbsp;<\/p>\n<p class=\"text-align-justify\" dir=\"ltr\">Assim, como estado de consci\u00eancia \u00e9 estado de vida, confiamos que, para al\u00e9m de todos os sentimentos conflitantes, de todas as repeti\u00e7\u00f5es autom\u00e1ticas do dia-a-dia, de todas as expectativas que se acumulam no tempo, podemos, sim, abrir uma brecha para o N\u00e3o-Tempo, arrega\u00e7ar as mangas e sair, juntos, de nossos mundinhos rumo a uma dimens\u00e3o muito maior, cheia de plenitude: a Eternidade, sem come\u00e7o nem fim.&nbsp;<\/p>\n","protected":false},"author":1,"featured_media":7128,"template":"","meta":{"_acf_changed":false},"tags":[],"category_":[110069],"tags_english_":[],"class_list":["post-89978","logon_article","type-logon_article","status-publish","has-post-thumbnail","hentry","category_-art-pt-br"],"acf":[],"_links":{"self":[{"href":"https:\/\/logon.media\/pt-br\/wp-json\/wp\/v2\/logon_article\/89978","targetHints":{"allow":["GET"]}}],"collection":[{"href":"https:\/\/logon.media\/pt-br\/wp-json\/wp\/v2\/logon_article"}],"about":[{"href":"https:\/\/logon.media\/pt-br\/wp-json\/wp\/v2\/types\/logon_article"}],"author":[{"embeddable":true,"href":"https:\/\/logon.media\/pt-br\/wp-json\/wp\/v2\/users\/1"}],"wp:featuredmedia":[{"embeddable":true,"href":"https:\/\/logon.media\/pt-br\/wp-json\/wp\/v2\/media\/7128"}],"wp:attachment":[{"href":"https:\/\/logon.media\/pt-br\/wp-json\/wp\/v2\/media?parent=89978"}],"wp:term":[{"taxonomy":"post_tag","embeddable":true,"href":"https:\/\/logon.media\/pt-br\/wp-json\/wp\/v2\/tags?post=89978"},{"taxonomy":"category_","embeddable":true,"href":"https:\/\/logon.media\/pt-br\/wp-json\/wp\/v2\/category_?post=89978"},{"taxonomy":"tags_english_","embeddable":true,"href":"https:\/\/logon.media\/pt-br\/wp-json\/wp\/v2\/tags_english_?post=89978"}],"curies":[{"name":"wp","href":"https:\/\/api.w.org\/{rel}","templated":true}]}}