{"id":89057,"date":"2018-06-03T23:41:36","date_gmt":"2018-06-03T23:41:36","guid":{"rendered":"https:\/\/logon.media\/logon_article\/se-voce-fosse-um-guarani\/"},"modified":"2024-11-13T20:04:51","modified_gmt":"2024-11-13T20:04:51","slug":"se-voce-fosse-um-guarani","status":"publish","type":"logon_article","link":"https:\/\/logon.media\/pt-br\/logon_article\/se-voce-fosse-um-guarani\/","title":{"rendered":"Se voc\u00ea fosse um Guarani"},"content":{"rendered":"<p style=\"text-align: center;\">PODCAST<\/p>\n<!--[if lt IE 9]><script>document.createElement('audio');<\/script><![endif]-->\n<audio class=\"wp-audio-shortcode\" id=\"audio-89057-1\" preload=\"none\" style=\"width: 100%;\" controls=\"controls\"><source type=\"audio\/mpeg\" src=\"https:\/\/logon.media\/wp-content\/uploads\/2024\/10\/Se-voce-fosse-um-Guarani.mp3?_=1\" \/><a href=\"https:\/\/logon.media\/wp-content\/uploads\/2024\/10\/Se-voce-fosse-um-Guarani.mp3\">https:\/\/logon.media\/wp-content\/uploads\/2024\/10\/Se-voce-fosse-um-Guarani.mp3<\/a><\/audio>\n<p class=\"text-align-justify\">Imagine o que \u00e9 fazer parte de um grupo de 897 mil pessoas que sabe muito mais da hist\u00f3ria do seu territ\u00f3rio do que os demais 207 milh\u00f5es que tamb\u00e9m vivem nele. Imagine que voc\u00ea n\u00e3o descende de europeus, africanos ou asi\u00e1ticos, mas que vem da Tradi\u00e7\u00e3o da Lua. Tente imaginar que tipo de comportamento seria invocado em voc\u00ea se descobrisse que pertence a essa tradi\u00e7\u00e3o!<\/p>\n<p class=\"text-align-justify\">Considere que seus ancestrais circulam por essa terra h\u00e1 no m\u00ednimo 12 mil anos, sem nunca talvez terem cruzado os oceanos. As hist\u00f3rias que voc\u00ea sabe sobre seu povo e a terra onde mora foram contadas de quem ouviu contar, passando de boca em boca. Voc\u00ea \u00e9 fruto das escolhas e descobertas de ancestrais que n\u00e3o tiveram acesso ao que estava sendo pensado do outro lado do mundo, e assim criou, descobriu ou inventou sua pr\u00f3pria forma de se alimentar, proteger, conviver e se relacionar com o divino. Aproxime mais o foco: se voc\u00ea \u00e9 da Tradi\u00e7\u00e3o da Lua, pode muito bem ser um dos 146.000 tupis-guaranis, o maior tronco lingu\u00edstico ind\u00edgena do Brasil.<\/p>\n<p class=\"text-align-justify\">Das centenas de etnias que habitaram a Am\u00e9rica do Sul em milhares de anos, no Brasil destacam-se principalmente os guaranis e os tupinamb\u00e1s, cada um com tra\u00e7os espec\u00edficos. Em algum momento hist\u00f3rico, houve uma cis\u00e3o entre eles, ficando os tupinamb\u00e1s apoiados em um filosofia mais guerreira e seu povo, os guaranis, mais focado em pr\u00e1ticas devocionais.Os Tupinamb\u00e1s seguiram a Tradi\u00e7\u00e3o do Sol, eram guerreiros, viajantes, navegadores, expansionistas. Cruzaram o Brasil deixando rastros de sua cultura e de sua l\u00edngua. Desenvolveram a arte da conquista atrav\u00e9s da batalha, da ca\u00e7a e da agricultura. Criaram sua medicina a partir do controle dos esp\u00edritos da natureza, e manejaram chuvas, plantas e culturas. No oposto disso, seu povo, o tupi guarani, seguiu a Tradi\u00e7\u00e3o da Lua e teceu um conhecimento para o interior da Terra e de si. Seus ancestrais desenvolveram a medicina do sonho, da reflex\u00e3o, da filosofia e da arte. Buscaram aprender com os esp\u00edritos da natureza os fundamentos da exist\u00eancia, enchendo de delicadeza as coisas que comp\u00f5em sua espiritualidade.<\/p>\n<p class=\"text-align-justify\">A capacidade de abstra\u00e7\u00e3o do seu povo contraria a ideia de selvageria atribu\u00edda aos ind\u00edgenas. Selvagens n\u00e3o teriam um livro de c\u00e2nticos milenares como o <em>ayvu-rapyta<\/em>, que significa \u201cos fundamentos do ser\u201d, com o poder de amansar o Trov\u00e3o e o Vento, ou a Alma e a Mente.<\/p>\n<p class=\"text-align-justify\">Como para voc\u00eas, guaranis, rezar \u00e9 estar verticalizado, integrado com o c\u00e9u e a Terra, \u00e9 necess\u00e1rio dedicar-se ao entendimento e \u00e0 express\u00e3o da devo\u00e7\u00e3o, de fervor sagrado, mediante a ora\u00e7\u00e3o, a dan\u00e7a e o canto.<\/p>\n<blockquote>\n<p class=\"text-align-justify\"><em>Nosso Pai, o Grande Mist\u00e9rio, o primeiro<\/em><\/p>\n<p class=\"text-align-justify\"><em>antes de haver-se criado,<\/em><\/p>\n<p class=\"text-align-justify\"><em>no curso de sua evolu\u00e7\u00e3o,<\/em><\/p>\n<p class=\"text-align-justify\"><em>sua futura morada,<\/em><\/p>\n<p class=\"text-align-justify\"><em>sustenta-se no Vazio.<\/em><\/p>\n<p class=\"text-align-justify\"><em>Antes que existisse sol<\/em><\/p>\n<p class=\"text-align-justify\"><em>ele existia pelo reflexo de seu pr\u00f3prio cora\u00e7\u00e3o<\/em><\/p>\n<p class=\"text-align-justify\"><em>e fazia-se servir de sol dentro de sua pr\u00f3pria<\/em><\/p>\n<p class=\"text-align-justify\"><em>divindade.<\/em><\/p>\n<\/blockquote>\n<p class=\"text-align-justify\">Com a dedica\u00e7\u00e3o e a atividade dos cantos, voc\u00eas podem obter o <em>onhemonkandire<\/em>, que significa encontrar o caminho para a imortalidade sem passar pela morte f\u00edsica. Se diss\u00e9ssemos que h\u00e1 semelhan\u00e7a do <em>onhemonkandire<\/em> com outras culturas, voc\u00ea acreditaria?<\/p>\n<p class=\"text-align-justify\">A <em>via crucis<\/em> dos crist\u00e3os, por exemplo, \u00e9 o caminho que conduz \u00e0 morte e ressurrei\u00e7\u00e3o para a vida eterna. \u00c9 not\u00f3rio que, assim como o seu povo, tantos outros tenham se preocupado com a quest\u00e3o da vida eterna. Mais not\u00f3rio ainda \u00e9 que voc\u00eas tenham vislumbrado a possibilidade de uma \u201cressurrei\u00e7\u00e3o\u201d ainda nesta vida: a morte do velho \u201ceu\u201d e o renascimento do ser imortal.<\/p>\n<p class=\"text-align-justify\">Talvez o elo misterioso que os ligue a todos os povos do mundo seja a percep\u00e7\u00e3o di\u00e1ria do nascer e morrer do sol, e da serenidade da lua, capaz de iluminar as veredas em meio \u00e0 escurid\u00e3o. Esses astros ensinaram a voc\u00eas e aos Tupinamb\u00e1s maneiras diversas de sentir o mundo e de interagir com ele.<\/p>\n<p class=\"text-align-justify\">Imaginamos que voc\u00eas possam ter se separado dos Tupinamb\u00e1s justamente para que o conhecimento do caminho interior fosse preservado&#8230; Assim, enquanto os tupinamb\u00e1s se expuseram, lutaram e foram praticamente dizimados, o seu povo guarani p\u00f4de nutrir e carregar consigo todo o conhecimento m\u00edstico forjado no interior das florestas.<\/p>\n<p class=\"text-align-justify\">Meu caro, se voc\u00ea se descobrisse da linhagem dos guaranis, quem sabe pudesse encontrar explica\u00e7\u00f5es para muito do que se passa no seu \u00edntimo, heran\u00e7a subterr\u00e2nea de um inconsciente primitivo e de uma forte espiritualidade.<\/p>\n<p class=\"text-align-justify\">\n","protected":false},"author":1,"featured_media":3094,"template":"","meta":{"_acf_changed":false},"tags":[],"category_":[110082],"tags_english_":[],"class_list":["post-89057","logon_article","type-logon_article","status-publish","has-post-thumbnail","hentry","category_-livingpast-pt-br"],"acf":[],"_links":{"self":[{"href":"https:\/\/logon.media\/pt-br\/wp-json\/wp\/v2\/logon_article\/89057","targetHints":{"allow":["GET"]}}],"collection":[{"href":"https:\/\/logon.media\/pt-br\/wp-json\/wp\/v2\/logon_article"}],"about":[{"href":"https:\/\/logon.media\/pt-br\/wp-json\/wp\/v2\/types\/logon_article"}],"author":[{"embeddable":true,"href":"https:\/\/logon.media\/pt-br\/wp-json\/wp\/v2\/users\/1"}],"wp:featuredmedia":[{"embeddable":true,"href":"https:\/\/logon.media\/pt-br\/wp-json\/wp\/v2\/media\/3094"}],"wp:attachment":[{"href":"https:\/\/logon.media\/pt-br\/wp-json\/wp\/v2\/media?parent=89057"}],"wp:term":[{"taxonomy":"post_tag","embeddable":true,"href":"https:\/\/logon.media\/pt-br\/wp-json\/wp\/v2\/tags?post=89057"},{"taxonomy":"category_","embeddable":true,"href":"https:\/\/logon.media\/pt-br\/wp-json\/wp\/v2\/category_?post=89057"},{"taxonomy":"tags_english_","embeddable":true,"href":"https:\/\/logon.media\/pt-br\/wp-json\/wp\/v2\/tags_english_?post=89057"}],"curies":[{"name":"wp","href":"https:\/\/api.w.org\/{rel}","templated":true}]}}