{"id":88915,"date":"2018-03-13T09:04:59","date_gmt":"2018-03-13T09:04:59","guid":{"rendered":"https:\/\/logon.media\/logon_article\/heranca-transmissao-vida\/"},"modified":"2025-01-02T13:35:09","modified_gmt":"2025-01-02T13:35:09","slug":"heranca-transmissao-vida","status":"publish","type":"logon_article","link":"https:\/\/logon.media\/pt-br\/logon_article\/heranca-transmissao-vida\/","title":{"rendered":"Heran\u00e7a, Transmiss\u00e3o, Vida"},"content":{"rendered":"<p><iframe title=\"Spotify Embed: #71 Heran\u00e7a, transmiss\u00e3o, vida.\" style=\"border-radius: 12px\" width=\"100%\" height=\"152\" frameborder=\"0\" allowfullscreen allow=\"autoplay; clipboard-write; encrypted-media; fullscreen; picture-in-picture\" loading=\"lazy\" src=\"https:\/\/open.spotify.com\/embed\/episode\/2YsV6HcF1uEPQOPXuRISKQ?si=tSP3MN9YSU-Hx7LIQr3Aag&amp;utm_source=oembed\"><\/iframe><\/p>\n<p>Os elevados valores que inspiram nosso trabalho interior ao longo do caminho s\u00e3o mais do que ideias filos\u00f3ficas ou esot\u00e9ricas. Eles s\u00e3o tang\u00edveis e transmiss\u00edveis porque prov\u00eam de cora\u00e7\u00f5es e cabe\u00e7as que tomaram esse curso no passado. Podemos ser gratos a todas as almas inspiradas que trabalharam incansavelmente para nos guiar ao despertar da consci\u00eancia humana: gera\u00e7\u00f5es de pioneiros constru\u00edram generosamente os caminhos que seguimos hoje. Eles abriram cora\u00e7\u00f5es e mentes para a universalidade da Gnosis. Como deveremos refletir sobre esse tesouro, essa heran\u00e7a magn\u00edfica?<\/p>\n<p>N\u00e3o temos crit\u00e9rios \u2013 o que \u00e9 muito bom \u2013 para mensurar nossa pr\u00f3pria influ\u00eancia neste mundo.<\/p>\n<p>Mas podemos estar conscientes do que recebemos; e ser capazes de transmitir esse tesouro intang\u00edvel.<\/p>\n<p>Quando algu\u00e9m abandona seu inv\u00f3lucro material, deixa para n\u00f3s uma parte de suas qualidades, ideais, ou a <em>ess\u00eancia <\/em>de sua conex\u00e3o com o Esp\u00edrito, no n\u00edvel que alcan\u00e7ou. Sim: a alma-sangue que foi liberada \u00e9 transmitida exatamente como uma heran\u00e7a, ao redor do falecido, em favor dos que ainda est\u00e3o vivos na mat\u00e9ria e que necessitar\u00e3o dela.<\/p>\n<p>Isso acontece sob a forma de um impulso de for\u00e7a ou palavras de verdade. Nem sempre estamos conscientes disso, e demoramos a compreender esta quest\u00e3o ou faz\u00ea-la florescer. Ainda assim, \u00e9 nossa heran\u00e7a espiritual. Ent\u00e3o, se a realidade est\u00e1 em n\u00edvel individual, imagine como deve ser em n\u00edvel coletivo!<\/p>\n<p>Ent\u00e3o, onde ocorre essa transmiss\u00e3o de bens?<\/p>\n<p>Onde ocorre a cerim\u00f4nia secreta, na qual somos enobrecidos para os mais elevados valores, que a Fraternidade da Luz reuniu e guardou para n\u00f3s? Onde poderia ser, sen\u00e3o no cora\u00e7\u00e3o do templo? Onde, sen\u00e3o no sil\u00eancio de almas contemplativas?<\/p>\n<p>No entanto, essa for\u00e7a \u00e9 para TODOS e n\u00e3o somente para alguns.<\/p>\n<p>Devemos ent\u00e3o, por nossa vez, pass\u00e1-la adiante e oferec\u00ea-la a todos! N\u00e3o nos compete aceitar ou recusar essa voca\u00e7\u00e3o. Um tesouro de luz que recebemos \u00e9 nosso tributo. Viver em esp\u00edrito \u00e9, portanto, aceitar que temos uma tarefa, miss\u00e3o e responsabilidade que devemos transmitir por nossa vez.<\/p>\n<p>Pense nas sociedades tradicionais, nas quais o anci\u00e3o (algumas vezes o <em>c\u00edrculo de anci\u00e3os<\/em>), sustem o conhecimento e a magia. Ele \u00e9 o guardi\u00e3o desse conhecimento e magia at\u00e9 que uma nova gera\u00e7\u00e3o seja capaz de assumir a responsabilidade pela heran\u00e7a e transmiti-la com sabedoria. Na \u00c1frica \u00e9 dito que \u201cquando um velho homem morre, uma biblioteca \u00e9 reduzida a cinzas\u201d. Mas, n\u00f3s somos os transmissores da for\u00e7a pura que o poder divino envia ao mundo, para as almas confiadas a n\u00f3s. \u00c9 nosso dever gui\u00e1-las at\u00e9 a transmuta\u00e7\u00e3o para que nada desapare\u00e7a.<\/p>\n<p>Pela conscientiza\u00e7\u00e3o da heran\u00e7a recebida, por meio da for\u00e7a transmitida por nossos irm\u00e3os e irm\u00e3s no caminho espiritual em todas as \u00e9pocas e locais, desempenhamos nosso papel ao lado deles em esp\u00edrito. Essa \u00e9 tamb\u00e9m a joia que recebemos em troca. Porque \u201cDai e vos ser\u00e1 dado\u2026\u201d \u00e9 uma lei indubitavelmente verdadeira, mas tamb\u00e9m \u00e9 a manifesta\u00e7\u00e3o de um ciclo: um dom engendra outro, em uma nutridora espiral de alegria. Somos ao mesmo tempo herdeiros e doadores espirituais. \u00c9 assim que somos inseridos no centro da vida impessoal e fraterna.<\/p>\n<p>&nbsp;<\/p>\n<p>&nbsp;<\/p>\n","protected":false},"author":922,"featured_media":2754,"template":"","meta":{"_acf_changed":false},"tags":[],"category_":[110082],"tags_english_":[],"class_list":["post-88915","logon_article","type-logon_article","status-publish","has-post-thumbnail","hentry","category_-livingpast-pt-br"],"acf":[],"_links":{"self":[{"href":"https:\/\/logon.media\/pt-br\/wp-json\/wp\/v2\/logon_article\/88915","targetHints":{"allow":["GET"]}}],"collection":[{"href":"https:\/\/logon.media\/pt-br\/wp-json\/wp\/v2\/logon_article"}],"about":[{"href":"https:\/\/logon.media\/pt-br\/wp-json\/wp\/v2\/types\/logon_article"}],"author":[{"embeddable":true,"href":"https:\/\/logon.media\/pt-br\/wp-json\/wp\/v2\/users\/922"}],"wp:featuredmedia":[{"embeddable":true,"href":"https:\/\/logon.media\/pt-br\/wp-json\/wp\/v2\/media\/2754"}],"wp:attachment":[{"href":"https:\/\/logon.media\/pt-br\/wp-json\/wp\/v2\/media?parent=88915"}],"wp:term":[{"taxonomy":"post_tag","embeddable":true,"href":"https:\/\/logon.media\/pt-br\/wp-json\/wp\/v2\/tags?post=88915"},{"taxonomy":"category_","embeddable":true,"href":"https:\/\/logon.media\/pt-br\/wp-json\/wp\/v2\/category_?post=88915"},{"taxonomy":"tags_english_","embeddable":true,"href":"https:\/\/logon.media\/pt-br\/wp-json\/wp\/v2\/tags_english_?post=88915"}],"curies":[{"name":"wp","href":"https:\/\/api.w.org\/{rel}","templated":true}]}}