{"id":88789,"date":"2017-12-05T11:29:23","date_gmt":"2017-12-05T11:29:23","guid":{"rendered":"https:\/\/logon.media\/logon_article\/terra-sagrada\/"},"modified":"2017-12-05T11:29:23","modified_gmt":"2017-12-05T11:29:23","slug":"terra-sagrada","status":"publish","type":"logon_article","link":"https:\/\/logon.media\/pt-br\/logon_article\/terra-sagrada\/","title":{"rendered":"Terra Sagrada"},"content":{"rendered":"<p>Este texto foi lido durante o evento &#8220;24h de medita\u00e7\u00e3o sobre a Terra&#8221; em Toulouse, na Fran\u00e7a. Esta a\u00e7\u00e3o, que tamb\u00e9m est\u00e1 acontecendo em outras cidades do mundo, teve como objetivo lembrar a natureza sagrada da Terra e convidar os tomadores de decis\u00e3o do mundo a adotar uma nova postura para o futuro.<\/p>\n<p>Um dia, uma crian\u00e7a dirigiu-se a mim e perguntou:<\/p>\n<p>\u2013 Quando eu for mais velho, posso viver onde eu quiser?<\/p>\n<p>\u2013 Claro! \u2013 respondi. A Terra n\u00e3o pertence a ningu\u00e9m. Todo mundo \u00e9 livre para descobrir sua beleza e para se instalar onde quiser.<\/p>\n<p>Mas, enquanto dizia isso, me perguntava se era realmente verdade. Pensei que havia alguns lugares na Terra que eu n\u00e3o recomendaria para viver. Os conflitos, a geopol\u00edtica, a destrui\u00e7\u00e3o dos ecossistemas, a preda\u00e7\u00e3o dos recursos, a polui\u00e7\u00e3o e os problemas clim\u00e1ticos provocaram inseguran\u00e7a para muitas pessoas, causando fluxos de migra\u00e7\u00e3o for\u00e7ada, que nunca tinham sido testemunhados antes. Hoje em dia, n\u00e3o podemos dizer a uma crian\u00e7a que ela \u00e9 livre para ir aonde quiser, na Terra. A Terra tornou-se uma propriedade, um espa\u00e7o privado, cobi\u00e7ado ou \u00e0s vezes desprotegido, abandonado. Mas a Terra realmente nos pertence? Ou ser\u00e1 que se transformou na geladeira da humanidade? Como imaginamos o lugar onde vivemos?<\/p>\n<p>O Planeta Azul \u2013 e esperamos que ele nunca se torne o Planeta Cinzento \u2013 \u00e9 um organismo vivo. \u00c9 dotado de sensibilidade, termina\u00e7\u00f5es nervosas, fluidos vitais, pulm\u00f5es, cora\u00e7\u00e3o magn\u00e9tico sempre batendo: portanto, \u00e9 um corpo animado. A Terra respira, move-se, d\u00e1 vida e carrega com ela todas as nossas vidas. O que ser\u00edamos sem ela? Quem nos alimentaria? Quem nos acolheria? Quem nos protegeria das radia\u00e7\u00f5es c\u00f3smicas? Afinal, onde est\u00e3o situados nossos projetos, nossas civiliza\u00e7\u00f5es, nossas vidas? 100% do que empreendemos \u00e9 poss\u00edvel gra\u00e7as \u00e0 Terra: at\u00e9 mesmo quando enviamos uma sonda para os limites do espa\u00e7o sideral.<\/p>\n<p>A Terra \u00e9 nossa irm\u00e3. Ser\u00e1 que somos feitos de um material diferente?<\/p>\n<p>Os \u00e1tomos que comp\u00f5em nossos corpos e os da Terra v\u00eam das mesmas estrelas. A base de organismos vivos \u2013 hidrog\u00eanio, oxig\u00eanio, nitrog\u00eanio e carbono \u2013 \u00e9 poeira estelar. Compartilhamos com nosso planeta a mesma heran\u00e7a. Essa unidade at\u00f4mica, intr\u00ednseca \u00e0s nossas constitui\u00e7\u00f5es, representa mais do que um simples dado cient\u00edfico.<\/p>\n<p>A Terra e a humanidade s\u00e3o uma coisa s\u00f3! Seus destinos s\u00e3o insepar\u00e1veis. \u00c9 por isso que n\u00e3o podemos pensar no futuro do homem sem pensar na Terra.<\/p>\n<p>Seguindo esse caminho, podemos elevar nossa vis\u00e3o muito al\u00e9m das apar\u00eancias externas. O homem \u00e9 apenas um corpo? Uma psique? N\u00e3o. Ele tamb\u00e9m \u00e9 um ser espiritual, que possui em seu cora\u00e7\u00e3o um fragmento de luz, um germe de vida imortal. Se a Terra e a humanidade s\u00e3o unas, ent\u00e3o, nosso planeta tamb\u00e9m possui todas essas dimens\u00f5es. Ele \u00e9 a Terra, mas tamb\u00e9m \u00e9 a Terra celestial, que gera, a partir de seu Sol central, a vida que n\u00e3o tem fim.&nbsp;<\/p>\n<p>A vida \u00e9 sagrada.&nbsp;<\/p>\n<p>O ser humano tamb\u00e9m \u00e9 sagrado.&nbsp;<\/p>\n<p>A Terra tamb\u00e9m.<\/p>\n<p>Precisamos reinventar nossa pr\u00f3pria concep\u00e7\u00e3o do que v\u00eam a ser \u201cseres vivos\u201d. O ser humano carrega em si todos os aspectos da Terra. De acordo com a consci\u00eancia que o move, ele \u00e9 o testemunho da grandeza de nosso planeta.<\/p>\n<p>&nbsp;<\/p>\n<p><em>\u201cEu sou a Terra.<br \/>\nSou os oceanos e os vales.<br \/>\nSou as montanhas que se elevam para fazer c\u00f3cegas no c\u00e9u.<\/em><\/p>\n<p><em>Sou os rios que serpenteiam atrav\u00e9s de nossas terras.<\/em><\/p>\n<p><em>Sou rocha, areia e terra.<\/em><\/p>\n<p><em>Sou c\u00e9u, nuvens e vento.<\/em><\/p>\n<p><em>Sou o fogo que crepita em tuas entranhas.<\/em><\/p>\n<p><em>Sou as flores, t\u00e3o lindas, e os animais, t\u00e3o diversos.<\/em><\/p>\n<p><em>Sou pessoas de todas as idades.<\/em><\/p>\n<p><em>Sou a aurora boreal, que ilumina nossos c\u00e9us.<\/em><\/p>\n<p><em>Sou a alma do mundo, que acolhe e conforta.<\/em><\/p>\n<p><em>Sou a centelha que ilumina nossas almas.<\/em><\/p>\n<p><em>Sou o esp\u00edrito vivente que arde em teu cora\u00e7\u00e3o.<\/em><\/p>\n<p><em>Sou a m\u00e3e dos vivos.<\/em><\/p>\n<p><em>Eu sou a Terra! &#8220;<\/em><\/p>\n","protected":false},"author":914,"featured_media":2585,"template":"","meta":{"_acf_changed":false},"tags":[],"category_":[110120],"tags_english_":[],"class_list":["post-88789","logon_article","type-logon_article","status-publish","has-post-thumbnail","hentry","category_-zeitgeist-pt-br"],"acf":[],"_links":{"self":[{"href":"https:\/\/logon.media\/pt-br\/wp-json\/wp\/v2\/logon_article\/88789","targetHints":{"allow":["GET"]}}],"collection":[{"href":"https:\/\/logon.media\/pt-br\/wp-json\/wp\/v2\/logon_article"}],"about":[{"href":"https:\/\/logon.media\/pt-br\/wp-json\/wp\/v2\/types\/logon_article"}],"author":[{"embeddable":true,"href":"https:\/\/logon.media\/pt-br\/wp-json\/wp\/v2\/users\/914"}],"wp:featuredmedia":[{"embeddable":true,"href":"https:\/\/logon.media\/pt-br\/wp-json\/wp\/v2\/media\/2585"}],"wp:attachment":[{"href":"https:\/\/logon.media\/pt-br\/wp-json\/wp\/v2\/media?parent=88789"}],"wp:term":[{"taxonomy":"post_tag","embeddable":true,"href":"https:\/\/logon.media\/pt-br\/wp-json\/wp\/v2\/tags?post=88789"},{"taxonomy":"category_","embeddable":true,"href":"https:\/\/logon.media\/pt-br\/wp-json\/wp\/v2\/category_?post=88789"},{"taxonomy":"tags_english_","embeddable":true,"href":"https:\/\/logon.media\/pt-br\/wp-json\/wp\/v2\/tags_english_?post=88789"}],"curies":[{"name":"wp","href":"https:\/\/api.w.org\/{rel}","templated":true}]}}