{"id":123668,"date":"2025-12-08T20:30:17","date_gmt":"2025-12-08T20:30:17","guid":{"rendered":"https:\/\/logon.media\/?post_type=logon_article&#038;p=123668"},"modified":"2026-01-23T17:40:20","modified_gmt":"2026-01-23T17:40:20","slug":"o-que-esta-acontecendo","status":"publish","type":"logon_article","link":"https:\/\/logon.media\/pt-br\/logon_article\/o-que-esta-acontecendo\/","title":{"rendered":"O que est\u00e1 acontecendo?"},"content":{"rendered":"<p><i><span style=\"font-weight: 400;\">Voc\u00ea est\u00e1 pronto?<\/span><\/i><\/p>\n<p><!--more--><\/p>\n<p><iframe title=\"Spotify Embed: #205 O que esta\u0301 acontecendo?\" style=\"border-radius: 12px\" width=\"100%\" height=\"152\" frameborder=\"0\" allowfullscreen allow=\"autoplay; clipboard-write; encrypted-media; fullscreen; picture-in-picture\" loading=\"lazy\" src=\"https:\/\/open.spotify.com\/embed\/episode\/0L86dVDG9xSMqcmQFBriqp?si=UYVKNjSYSFabcquD_XNZHQ&amp;utm_source=oembed\"><\/iframe><\/p>\n<p><span style=\"font-weight: 400;\">A fotografia de uma obra de arte inspiradora foi compartilhada comigo e alguns conhecidos idosos para avalia\u00e7\u00e3o.A primeira rea\u00e7\u00e3o foi de perplexidade e leve confus\u00e3o.\u00a0<\/span><\/p>\n<p><span style=\"font-weight: 400;\">O que \u00e9 isso?<\/span><\/p>\n<p><span style=\"font-weight: 400;\">Algumas sugest\u00f5es surgiram.\u00a0 Para muitos, a imagem parecia representar a Terra, mas o qu\u00ea exatamente? Ap\u00f3s reflex\u00f5es, comentou-se que talvez estiv\u00e9ssemos vendo a mesma coisa, mas com perspectivas diferentes. O neto de um dos participantes acrescentou o que ele percebeu como uma correla\u00e7\u00e3o \u00f3bvia. &#8220;\u00c9 um c\u00edrculo&#8221;. Sob esses diferentes pontos de vista, podia muito bem ser a Terra. No entanto, na pintura havia uma conex\u00e3o, uma linha circular branca com pontos interligados.<\/span><\/p>\n<p><span style=\"font-weight: 400;\">O artista estava presente e incentivou o grupo ao sugerir que todos que contemplam uma obra de arte contribuem, em \u00faltima an\u00e1lise, com mais informa\u00e7\u00f5es sobre o que o artista pretendia apresentar.<\/span><\/p>\n<p><span style=\"font-weight: 400;\">A pintura continha um c\u00edrculo, como foi notado, e tal c\u00edrculo poderia estar circundando a Terra. A Terra, em si, tamb\u00e9m era um c\u00edrculo. C\u00edrculos n\u00e3o t\u00eam come\u00e7o nem fim. Cada c\u00edrculo simplesmente \u00e9. Ele abrange perspectivas infinitas, movimento infinito, mudan\u00e7a infinita. Nosso grupo de velhos conhecidos podia ser considerado tamb\u00e9m um tipo de c\u00edrculo onde cada um constitu\u00eda uma fonte dessa mudan\u00e7a infinita, contribuindo para ela. Os componentes de um c\u00edrculo s\u00e3o sua potencial oportunidade de mudan\u00e7a. Um c\u00edrculo n\u00e3o pode mudar a menos que seus componentes mudem.\u00a0<\/span><\/p>\n<p><span style=\"font-weight: 400;\">A conversa passou a girar em torno das mudan\u00e7as em nosso planeta. Ele est\u00e1 passando por uma transforma\u00e7\u00e3o vasta e intermin\u00e1vel e isso j\u00e1 acontece h\u00e1 muito tempo, muito mais do que podemos imaginar.<\/span><\/p>\n<p><span style=\"font-weight: 400;\">Mas voc\u00ea j\u00e1 percebeu isso, realmente percebeu conscientemente?\u00a0<\/span><\/p>\n<p><span style=\"font-weight: 400;\">Estamos t\u00e3o ocupados que, provavelmente, at\u00e9 agora pouqu\u00edssimos de n\u00f3s reconhecemos qualquer mudan\u00e7a significativa. E se reconhecemos e comentamos, especulamos ou reagimos a ela, podemos ter sido ridicularizados, ignorados ou alvo de risos.<\/span><\/p>\n<p><span style=\"font-weight: 400;\">Como nosso bom, est\u00e1vel e tranquilo planeta poderia mudar? Por que precisaria mudar?\u00a0<\/span><\/p>\n<p><span style=\"font-weight: 400;\">Mas olhe ao redor, ele est\u00e1 mudando e tem mudado desde que nos lembramos! Durante a maior parte desse tempo, considerou-se arriscado demais interferir neste processo, efetuar qualquer mudan\u00e7a e, de qualquer maneira, n\u00e3o ser\u00edamos capazes de faz\u00ea-lo. Por que considerar tais coisas? &#8211; era o que se perguntava.\u00a0<\/span><\/p>\n<p><span style=\"font-weight: 400;\">Apesar das transforma\u00e7\u00f5es evidentes do planeta, as pessoas questionaram e ainda questionam a necessidade de mudan\u00e7a, embora essa quest\u00e3o tenha se tornado urgente nos tempos atuais. N\u00e3o \u00e9 mais uma quest\u00e3o para o futuro, \u00e9 uma quest\u00e3o para o agora. As mudan\u00e7as est\u00e3o acontecendo muito intensamente agora. Por qu\u00ea? O que est\u00e1 acontecendo?\u00a0<\/span><\/p>\n<p><span style=\"font-weight: 400;\">Houve um tempo em que come\u00e7amos a fazer essa pergunta, mas n\u00e3o com urg\u00eancia, porque ela sempre se referia ao futuro. Sim, as pessoas admitiam que uma mudan\u00e7a era necess\u00e1ria, <\/span><i><span style=\"font-weight: 400;\">\u201cmas n\u00e3o agora, vamos deixar para depois<\/span><\/i><span style=\"font-weight: 400;\">\u201d. Mas quando seria esse depois? Ningu\u00e9m sabia ao certo.<\/span><\/p>\n<p><span style=\"font-weight: 400;\">&#8220;<\/span><i><span style=\"font-weight: 400;\">Se voc\u00ea quer mudar o mundo, mude a si mesmo<\/span><\/i><span style=\"font-weight: 400;\">&#8221; \u00e9 uma frase que ouvimos com cada vez mais frequ\u00eancia hoje em dia, quando o futuro, o &#8220;agora&#8221;, j\u00e1 est\u00e1 claramente presente. Estamos no agora, contribu\u00edmos para ele, o criamos. E somos os \u00fanicos que podem efetuar uma mudan\u00e7a, pois fazemos parte dele e sempre fizemos. E podemos fazer isso! N\u00e3o como no passado, n\u00e3o por meio de tentativas intermin\u00e1veis \u200b\u200bde mudar o que nos rodeia, nossa realidade externa, mas por uma abordagem completamente diferente, tomando uma dire\u00e7\u00e3o integralmente nova.\u00a0<\/span><\/p>\n<p><span style=\"font-weight: 400;\">Podemos efetuar essa mudan\u00e7a, mas n\u00e3o tentando construir sobre o que j\u00e1 se provou ineficaz ou mesmo relativamente eficaz por um curto per\u00edodo. N\u00e3o olhando para o exterior, onde o caos e a confus\u00e3o se tornam cada vez mais desenfreados a cada dia. Agora, nossa tarefa \u00e9 olhar profundamente para dentro de n\u00f3s mesmos, mas tamb\u00e9m para tudo o que vemos ao nosso redor, fora de n\u00f3s, em nossa comunidade, nosso mundo, nosso habitat. N\u00e3o individualmente, mas como um conjunto. Como almas afins. Quando conseguirmos fazer isso, quando alcan\u00e7armos esse ponto, individual e globalmente, \u00e9 que algo poder\u00e1 acontecer, \u00e9 que a compreens\u00e3o e as perspectivas poder\u00e3o mudar.<\/span><\/p>\n<p><span style=\"font-weight: 400;\">S\u00f3 ent\u00e3o poderemos fazer parte do c\u00edrculo que envolve a Terra, o que nos levar\u00e1 para uma nova dire\u00e7\u00e3o. Podemos at\u00e9 indagar: &#8220;O que est\u00e1 acontecendo?!\u201d\u00a0<\/span><\/p>\n<p><span style=\"font-weight: 400;\">Mas voc\u00ea est\u00e1 pronto?<\/span><\/p>\n","protected":false},"author":609,"featured_media":121606,"template":"","meta":{"_acf_changed":false},"tags":[],"category_":[110120],"tags_english_":[],"class_list":["post-123668","logon_article","type-logon_article","status-publish","has-post-thumbnail","hentry","category_-zeitgeist-pt-br"],"acf":[],"_links":{"self":[{"href":"https:\/\/logon.media\/pt-br\/wp-json\/wp\/v2\/logon_article\/123668","targetHints":{"allow":["GET"]}}],"collection":[{"href":"https:\/\/logon.media\/pt-br\/wp-json\/wp\/v2\/logon_article"}],"about":[{"href":"https:\/\/logon.media\/pt-br\/wp-json\/wp\/v2\/types\/logon_article"}],"author":[{"embeddable":true,"href":"https:\/\/logon.media\/pt-br\/wp-json\/wp\/v2\/users\/609"}],"wp:featuredmedia":[{"embeddable":true,"href":"https:\/\/logon.media\/pt-br\/wp-json\/wp\/v2\/media\/121606"}],"wp:attachment":[{"href":"https:\/\/logon.media\/pt-br\/wp-json\/wp\/v2\/media?parent=123668"}],"wp:term":[{"taxonomy":"post_tag","embeddable":true,"href":"https:\/\/logon.media\/pt-br\/wp-json\/wp\/v2\/tags?post=123668"},{"taxonomy":"category_","embeddable":true,"href":"https:\/\/logon.media\/pt-br\/wp-json\/wp\/v2\/category_?post=123668"},{"taxonomy":"tags_english_","embeddable":true,"href":"https:\/\/logon.media\/pt-br\/wp-json\/wp\/v2\/tags_english_?post=123668"}],"curies":[{"name":"wp","href":"https:\/\/api.w.org\/{rel}","templated":true}]}}