{"id":111824,"date":"2024-09-30T18:08:27","date_gmt":"2024-09-30T18:08:27","guid":{"rendered":"https:\/\/logon.media\/?post_type=logon_article&#038;p=111824"},"modified":"2024-10-22T20:24:52","modified_gmt":"2024-10-22T20:24:52","slug":"despertar-de-sonhos","status":"publish","type":"logon_article","link":"https:\/\/logon.media\/pt-br\/logon_article\/despertar-de-sonhos\/","title":{"rendered":"Despertar de Sonhos"},"content":{"rendered":"<p>Quem olha para fora sonha,<br \/>\nquem olha para dentro desperta.<br \/>\nCarl G Jung<\/p>\n<p><iframe title=\"Spotify Embed: #152 Despertar de sonhos\" style=\"border-radius: 12px\" width=\"100%\" height=\"152\" frameborder=\"0\" allowfullscreen allow=\"autoplay; clipboard-write; encrypted-media; fullscreen; picture-in-picture\" loading=\"lazy\" src=\"https:\/\/open.spotify.com\/embed\/episode\/2GZHNFgOd00BPyO0FZTwgV?si=ToOu0826R1KOYCIAjmaFwg&amp;utm_source=oembed\"><\/iframe><\/p>\n<p>O sono do corpo \u00e9 a lucidez da Alma; o fechar dos olhos \u00e9 a verdadeira vis\u00e3o, diz Hermes Trismegisto.<\/p>\n<p>A experi\u00eancia di\u00e1ria no sono traz a possibilidade de eleva\u00e7\u00e3o ao campo de vida divino. Isso requer uma prepara\u00e7\u00e3o consciente.<\/p>\n<p>Pit\u00e1goras nos ensina, em seus versos \u00e1ureos, uma forma de prepara\u00e7\u00e3o para o sono, dizendo:<\/p>\n<blockquote><p>Ao deitares, nunca deixes que o sono se aproxime dos teus olhos cansados enquanto n\u00e3o examinares com a consci\u00eancia mais elevada todas as tuas a\u00e7\u00f5es do dia. Pergunta: Em que errei? Em que agi corretamente? Que dever deixei de cumprir? Recrimina-te pelos teus erros, alegra-te pelos acertos.<\/p><\/blockquote>\n<p>Quando no sono alcan\u00e7amos o sagrado, as li\u00e7\u00f5es aprendidas no campo divino podem chegar ao consciente pela via dos sonhos.<\/p>\n<p>Ao acordar ap\u00f3s um sonho, muitas vezes nos ocorre algo inspirador, outra maneira viva e nova de pensar sobre temas at\u00e9 ent\u00e3o pendentes de resolu\u00e7\u00e3o.<\/p>\n<p>\u00c9 como se, naquele momento, entre o sono e o despertar, estiv\u00e9ssemos preenchidos de luz e, para onde apont\u00e1ssemos, dentro de n\u00f3s, a lanterna de nossa aten\u00e7\u00e3o, ali, naquele conte\u00fado interno, acontecessem sinapses reveladoras, trazendo um sentimento bom por nos chegar maior compreens\u00e3o sobre o tema refletido.<\/p>\n<p>Essa \u00e9 uma forma poss\u00edvel de conex\u00e3o entre o Esp\u00edrito e a alma.<\/p>\n<p>Por essa outra maneira de perceber a realidade, comprovamos qu\u00e3o limitado e ca\u00f3tico \u00e9 o nosso comum pensar e que h\u00e1 outra inst\u00e2ncia em nosso ser pronta para se manifestar.<\/p>\n<p>\u00c9 como se tiv\u00e9ssemos chegado ao limite de uma fase de desenvolvimento e, aos poucos, despontasse em n\u00f3s outro poder de pensamento.<\/p>\n<p>Essas viv\u00eancias luminosas aproximam-nos de um definitivo despertar, possibilitando o abandono da vida de sonhos.<\/p>\n<p>Os sonhos, vindos do inconsciente, s\u00e3o a forma involunt\u00e1ria de manifesta\u00e7\u00e3o da intui\u00e7\u00e3o, enquanto o novo poder nascente consiste na maneira consciente da atividade intuitiva.<\/p>\n<p>Sem d\u00favida, empregar conscientemente a intui\u00e7\u00e3o significa um avan\u00e7o da faculdade mental, pois \u00e9 sonhar acordado, n\u00e3o fantasias, mas algo real.<\/p>\n<p>Oxal\u00e1, avance, sem demora, o pr\u00f3ximo passo do plano de nossa cria\u00e7\u00e3o.<\/p>\n<p>Isso ressoa em voc\u00ea como radiante possibilidade?<\/p>\n","protected":false},"author":609,"featured_media":111835,"template":"","meta":{"_acf_changed":false},"tags":[],"category_":[110120],"tags_english_":[],"class_list":["post-111824","logon_article","type-logon_article","status-publish","has-post-thumbnail","hentry","category_-zeitgeist-pt-br"],"acf":[],"_links":{"self":[{"href":"https:\/\/logon.media\/pt-br\/wp-json\/wp\/v2\/logon_article\/111824","targetHints":{"allow":["GET"]}}],"collection":[{"href":"https:\/\/logon.media\/pt-br\/wp-json\/wp\/v2\/logon_article"}],"about":[{"href":"https:\/\/logon.media\/pt-br\/wp-json\/wp\/v2\/types\/logon_article"}],"author":[{"embeddable":true,"href":"https:\/\/logon.media\/pt-br\/wp-json\/wp\/v2\/users\/609"}],"wp:featuredmedia":[{"embeddable":true,"href":"https:\/\/logon.media\/pt-br\/wp-json\/wp\/v2\/media\/111835"}],"wp:attachment":[{"href":"https:\/\/logon.media\/pt-br\/wp-json\/wp\/v2\/media?parent=111824"}],"wp:term":[{"taxonomy":"post_tag","embeddable":true,"href":"https:\/\/logon.media\/pt-br\/wp-json\/wp\/v2\/tags?post=111824"},{"taxonomy":"category_","embeddable":true,"href":"https:\/\/logon.media\/pt-br\/wp-json\/wp\/v2\/category_?post=111824"},{"taxonomy":"tags_english_","embeddable":true,"href":"https:\/\/logon.media\/pt-br\/wp-json\/wp\/v2\/tags_english_?post=111824"}],"curies":[{"name":"wp","href":"https:\/\/api.w.org\/{rel}","templated":true}]}}