{"id":105546,"date":"2023-10-24T13:17:57","date_gmt":"2023-10-24T13:17:57","guid":{"rendered":"https:\/\/logon.media\/logon_article\/olhar-para-hieronymus-bosch-e-olhar-para-si-mesmo-parte-2\/"},"modified":"2024-05-18T19:00:05","modified_gmt":"2024-05-18T19:00:05","slug":"olhar-para-hieronymus-bosch-e-olhar-para-si-mesmo-parte-2","status":"publish","type":"logon_article","link":"https:\/\/logon.media\/pt-br\/logon_article\/olhar-para-hieronymus-bosch-e-olhar-para-si-mesmo-parte-2\/","title":{"rendered":"Olhar para Hieronymus Bosch \u00e9 olhar para si mesmo &#8211; Parte 2"},"content":{"rendered":"<p><a href=\"https:\/\/logon.media\/pt-br\/logon_article\/olhar-para-hieronymus-bosch-e-olhar-para-si-mesmo-parte-1\/\">Ir para a parte 1<\/a><\/p>\n<p><strong>Voc\u00ea prefere ouvir esse artigo?<\/strong><\/p>\n<!--[if lt IE 9]><script>document.createElement('audio');<\/script><![endif]-->\n<audio class=\"wp-audio-shortcode\" id=\"audio-105546-1\" preload=\"none\" style=\"width: 100%;\" controls=\"controls\"><source type=\"audio\/mpeg\" src=\"https:\/\/logon.media\/wp-content\/uploads\/2024\/05\/Bosch-parte-2-final.mp3?_=1\" \/><a href=\"https:\/\/logon.media\/wp-content\/uploads\/2024\/05\/Bosch-parte-2-final.mp3\">https:\/\/logon.media\/wp-content\/uploads\/2024\/05\/Bosch-parte-2-final.mp3<\/a><\/audio>\n<p>&nbsp;<\/p>\n<p>A pesquisadora escocesa Lynda Harris(\u00b2) acredita que \u00e9 plaus\u00edvel que o pintor holand\u00eas Hieronymus Bosch tenha sido fortemente influenciado por ideias de inspira\u00e7\u00e3o gn\u00f3stica e dualista dos bogomilos e c\u00e1taros. Surpreendentemente, existem pistas a este respeito.<\/p>\n<p>&#8211; Tomemos, por exemplo, <em>A Morte do Avarento<\/em>, uma pintura que descreve amplamente a escolha que a alma enfrenta.<\/p>\n<p><img fetchpriority=\"high\" decoding=\"async\" class=\" size-full wp-image-62531\" title=\"\" src=\"http:\/\/logon.media\/wp-content\/uploads\/2020\/03\/Death-Miser-2-1.jpg\" alt=\"Death Miser\" width=\"266\" height=\"802\" srcset=\"https:\/\/logon.media\/wp-content\/uploads\/2020\/03\/Death-Miser-2-1.jpg 266w, https:\/\/logon.media\/wp-content\/uploads\/2020\/03\/Death-Miser-2-1-8x24.jpg 8w, https:\/\/logon.media\/wp-content\/uploads\/2020\/03\/Death-Miser-2-1-12x36.jpg 12w, https:\/\/logon.media\/wp-content\/uploads\/2020\/03\/Death-Miser-2-1-16x48.jpg 16w\" sizes=\"(max-width: 266px) 100vw, 266px\" \/><\/p>\n<p>Em um estudo preliminar encontramos nele uma cruz antropom\u00f3rfica c\u00e1tara, que foi omitida na vers\u00e3o final da pintura. \u00c9 uma cruz que retrata o mal do mundo abra\u00e7ado com amor pelo bem.<\/p>\n<p>&#8211; O quadro <em>A Extra\u00e7\u00e3o da Pedra da Loucura <\/em>tamb\u00e9m oferece pistas. A obra mostra um tema retirado de uma hist\u00f3ria popular, segundo a qual um tolo \u00e9 persuadido por um charlat\u00e3o a ter a &#8220;pedra da loucura&#8221;, ou a tolice, removida de sua cabe\u00e7a. Isso \u00e9 esclarecido pela inscri\u00e7\u00e3o no quadro: &#8220;Mestre, tira-me depressa essa pedra, meu nome \u00e9 Lubbert Das&#8221;. O nome \u00e9 sin\u00f4nimo de simpl\u00f3rio, portanto, da pessoa que \u00e9 enganada. Extrair a pedra da loucura era um costume medieval para voltar \u00e0 sa\u00fade plena. O que se deduz \u00e9 que fosse algo que os crist\u00e3os convencionais consideravam uma loucura, uma esp\u00e9cie de exorcismo, algo para o qual n\u00e3o existe lugar na igreja estabelecida: o potencial espiritual do ser humano. Na pintura n\u00e3o se v\u00ea uma pedra sendo extra\u00edda, mas sim uma flor, uma esp\u00e9cie de bot\u00e3o de l\u00f3tus, antigo s\u00edmbolo de consci\u00eancia espiritual, do n\u00facleo prim\u00e1rio divino do ser humano.<\/p>\n<p><img decoding=\"async\" class=\" size-full wp-image-62545\" title=\"\" src=\"http:\/\/logon.media\/wp-content\/uploads\/2020\/03\/keisnijder.jpg\" alt=\"Cutting the stone\" width=\"240\" height=\"341\" srcset=\"https:\/\/logon.media\/wp-content\/uploads\/2020\/03\/keisnijder.jpg 240w, https:\/\/logon.media\/wp-content\/uploads\/2020\/03\/keisnijder-211x300.jpg 211w, https:\/\/logon.media\/wp-content\/uploads\/2020\/03\/keisnijder-17x24.jpg 17w, https:\/\/logon.media\/wp-content\/uploads\/2020\/03\/keisnijder-25x36.jpg 25w, https:\/\/logon.media\/wp-content\/uploads\/2020\/03\/keisnijder-34x48.jpg 34w\" sizes=\"(max-width: 240px) 100vw, 240px\" \/><\/p>\n<p>O bot\u00e3o ainda est\u00e1 muito fechado e Lubbert manda que seja removido pelos representantes da igreja.<\/p>\n<p>Digno de men\u00e7\u00e3o \u00e9 a t\u00edpica roupa c\u00e1tara da mulher com o evangelho de Jo\u00e3o na cabe\u00e7a, mulher que \u00e9, no entanto, completamente ignorada. Vemos tamb\u00e9m a mesa redonda apoiada em uma esp\u00e9cie de cogumelo, muito similar \u00e0 pedra redonda e plana que se usava na cerim\u00f4nia c\u00e1tara do <em>Consolamentum.<\/em><\/p>\n<p>&#8211; Em um estudo preliminar do tr\u00edptico que ilustra este artigo, <em>O Carro de Feno, <\/em>vemos uma cruz tradicional. Mas do lado de fora h\u00e1 uma cruz de Luz universal que representa um caminho de salva\u00e7\u00e3o. Uma cruz luminosa quase id\u00eantica adorna as l\u00e1pides dos bogomilos em Sarajevo e em Radimlja, na B\u00f3snia. Os monumentos funer\u00e1rios dos bogomilos muitas vezes s\u00e3o interpretados como a ressurrei\u00e7\u00e3o do imperec\u00edvel. N\u00e3o se pode descartar que Bosch se referisse a isso pela cruz de luz.<\/p>\n<p>&#8211; Na bela pintura <em>S\u00e3o Cristov\u00e3o, <\/em>o gigante R\u00e9probo leva a uma crian\u00e7a em perigo para o outro lado das \u00e1guas turbulentas.<\/p>\n<p><img decoding=\"async\" class=\" size-full wp-image-62559\" title=\"\" src=\"http:\/\/logon.media\/wp-content\/uploads\/2020\/03\/christoforus1.jpg\" alt=\"Christoforus\" width=\"320\" height=\"507\" srcset=\"https:\/\/logon.media\/wp-content\/uploads\/2020\/03\/christoforus1.jpg 320w, https:\/\/logon.media\/wp-content\/uploads\/2020\/03\/christoforus1-189x300.jpg 189w, https:\/\/logon.media\/wp-content\/uploads\/2020\/03\/christoforus1-15x24.jpg 15w, https:\/\/logon.media\/wp-content\/uploads\/2020\/03\/christoforus1-23x36.jpg 23w, https:\/\/logon.media\/wp-content\/uploads\/2020\/03\/christoforus1-30x48.jpg 30w\" sizes=\"(max-width: 320px) 100vw, 320px\" \/><\/p>\n<p>No meio do caminho, sua tarefa se torna mais leve quando descobre que \u00e9 Jesus quem est\u00e1 carregando. O gigante R\u00e9probo torna-se o portador de Cristo. Mais uma conex\u00e3o de Bosch entre dois mundos. Mesmo que a crian\u00e7a venha de uma paisagem bonita, se v\u00ea ao longe, e quase invis\u00edvel, uma aldeia em chamas. R\u00e9probo\/Crist\u00f3v\u00e3o leva o menino para um lugar seguro, apoiando-se em seu cajado (s\u00edmbolo de sua f\u00e9 em ascens\u00e3o, que \u00e9 uma f\u00e9 viva, testemunhada pela vegeta\u00e7\u00e3o verde de seu bast\u00e3o), e guiado pelo peixe sangrento nele. Em grego, peixe (<em>ichitus)<\/em> \u00e9 geralmente usado como s\u00edmbolo de Cristo. Para os primeiros crist\u00e3os, era o n\u00facleo da mensagem b\u00edblica \u2013 Jesus, Cristo, Deus, Filho, Salvador.<\/p>\n<p>A escolha de Crist\u00f3v\u00e3o tamb\u00e9m pode ser encontrada nas l\u00e1pides dos bogomilos. No simbolismo b\u00edblico topogr\u00e1fico destes, o ne\u00f3fito tinha de cruzar com seguran\u00e7a o sempre tempestuoso lago da Galileia: o lago representava a \u00faltima turbul\u00eancia da vida a ser superada. Somente ent\u00e3o se podia chegar a Cafarnaum, a cidade do Consolador, do outro lado do lago. Bosch e os bogomilos tiveram de ocultar suas percep\u00e7\u00f5es e apresent\u00e1-las em s\u00edmbolos que somente seriam entendidos por esp\u00edritos afins.<\/p>\n<p>O fato de Bosch ter oferecido \u00e0 humanidade atormentada vis\u00f5es n\u00e3o dissimuladas pode ser mais bem visto no belo fragmento que representa a ascens\u00e3o da alma purificada e personificada at\u00e9 a Luz insond\u00e1vel. Atrav\u00e9s de um tubo em forma de \u00e1rvore, a alma \u00e9 conduzida pelo anjo ao c\u00e9u. Por meio de um tubo similar a um eixo, a alma \u2013 em postura de ora\u00e7\u00e3o \u2013 \u00e9 conduzida ao para\u00edso por um anjo.<\/p>\n<p><img loading=\"lazy\" decoding=\"async\" class=\" size-full wp-image-62573\" title=\"\" src=\"http:\/\/logon.media\/wp-content\/uploads\/2020\/03\/pillar-of-glory3.jpg\" alt=\"pilar of glory\" width=\"237\" height=\"564\" srcset=\"https:\/\/logon.media\/wp-content\/uploads\/2020\/03\/pillar-of-glory3.jpg 237w, https:\/\/logon.media\/wp-content\/uploads\/2020\/03\/pillar-of-glory3-126x300.jpg 126w, https:\/\/logon.media\/wp-content\/uploads\/2020\/03\/pillar-of-glory3-10x24.jpg 10w, https:\/\/logon.media\/wp-content\/uploads\/2020\/03\/pillar-of-glory3-15x36.jpg 15w, https:\/\/logon.media\/wp-content\/uploads\/2020\/03\/pillar-of-glory3-20x48.jpg 20w\" sizes=\"(max-width: 237px) 100vw, 237px\" \/><\/p>\n<p>Vemos a mesma atitude de ora\u00e7\u00e3o no tr\u00edptico dos Santos Eremitas, representado no \u201cpilar da gl\u00f3ria\u201d onde a alma transcende os n\u00edveis do universo para chegar \u00e0 porta da Terra da Luz. Esse processo de ascens\u00e3o da alma \u00e9 descrito na Vis\u00e3o de Isa\u00edas, que se diz ter sido escrita em um mosteiro bogomilo na Maced\u00f4nia.<\/p>\n<p>N\u00e3o \u00e9 t\u00e3o importante saber com certeza se Hieronymus Bosch era um c\u00e1taro ou um bogomilo \u201ctardio\u201d. Que ele foi um iniciado, \u00e9 indiscut\u00edvel. Nenhum artista do passado pode reivindicar o t\u00edtulo de mago ou iniciado mais do que ele. Mas seu maior m\u00e9rito \u00e9 que, mesmo depois de 500 anos, ainda incentiva a autorreflex\u00e3o e o autoconhecimento. E com isso ele nos conecta a uma verdade cl\u00e1ssica e universal:<\/p>\n<blockquote><p><em>Quem se conhece, conhece o Todo.<\/em><\/p><\/blockquote>\n<p>&nbsp;<\/p>\n<p><strong>Refer\u00eancias<\/strong><br \/>\n[1] Este artigo foi parcialmente extra\u00eddo de <a href=\"https:\/\/www.rozekruispers.com\/nl\/product\/9789067324519\/jeroen-bosch-wijsheid-schrijver-met-bee.html\"><em>Jeroen Bosch, escritor de sabedoria com imagens<\/em><\/a>, Rozekruis Pers, Haarlem 2016<\/p>\n<p>[2] Lynda Harris, <em>Heresia Secreta de\u00a0Hieronymus Bosch<\/em>, Floris Books, 1995<\/p>\n<p>[3] Rebeca Fuks, <em>Os quadros mais impressionantes de Hieronymus Bosch.<\/em> Dispon\u00edvel em<a href=\"https:\/\/www.culturagenial.com\/obras-hieronymus-bosch\/\"> https:\/\/www.culturagenial.com\/obras-hieronymus-bosch\/<\/a>. Acesso em 10 Outubro 2023.<\/p>\n","protected":false},"author":923,"featured_media":8227,"template":"","meta":{"_acf_changed":false},"tags":[],"category_":[110082],"tags_english_":[],"class_list":["post-105546","logon_article","type-logon_article","status-publish","has-post-thumbnail","hentry","category_-livingpast-pt-br"],"acf":[],"_links":{"self":[{"href":"https:\/\/logon.media\/pt-br\/wp-json\/wp\/v2\/logon_article\/105546","targetHints":{"allow":["GET"]}}],"collection":[{"href":"https:\/\/logon.media\/pt-br\/wp-json\/wp\/v2\/logon_article"}],"about":[{"href":"https:\/\/logon.media\/pt-br\/wp-json\/wp\/v2\/types\/logon_article"}],"author":[{"embeddable":true,"href":"https:\/\/logon.media\/pt-br\/wp-json\/wp\/v2\/users\/923"}],"wp:featuredmedia":[{"embeddable":true,"href":"https:\/\/logon.media\/pt-br\/wp-json\/wp\/v2\/media\/8227"}],"wp:attachment":[{"href":"https:\/\/logon.media\/pt-br\/wp-json\/wp\/v2\/media?parent=105546"}],"wp:term":[{"taxonomy":"post_tag","embeddable":true,"href":"https:\/\/logon.media\/pt-br\/wp-json\/wp\/v2\/tags?post=105546"},{"taxonomy":"category_","embeddable":true,"href":"https:\/\/logon.media\/pt-br\/wp-json\/wp\/v2\/category_?post=105546"},{"taxonomy":"tags_english_","embeddable":true,"href":"https:\/\/logon.media\/pt-br\/wp-json\/wp\/v2\/tags_english_?post=105546"}],"curies":[{"name":"wp","href":"https:\/\/api.w.org\/{rel}","templated":true}]}}