{"id":100340,"date":"2023-02-13T22:20:01","date_gmt":"2023-02-13T22:20:01","guid":{"rendered":"https:\/\/logon.media\/logon_article\/a-gota-e-o-ocenao\/"},"modified":"2024-05-20T22:24:05","modified_gmt":"2024-05-20T22:24:05","slug":"a-gota-e-o-ocenao","status":"publish","type":"logon_article","link":"https:\/\/logon.media\/pt-br\/logon_article\/a-gota-e-o-ocenao\/","title":{"rendered":"A gota e o oceano"},"content":{"rendered":"<p><strong>Voc\u00ea prefere ouvir este artigo?<\/strong><\/p>\n<!--[if lt IE 9]><script>document.createElement('audio');<\/script><![endif]-->\n<audio class=\"wp-audio-shortcode\" id=\"audio-100340-1\" preload=\"none\" style=\"width: 100%;\" controls=\"controls\"><source type=\"audio\/mpeg\" src=\"https:\/\/logon.media\/wp-content\/uploads\/2024\/05\/A-Gota-e-o-Oceano-final.mp3?_=1\" \/><a href=\"https:\/\/logon.media\/wp-content\/uploads\/2024\/05\/A-Gota-e-o-Oceano-final.mp3\">https:\/\/logon.media\/wp-content\/uploads\/2024\/05\/A-Gota-e-o-Oceano-final.mp3<\/a><\/audio>\n<p>Era uma vez uma gota que n\u00e3o queria evaporar. Sabia que no momento de sua evapora\u00e7\u00e3o ela perderia a sua forma e identidade, deixaria de ser.<\/p>\n<p>A gota passava por janelas, sarjetas e bueiros, e acumulava mem\u00f3rias de sua breve exist\u00eancia.<\/p>\n<p>Haviam lhe dito que sua forma esf\u00e9rica se devia a um campo magn\u00e9tico interior que a definia e individualizava. Sua superf\u00edcie curvil\u00ednea era resultado da tens\u00e3o superficial, manifestada nos limites do seu ser, e que podia ser entendida como seu ego.<\/p>\n<p>Como era inevit\u00e1vel, no entanto, o momento que ela mais temia chegou. Sob o sol do meio-dia, a fr\u00e1gil gota evaporou. Ficou leve, foi elevada a grandes alturas e continuou a existir nas nuvens brancas do c\u00e9u. Tranquilizou-se naquele conforto, mas o c\u00e9u tamb\u00e9m n\u00e3o a acolheu para sempre.<\/p>\n<p>Em um dia tempestuoso, as nuvens ficaram carrancudas. Entre os rel\u00e2mpagos que riscavam o espa\u00e7o, a pequena condensou-se novamente. Sendo outra vez uma gota, verteu como chuva e precipitou-se do firmamento.<\/p>\n<p>Em sua queda, avistou um oceano profundo, misterioso. Seguia em sua dire\u00e7\u00e3o, era esse seu destino\u2026 ali a gota mergulharia.<\/p>\n<p>Seu fim estava pr\u00f3ximo, pois como poderia ser gota e oceano ao mesmo tempo? Desta vez, sua bela forma arredondada estaria perdida para sempre e com certeza n\u00e3o seria mais reconhecida na massa azul dos mares. Ningu\u00e9m poderia apontar para ela e dizer: \u201cOlha! L\u00e1 est\u00e1 a gota que na semana passada escorreu na minha janela!\u201d<\/p>\n<p>Ao mergulhar no oceano, sua forma se desfez e tal fen\u00f4meno a fez ver que na grande massa de \u00e1gua estavam presentes as mesmas for\u00e7as magn\u00e9ticas que outrora a individualizavam como gota. No entanto, tais for\u00e7as agora a uniam com o Todo.<\/p>\n<p>Compreendeu que trazia em si a ess\u00eancia da individualidade e, ao mesmo tempo, da Unidade. A diferen\u00e7a era determinada pela sua orienta\u00e7\u00e3o: voltada para si mesma ou para o Todo do oceano.<\/p>\n<p>N\u00e3o se sabe se a pequena gota de antes conservou suas mem\u00f3rias das \u00e1rvores, janelas, sarjetas e bueiros. Suas lembran\u00e7as de ser levada pelo vento, de brilhar na asa de um passarinho. Talvez isso n\u00e3o seja t\u00e3o importante, afinal.<\/p>\n<p>Hoje ela passeia por um espa\u00e7o azul e infind\u00e1vel, em comunh\u00e3o, desvendando os segredos do oceano profundo e enigm\u00e1tico.<\/p>\n<p>In\u00fameras possibilidades de existir descortinam-se \u00e0 sua frente. Pode deslizar pelas espumas das ondas, no constante vai e vem dos mares, ou ainda observar a luminesc\u00eancia dos seres abissais.<\/p>\n<p>Pode conhecer seres microsc\u00f3picos e monumentais, visitar a profus\u00e3o de cores e as estranhas e belas criaturas que vivem nos corais.<\/p>\n<p>Pode at\u00e9, com sua ess\u00eancia, ser tudo isso na eternidade. E depois voltar \u00e0 terra, irrigar o solo e nutrir as plantas, completando o ciclo de uma exist\u00eancia em auto entrega. A gota se tornou t\u00e3o vasta quanto o oceano!<\/p>\n","protected":false},"author":609,"featured_media":99842,"template":"","meta":{"_acf_changed":false},"tags":[],"category_":[110108],"tags_english_":[],"class_list":["post-100340","logon_article","type-logon_article","status-publish","has-post-thumbnail","hentry","category_-spiritsoul-pt-br"],"acf":[],"_links":{"self":[{"href":"https:\/\/logon.media\/pt-br\/wp-json\/wp\/v2\/logon_article\/100340","targetHints":{"allow":["GET"]}}],"collection":[{"href":"https:\/\/logon.media\/pt-br\/wp-json\/wp\/v2\/logon_article"}],"about":[{"href":"https:\/\/logon.media\/pt-br\/wp-json\/wp\/v2\/types\/logon_article"}],"author":[{"embeddable":true,"href":"https:\/\/logon.media\/pt-br\/wp-json\/wp\/v2\/users\/609"}],"wp:featuredmedia":[{"embeddable":true,"href":"https:\/\/logon.media\/pt-br\/wp-json\/wp\/v2\/media\/99842"}],"wp:attachment":[{"href":"https:\/\/logon.media\/pt-br\/wp-json\/wp\/v2\/media?parent=100340"}],"wp:term":[{"taxonomy":"post_tag","embeddable":true,"href":"https:\/\/logon.media\/pt-br\/wp-json\/wp\/v2\/tags?post=100340"},{"taxonomy":"category_","embeddable":true,"href":"https:\/\/logon.media\/pt-br\/wp-json\/wp\/v2\/category_?post=100340"},{"taxonomy":"tags_english_","embeddable":true,"href":"https:\/\/logon.media\/pt-br\/wp-json\/wp\/v2\/tags_english_?post=100340"}],"curies":[{"name":"wp","href":"https:\/\/api.w.org\/{rel}","templated":true}]}}