{"id":92454,"date":"2021-12-31T05:10:23","date_gmt":"2021-12-31T05:10:23","guid":{"rendered":"https:\/\/logon.media\/logon_article\/percepcja-i-swiadomosc\/"},"modified":"2021-12-31T05:10:23","modified_gmt":"2021-12-31T05:10:23","slug":"percepcja-i-swiadomosc","status":"publish","type":"logon_article","link":"https:\/\/logon.media\/pl\/logon_article\/percepcja-i-swiadomosc\/","title":{"rendered":"Percepcja i \u015bwiadomo\u015b\u0107"},"content":{"rendered":"<p>Od wiek\u00f3w ka\u017cdy cz\u0142owiek \u017cyje w swoim odr\u0119bnym \u015bwiecie w samotno\u015bci i oddzieleniu. Ka\u017cda jednostka \u017cyje tylko dla siebie, a ca\u0142a przyroda nosi \u015blady egoistycznego ludzkiego \u017cycia &#8211; wsz\u0119dzie panuje chaos. \u015awiat sta\u0142 si\u0119 \u015bmietniskiem, wiele gatunk\u00f3w zwierz\u0105t i ro\u015blin wygin\u0119\u0142o, a ludzko\u015b\u0107 zagra\u017ca przetrwaniu nie tylko innych istot \u017cywych, ale i samej siebie. Pr\u00f3buj\u0105c przezwyci\u0119\u017cy\u0107 samotno\u015b\u0107, ludzie zak\u0142adaj\u0105 rodziny, plemiona, narody, nasze nowoczesne spo\u0142ecze\u0144stwo, ale w gruncie rzeczy jednostki nadal s\u0105 podzielone. Jaka jest tego przyczyna? Mo\u017cna to podsumowa\u0107 w nast\u0119puj\u0105cy spos\u00f3b: <em>\u017bycie ka\u017cdego cz\u0142owieka jest zdeterminowane jako\u015bci\u0105 jego percepcji zmys\u0142owej i rozwojem jego \u015bwiadomo\u015bci<\/em>. I w zwi\u0105zku z tym pojawia si\u0119 kolejne pytanie:<\/p>\n<p><strong>Czym dok\u0142adnie s\u0105 percepcja i \u015bwiadomo\u015b\u0107?<\/strong><\/p>\n<p>Widziana z okre\u015blonego punktu widzenia, percepcja jest wewn\u0119trzn\u0105 wizj\u0105 \u015bwiata i otaczaj\u0105cych nas ludzi, odbieran\u0105 przez narz\u0105dy zmys\u0142\u00f3w i za\u0142aman\u0105 przez lustro \u015bwiadomo\u015bci. Ta wewn\u0119trzna wizja jest jednak do\u015b\u0107 niedoskona\u0142a, poniewa\u017c ludzkie zmys\u0142y wychwytuj\u0105 wra\u017cenia w stosunkowo w\u0105skich zakresach, przez co uzyskany obraz jest raczej niepe\u0142ny. \u015awiadomo\u015b\u0107 natomiast decyduje o sposobie, w jaki cz\u0142owiek postrzega \u015bwiat i siebie, a opr\u00f3cz jej \u015bwiadomej cz\u0119\u015bci istniej\u0105 jeszcze cz\u0119\u015bci pod\u015bwiadoma i nie\u015bwiadoma (co opisuj\u0105 prace Zygmunta Freuda). Pod\u015bwiadomo\u015b\u0107 jest przechowalni\u0105 wspomnie\u0144, kt\u00f3re mog\u0105 by\u0107 \u0142atwiej przywo\u0142ane ni\u017c wspomnienia nie\u015bwiadome i przesz\u0142e do\u015bwiadczenia przechowywane znacznie g\u0142\u0119biej w systemie \u017cyciowym cz\u0142owieka. Zar\u00f3wno pod\u015bwiadomo\u015b\u0107, jak i nie\u015bwiadomo\u015b\u0107 maj\u0105 jednak istotny wp\u0142yw na \u015bwiadomy umys\u0142 i t\u0142umacz\u0105 dziwne niekiedy sposoby reagowania ludzi w okre\u015blonych sytuacjach.<\/p>\n<p>I tak, poniewa\u017c ludzkie zmys\u0142y maj\u0105 ograniczony zakres dzia\u0142ania, a \u015bwiadomo\u015b\u0107 wsp\u00f3\u0142czesnego cz\u0142owieka jest egocentryczna, tzn. postrzegaj\u0105ca siebie jako centrum istnienia, ludzie nie mog\u0105 zrozumie\u0107 innych, ich wewn\u0119trznego \u015bwiata i powod\u00f3w ich dzia\u0142a\u0144. W oparciu o egocentryczn\u0105 \u015bwiadomo\u015b\u0107, wi\u0119kszo\u015b\u0107 ludzi zawsze my\u015bli, \u017ce ma racj\u0119 w swoich dzia\u0142aniach, nawet je\u015bli nikt z otoczenia nie jest tego zdania. Tak wi\u0119c sytuacje i wydarzenia, kt\u00f3re przynosz\u0105 im korzy\u015bci, wywo\u0142uj\u0105 ich aprobat\u0119, a te, kt\u00f3re im nie odpowiadaj\u0105, cz\u0119sto prowadz\u0105 do atak\u00f3w i krytyki z ich strony. Co wi\u0119cej, wychowanie i kultura osobowo\u015bci nie s\u0105 niestety wystarczaj\u0105ce, aby temu zapobiec, bowiem wewn\u0119trzne opory i napi\u0119cia s\u0105 bezpo\u015brednim przejawem wewn\u0119trznej natury ego i nawet je\u015bli nie manifestuj\u0105 si\u0119 na zewn\u0105trz, to istniej\u0105 i s\u0105 skierowane w stron\u0119 odbiorcy.<\/p>\n<p>W ten spos\u00f3b ludzie oddalaj\u0105 si\u0119 od siebie, tworz\u0105 przestrze\u0144 mi\u0119dzy sob\u0105 i staj\u0105 si\u0119 oddzieleni i samotni.&nbsp; W takich sytuacjach ukryty wp\u0142yw pod\u015bwiadomo\u015bci i nie\u015bwiadomo\u015bci na \u015bwiadomy umys\u0142 m\u00f3g\u0142by by\u0107 dostrze\u017cony r\u00f3wnie\u017c przez obiektywnego obserwatora, poniewa\u017c wahania uczu\u0107 i emocji zranionego ego mog\u0142yby by\u0107 wyja\u015bnione, przynajmniej cz\u0119\u015bciowo, przez subtelny wp\u0142yw przesz\u0142ych wspomnie\u0144 i do\u015bwiadcze\u0144, by\u0107 mo\u017ce zapomnianych, ale wci\u0105\u017c istniej\u0105cych g\u0142\u0119boko w \u015brodku.<\/p>\n<p>Interesuj\u0105ce jest jednak to, \u017ce bardzo cz\u0119sto odbiorca wspomnianej krytyki nie zdaje sobie sprawy z kierowanego do niego negatywizmu. Wynika to po cz\u0119\u015bci z jego ograniczonej percepcji zmys\u0142owej, ale tak\u017ce z faktu, \u017ce bardzo cz\u0119sto jego dzia\u0142ania nie mia\u0142y na celu wyrz\u0105dzenia krzywdy drugiemu cz\u0142owiekowi, cho\u0107 ten tak je odbiera\u0142. Mimo to krytykowany intuicyjnie wyczuwa negatywne nastawienie i reaguje na nie mniej lub bardziej \u015bwiadom\u0105 wrogo\u015bci\u0105. Dlatego wielcy nauczyciele duchowi ludzko\u015bci zalecaj\u0105 my\u015ble\u0107, m\u00f3wi\u0107 i czyni\u0107 dobro.<\/p>\n<p>Niestety jednak pozostaje to niemo\u017cliwe ze wzgl\u0119du na struktur\u0119 ludzkiej \u015bwiadomo\u015bci &#8211; jest ona dwubiegunowa i nieustannie przemieszcza si\u0119 pomi\u0119dzy dwoma biegunami (np. dobro i z\u0142o, rado\u015b\u0107 i smutek, szcz\u0119\u015bcie i rozpacz, itp.) Pr\u00f3by pozostania tylko na jednym biegunie s\u0105 wi\u0119c skazane na niepowodzenie.<\/p>\n<p>Oczywi\u015bcie wy\u017cej wymienione sytuacje nie s\u0105 tajemnic\u0105 dla ludzi, kt\u00f3rzy staj\u0105 si\u0119 \u015bwiadomi siebie i otaczaj\u0105cego \u015bwiata. Od czas\u00f3w staro\u017cytnych istniej\u0105 \u0107wiczenia umys\u0142owe, praktyki medytacyjne itp. maj\u0105ce na celu stworzenie doskona\u0142ego cz\u0142owieka, kt\u00f3ry opanowa\u0142 siebie i otaczaj\u0105cy go \u015bwiat. W ten spos\u00f3b ludzie osi\u0105gaj\u0105 rozszerzenie swojej percepcji od grubej sfery materialnej po subtelniejsze sfery tego planu istnienia. W rzeczywisto\u015bci jednak praktyki te jedynie wzmacniaj\u0105 pewne aspekty ludzkich zmys\u0142\u00f3w i \u015bwiadomo\u015bci oraz rozszerzaj\u0105 zakres ich dzia\u0142ania, wywo\u0142uj\u0105 jasnowidzenie, jasnos\u0142yszenie itd. Nie zmieniaj\u0105 one ich wewn\u0119trznej natury i dlatego nie mog\u0105 rozwi\u0105za\u0107 problem\u00f3w dzisiejszej ludzko\u015bci, kt\u00f3re powsta\u0142y w wyniku niedoskona\u0142o\u015bci percepcji i \u015bwiadomo\u015bci, prowadz\u0105cej do braku zrozumienia innych, ale przede wszystkim siebie.<\/p>\n<p>Wida\u0107 wi\u0119c, \u017ce obecna ludzka \u015bwiadomo\u015b\u0107 i zmys\u0142y s\u0105 bardzo ograniczone i ich kultywowanie w okre\u015blonym kierunku nie mo\u017ce przynie\u015b\u0107 zasadniczej zmiany. Niemniej jednak zmiana ta jest niezb\u0119dna, cho\u0107 jest to zadanie, kt\u00f3re wydaje si\u0119 nie do rozwi\u0105zania dla dzisiejszego cz\u0142owieka. Ale czy tak jest?<\/p>\n<p>Rozwi\u0105zaniem jest wyj\u015bcie poza naturaln\u0105 jednostk\u0119 z jej zmys\u0142ami i \u015bwiadomo\u015bci\u0105 i szukanie zupe\u0142nie nowej i innej \u015bwiadomo\u015bci. W\u0142a\u015bciwie ta nowa \u015bwiadomo\u015b\u0107 nie jest wcale nowa, ale w rzeczywisto\u015bci jest bardzo stara. Wszystkie \u015bwi\u0119te pisma m\u00f3wi\u0105, czasami w mniej lub bardziej zawoalowany spos\u00f3b, \u017ce ludzie pochodz\u0105 z wy\u017cszego \u015bwiata i maj\u0105 w sobie potencja\u0142, \u017ceby tam powr\u00f3ci\u0107. Aby jednak m\u00f3c to osi\u0105gn\u0105\u0107, wymagana jest ca\u0142kowita zmiana \u015bwiadomo\u015bci, odrodzenie z &#8222;Wody i Ducha&#8221;, jak powiedzia\u0142 Jezus do Nikodema (Jan 3:3-7). M\u00f3wi si\u0119, \u017ce ludzie zostali stworzeni na obraz Boga (Rdz 1:27) i dlatego nosz\u0105 w sobie potencja\u0142 rozwoju <strong>wszechobecnej<\/strong> \u015bwiadomo\u015bci, kt\u00f3ra jest jedn\u0105 z cech Boga. Jest to \u015bwiadomo\u015b\u0107 wyposa\u017cona w nowe, wysublimowane zmys\u0142y (Hbr 5:14), kt\u00f3re mog\u0142yby przenikn\u0105\u0107 to, co ukryte. Najwa\u017cniejsz\u0105 cech\u0105 tej \u015bwiadomo\u015bci jest to, \u017ce postrzega ona siebie jako cz\u0119\u015b\u0107, kom\u00f3rk\u0119 ca\u0142o\u015bci. W ten spos\u00f3b b\u0119dzie mo\u017cna kocha\u0107 i piel\u0119gnowa\u0107 wszystko i ka\u017cd\u0105 istot\u0119 tak, jak piel\u0119gnuje si\u0119 siebie. I tak zniknie brak zrozumienia innych i siebie, konsekwencja ograniczonego postrzegania i egocentrycznej \u015bwiadomo\u015bci, a wraz z tym wszelkie powody do krytyki i niezadowolenia. A osoba, kt\u00f3ra zrealizowa\u0142a sw\u00f3j wewn\u0119trzny potencja\u0142, b\u0119dzie prawdziwie szcz\u0119\u015bliwa, w harmonii ze sob\u0105 i otaczaj\u0105cym \u015bwiatem oraz zjednoczona ze Wszystkim.<\/p>\n","protected":false},"author":917,"featured_media":16137,"template":"","meta":{"_acf_changed":false},"tags":[],"category_":[110107],"tags_english_":[],"class_list":["post-92454","logon_article","type-logon_article","status-publish","has-post-thumbnail","hentry","category_-spiritsoul-pl"],"acf":[],"_links":{"self":[{"href":"https:\/\/logon.media\/pl\/wp-json\/wp\/v2\/logon_article\/92454","targetHints":{"allow":["GET"]}}],"collection":[{"href":"https:\/\/logon.media\/pl\/wp-json\/wp\/v2\/logon_article"}],"about":[{"href":"https:\/\/logon.media\/pl\/wp-json\/wp\/v2\/types\/logon_article"}],"author":[{"embeddable":true,"href":"https:\/\/logon.media\/pl\/wp-json\/wp\/v2\/users\/917"}],"wp:featuredmedia":[{"embeddable":true,"href":"https:\/\/logon.media\/pl\/wp-json\/wp\/v2\/media\/16137"}],"wp:attachment":[{"href":"https:\/\/logon.media\/pl\/wp-json\/wp\/v2\/media?parent=92454"}],"wp:term":[{"taxonomy":"post_tag","embeddable":true,"href":"https:\/\/logon.media\/pl\/wp-json\/wp\/v2\/tags?post=92454"},{"taxonomy":"category_","embeddable":true,"href":"https:\/\/logon.media\/pl\/wp-json\/wp\/v2\/category_?post=92454"},{"taxonomy":"tags_english_","embeddable":true,"href":"https:\/\/logon.media\/pl\/wp-json\/wp\/v2\/tags_english_?post=92454"}],"curies":[{"name":"wp","href":"https:\/\/api.w.org\/{rel}","templated":true}]}}