{"id":91116,"date":"2020-10-25T16:26:57","date_gmt":"2020-10-25T16:26:57","guid":{"rendered":"https:\/\/logon.media\/logon_article\/samonieswiadomosc\/"},"modified":"2020-10-25T16:26:57","modified_gmt":"2020-10-25T16:26:57","slug":"samonieswiadomosc","status":"publish","type":"logon_article","link":"https:\/\/logon.media\/pl\/logon_article\/samonieswiadomosc\/","title":{"rendered":"Samo(nie)\u015bwiadomo\u015b\u0107"},"content":{"rendered":"<p>Szukaj\u0105c siebie,<\/p>\n<p>odkry\u0142am, \u017ce nie ma nikogo:<\/p>\n<p>sta\u0142am si\u0119 samo(nie)\u015bwiadoma.<\/p>\n<p>&nbsp;<\/p>\n<p>Bada\u0142am<\/p>\n<p>kim jestem,<\/p>\n<p>odkry\u0142am<\/p>\n<p>kim nie jestem.<\/p>\n<p>&nbsp;<\/p>\n<p>Bada\u0142am<\/p>\n<p>jak inni widz\u0105 to, kim jestem,<\/p>\n<p>odkry\u0142am<\/p>\n<p>kogo\u015b, kim nigdy nie by\u0142am.<\/p>\n<p>&nbsp;<\/p>\n<p>Bada\u0142am<\/p>\n<p>kim chcia\u0142abym by\u0107,<\/p>\n<p>odkry\u0142am<\/p>\n<p>kogo\u015b, kim si\u0119 nigdy nie stan\u0119.<\/p>\n<p>&nbsp;<\/p>\n<p>Zacz\u0119\u0142am&nbsp;powtarza\u0107 sobie: \u201emnie nie ma\u201d,<\/p>\n<p>i za ka\u017cdym razem usuwa\u0142am jak\u0105\u015b cz\u0105stk\u0119 siebie.<\/p>\n<p>&nbsp;<\/p>\n<p>Sta\u0142am si\u0119 stert\u0105 gruzu,<\/p>\n<p>z&nbsp;drugiej za\u015b strony bezdenn\u0105 otch\u0142ani\u0105.<\/p>\n<p>&nbsp;<\/p>\n<p>Patrzy\u0142am cz\u0119sto na t\u0119 niedoskona\u0142\u0105 pr\u00f3\u017cni\u0119<\/p>\n<p>ze zdumieniem, poczuciem dyskomfortu, a nawet z gorycz\u0105.<\/p>\n<p>&nbsp;<\/p>\n<p>Pyta\u0142am, czy jaka\u015b rzeczywista esencja mnie w og\u00f3le istnieje,<\/p>\n<p>poza powierzchowno\u015bci\u0105; poza uwarunkowaniem i tym, co trywialne.<\/p>\n<p>Lecz u\u015bwiadomi\u0142am sobie<\/p>\n<p>\u2013 pewnego dnia \u2013<\/p>\n<p>\u017ce szukaj\u0105c<\/p>\n<p>Istnienia<\/p>\n<p>odnalaz\u0142am<\/p>\n<p>(Nie)Istnienie,<\/p>\n<p>(Nie)Byt: doskona\u0142y w swoim (nie)zdefiniowaniu, (a)morficzny w swej doskona\u0142o\u015bci.<\/p>\n<p>&nbsp;<\/p>\n<p>Zrozumia\u0142am t\u0119 ciemn\u0105, cich\u0105 i pust\u0105 przestrze\u0144<\/p>\n<p>i obj\u0119\u0142am j\u0105 bez l\u0119ku i emocji.<\/p>\n<p>&nbsp;<\/p>\n<p>W jej g\u0142\u0119bokich<\/p>\n<p>ciemno\u015bciach<\/p>\n<p>b\u0119d\u0119 mog\u0142a<\/p>\n<p>&#8211; pewnego dnia &#8211;<\/p>\n<p>ogl\u0105da\u0107<\/p>\n<p>migotanie Nie\u015bmiertelnego \u015awiat\u0142a.<\/p>\n<p>&nbsp;<\/p>\n<p>A w jej absolutnej<\/p>\n<p>nieobecno\u015bci d\u017awi\u0119k\u00f3w<\/p>\n<p>b\u0119d\u0119 mog\u0142a<\/p>\n<p>&#8211; pewnego dnia &#8211;<\/p>\n<p>us\u0142ysze\u0107<\/p>\n<p>G\u0142os Ciszy.<\/p>\n<p>&nbsp;<\/p>\n<p>W tym to momencie<\/p>\n<p>wspania\u0142ym i pi\u0119knym<\/p>\n<p>poznam swoj\u0105<\/p>\n<p>Prawdziw\u0105 Istot\u0119,<\/p>\n<p>&nbsp;<\/p>\n<p>jako \u017ce oddzielona<\/p>\n<p>od Ca\u0142o\u015bci,<\/p>\n<p>nigdy nie by\u0142am,<\/p>\n<p>nie jestem<\/p>\n<p>i nie b\u0119d\u0119.<\/p>\n","protected":false},"author":1,"featured_media":10898,"template":"","meta":{"_acf_changed":false},"tags":[],"category_":[110107],"tags_english_":[],"class_list":["post-91116","logon_article","type-logon_article","status-publish","has-post-thumbnail","hentry","category_-spiritsoul-pl"],"acf":[],"_links":{"self":[{"href":"https:\/\/logon.media\/pl\/wp-json\/wp\/v2\/logon_article\/91116","targetHints":{"allow":["GET"]}}],"collection":[{"href":"https:\/\/logon.media\/pl\/wp-json\/wp\/v2\/logon_article"}],"about":[{"href":"https:\/\/logon.media\/pl\/wp-json\/wp\/v2\/types\/logon_article"}],"author":[{"embeddable":true,"href":"https:\/\/logon.media\/pl\/wp-json\/wp\/v2\/users\/1"}],"wp:featuredmedia":[{"embeddable":true,"href":"https:\/\/logon.media\/pl\/wp-json\/wp\/v2\/media\/10898"}],"wp:attachment":[{"href":"https:\/\/logon.media\/pl\/wp-json\/wp\/v2\/media?parent=91116"}],"wp:term":[{"taxonomy":"post_tag","embeddable":true,"href":"https:\/\/logon.media\/pl\/wp-json\/wp\/v2\/tags?post=91116"},{"taxonomy":"category_","embeddable":true,"href":"https:\/\/logon.media\/pl\/wp-json\/wp\/v2\/category_?post=91116"},{"taxonomy":"tags_english_","embeddable":true,"href":"https:\/\/logon.media\/pl\/wp-json\/wp\/v2\/tags_english_?post=91116"}],"curies":[{"name":"wp","href":"https:\/\/api.w.org\/{rel}","templated":true}]}}