{"id":90547,"date":"2020-05-15T19:32:37","date_gmt":"2020-05-15T19:32:37","guid":{"rendered":"https:\/\/logon.media\/logon_article\/prawdziwe-odrodzenie\/"},"modified":"2020-05-15T19:32:37","modified_gmt":"2020-05-15T19:32:37","slug":"prawdziwe-odrodzenie","status":"publish","type":"logon_article","link":"https:\/\/logon.media\/pl\/logon_article\/prawdziwe-odrodzenie\/","title":{"rendered":"Prawdziwe odrodzenie"},"content":{"rendered":"<p>\u201eTo, co na dole, r\u00f3wne jest temu, co na g\u00f3rze,<\/p>\n<p>a to, co na g\u00f3rze, r\u00f3wne jest temu, co na dole,<\/p>\n<p>by dokona\u0142y si\u0119 cuda Jedynego\u201d. \u2013 Hermes Trismegistos<\/p>\n<p>Na \u201eTablicy Szmaragdowej\u201d (kamie\u0144 nagrobny pochodz\u0105cy z 8 lub 9 wieku, kt\u00f3ry jest uwa\u017cany za fundament alchemii) widzimy jasne odniesienie do poj\u0119cia mikrokosmosu (<em>minutus mundus<\/em>, ma\u0142y \u015bwiat), kt\u00f3ry jest \u015bci\u015ble zwi\u0105zany z makrokosmosem.<\/p>\n<p>Widzimy zatem ma\u0142e, kt\u00f3re jest rzutowane na wielkie, i promieniuj\u0105c\u0105 si\u0142\u0119 z kosmosu (makrokosmicznego uniwersum), kt\u00f3ra odzwierciedla si\u0119 w ma\u0142ym \u015bwiecie (w rzeczywisto\u015bci mikrokosmosu), w kt\u00f3rym umieszczona jest ludzka osobowo\u015b\u0107. Potwierdza to dobrze znany aforyzm: \u201eW Tobie ukryty jest skarb skarb\u00f3w \u2013 Cz\u0142owieku, poznaj samego siebie, a poznasz Wszech\u015bwiat i Bog\u00f3w\u201d.<\/p>\n<p>Czym jest mikrokosmos?<\/p>\n<p>Grecki filozof Demokryt 300 lat p.n.e. zbli\u017cy\u0142 si\u0119 do jego zasady, gdy m\u00f3wi\u0142 o poj\u0119ciu atomu.<\/p>\n<p>Dla Demokryta rzeczywisto\u015b\u0107 atom\u00f3w reprezentowa\u0142a arche (\u1f00\u03c1\u03c7\u03ae) \u2013 jednocze\u015bnie generuj\u0105c\u0105 i zachowuj\u0105c\u0105 zasad\u0119 \u2013 niezmienn\u0105 i wieczn\u0105 istot\u0119.<\/p>\n<p>Poj\u0119cie mikrokosmosu jako \u017cywej kulistej formy, kt\u00f3ra otacza ludzk\u0105 osobowo\u015b\u0107, zosta\u0142o z kolei przyj\u0119te przez Agripp\u0119 z Nettesheim (1486-1535), kt\u00f3ry napisa\u0142 w \u2018De occulta philosophia\u2019:<\/p>\n<p>\u201eCz\u0142owiek, jako najpi\u0119kniejsze i ca\u0142kowite dzie\u0142o Boga, posiada [&#8230;] fizyczny organizm bardziej harmonijny ni\u017c inne stworzenia, i zawiera w sobie wszystkie liczby, miary, wagi, ruchy i pierwiastki&nbsp; [&#8230;] i wszystko w nim, w tym wznios\u0142ym dziele, osi\u0105ga doskona\u0142o\u015b\u0107\u201d.<\/p>\n<p>Nie ma \u017cadnego cz\u0142onka w ludzkim ciele, \u201ekt\u00f3ry nie korespondowa\u0142by w boskim archetypie z niebia\u0144skim znakiem, gwiazd\u0105, inteligencj\u0105 lub imieniem Boga. Ca\u0142kowita forma ludzkiego cia\u0142a jest kul\u0105\u201d.<\/p>\n<p>Kontynuujmy wi\u0119c nasz\u0105 podr\u00f3\u017c przez histori\u0119 i zobaczmy jak poj\u0119cie osobowo\u015bci w kulistym kszta\u0142cie sprawi\u0142o, \u017ce idea cz\u0142owieka w\u0142\u0105czonego do mikrokosmicznej zasady, sta\u0142a si\u0119 cz\u0119\u015bci\u0105 \u015bwi\u0119tej tradycji obecnej od zarania dziej\u00f3w: mikrokosmiczna osobowo\u015b\u0107 w jedno\u015bci z makrokosmicznym wszech\u015bwiatem.<\/p>\n<p>Ko\u0142o, kt\u00f3re nie zawiera ani pocz\u0105tku, ani ko\u0144ca, ko\u0142o jako kszta\u0142t przywo\u0142uj\u0105cy niesko\u0144czono\u015b\u0107, ko\u0142o jako symboliczna reprezentacja wieczno\u015bci: \u201eMo\u017cemy stwierdzi\u0107 z pewno\u015bci\u0105, \u017ce ca\u0142y wszech\u015bwiat jest jej \u015brodkiem, lub \u017ce \u015brodek wszech\u015bwiata jest wsz\u0119dzie, a jego obw\u00f3d nigdzie\u201d (\u2018<em>O przyczynie, pocz\u0105tku i jedno\u015bci\u2019, Giordano Bruno, 1584) lub \u201eSfera ludzkiej natury, w jej ludzkiej sile, obejmuje Boga i wszech\u015bwiat\u201d (Miko\u0142aj z Kuzy, \u2018De coniecturis\u2019, 1443).<\/em><\/p>\n<p>Niemiecki filozof Leibniz (1646-1716) przyj\u0105\u0142 poj\u0119cie \u201emonady\u201d od Giordano Bruno, ale zmieni\u0142 jego znaczenie. Przedstawi\u0142 \u201emonad\u0119\u201d jako substancjaln\u0105 form\u0119 istnienia, a mikrokosmos w formie atomu.<\/p>\n<p>Twierdzi\u0142, \u017ce monada jest w ca\u0142ym tego s\u0142owa znaczeniu dusz\u0105. Ale to nie wszystko: monady odzwierciedlaj\u0105 ca\u0142y wszech\u015bwiat i r\u00f3\u017cni\u0105 si\u0119 jedna od drugiej w zale\u017cno\u015bci od stopnia \u015bwiadomo\u015bci samej siebie oraz istniej\u0105cego w nich Boskiego \u0179r\u00f3d\u0142a.<\/p>\n<p>\u015awi\u0119ty G\u0142os wszystkich czas\u00f3w prowadzi nas zatem do zapytania samych siebie o istnienie tej kuli, w kt\u00f3rej my, jako zwyczajne osobowo\u015bci, jeste\u015bmy&nbsp; utrzymywani w naszej podr\u00f3\u017cy w ziemskim \u017cyciu.<\/p>\n<p>Co zawiera mikrokosmiczna substancja?<\/p>\n<p>Odci\u015bni\u0119te s\u0105 w niej wszystkie do\u015bwiadczenia z biegu naszej historii \u2013<br \/>\nw ten spos\u00f3b zapisany jest ka\u017cdy \u015blad naszej \u201echronologii\u201d, a to determinuje nasz\u0105 tera\u017aniejszo\u015b\u0107 w postaci pogl\u0105d\u00f3w, tendencji, wp\u0142yw\u00f3w, a zatem wynikaj\u0105cy z tego brak potrzeby do\u015bwiadczania tego, co ju\u017c prze\u017cyli\u015bmy\u2026 lata, wieki, eony temu!<\/p>\n<p>Kolejne jazdy na karuzeli w krainie \u015bwiate\u0142 i cieni, kolejne do\u015bwiadczenia egzystencji od \u015bwitu do zmierzchu maj\u0105 teraz swoje skutki.<\/p>\n<p>Tak jak mo\u017cemy odczyta\u0107 \u015bcie\u017ck\u0119 \u201edvd\u201d, &nbsp;tak samo \u201edane\u201d z naszego \u017cycia odci\u015bni\u0119te s\u0105 w naszym mikrokosmosie, w absolutnie oryginalnym formacie, naszym w\u0142asnym: nasze niepowtarzalne, wyj\u0105tkowe do\u015bwiadczenie w tym ziemskim polu zwanym \u201e\u017cyciem\u201d.<\/p>\n<p>Widzimy jak z\u0142ota ni\u0107 \u015bwi\u0119tej nauki zawsze przemierza\u0142a i \u0142\u0105czy\u0142a histori\u0119 ludzko\u015bci, w ka\u017cdym zak\u0105tku planety i w ka\u017cdym czasie.<\/p>\n<p>Teraz jednak powstaje pytanie: czy mo\u017cliwe jest odkrycie tej z\u0142otej r\u00f3wnowagi, kt\u00f3ra zosta\u0142a zagubiona?<\/p>\n<p>Tak, poniewa\u017c dok\u0142adnie w centrum mikrokosmicznej substancji znajduje si\u0119 duchowa zasada, ziarno gorczycy chrze\u015bcijan, kwiat lotosu wschodnich m\u0119drc\u00f3w, kamie\u0144 filozoficzny alchemik\u00f3w, skarb delfickich bog\u00f3w. Jest to ostatnia pozosta\u0142o\u015b\u0107 nie\u015bmiertelnej istoty \u2013 tak wiele nazw dla jednej esencji.<\/p>\n<p>To jest punkt pocz\u0105tkowy, od kt\u00f3rego wychodz\u0105c cz\u0142owiek mo\u017ce odkry\u0107 siebie jako Bosk\u0105 Istot\u0119.<\/p>\n<p>Lecz nie jest to proces natychmiastowy.<\/p>\n<p>Gdy tylko \u017cycie ludzkiej istoty zostanie naznaczone pragnieniem poznania siebie w poszukiwaniu siebie, stanie ona w obliczu wielu pr\u00f3b. Przede wszystkim przejdzie pr\u00f3b\u0119 samego siebie.<\/p>\n<p>Je\u015bli u\u015bpiona zasada jest od\u017cywiana p\u0142omieniem umi\u0142owania wiedzy, to w\u00f3wczas jest ona wstanie utworzy\u0107 now\u0105 konstelacj\u0119 na mikrokosmicznym, niebia\u0144skim niebie \u2013 to znaczy Nowe Niebo i Now\u0105 Ziemi\u0119 z <em>Objawienia<\/em>: autentyczne odrodzenie, po kt\u00f3rym nast\u0105pi prawdziwa zmiana&nbsp; \u017cycia.<\/p>\n<p>Nast\u0119pnie, kr\u00f3tko m\u00f3wi\u0105c, nadejdzie prawdziwa rewolucja: promienie nowego \u015bwitu o\u017cywi\u0105 nowe kosmiczne si\u0142y magnetyczne.<\/p>\n<p>Z okresu renesansu mamy \u015bwiadectwo wielu znakomitych uduchowionych ludzi, kt\u00f3rzy poprzez swoje dzia\u0142ania bardzo wp\u0142yn\u0119li na nasz \u015bwiat, poniewa\u017c kierowa\u0142o nimi g\u0142\u0119bokie wewn\u0119trzne poszukiwanie i nieustanne pragnienie autentycznej duchowej odnowy.<\/p>\n<p>Ich najbardziej \u017carliwym pragnieniem by\u0142o \u201eodrodzi\u0107 si\u0119\u201d, \u201eurodzi\u0107 si\u0119 ponownie do Nowego \u017bycia\u201d, ujrze\u0107 nadej\u015bcie duchowej wiosny: dok\u0142adnie tego, do czego tak\u017ce my jeste\u015bmy wzywani tu i teraz.<\/p>\n<p>I je\u015bli tak jest, to w\u00f3wczas, tak jak Marsilio Ficino napisa\u0142 w traktacie<br \/>\n\u2018O nie\u015bmiertelno\u015bci duszy\u2019, mo\u017cemy powiedzie\u0107:<\/p>\n<p>\u201eZatem ochoczo, jako boskie duchy z niebia\u0144skiej ojczyzny pozb\u0105d\u017amy si\u0119 szybko naszych ziemskich spraw, i pod przewodnictwem Boga wznie\u015bmy si\u0119 na platonicznych skrzyd\u0142ach &nbsp;do niebia\u0144skiej siedziby, gdzie b\u0119dziemy kontemplowa\u0107 b\u0142ogos\u0142awion\u0105 doskona\u0142o\u015b\u0107 naszego rodzaju\u2026\u201d.<\/p>\n","protected":false},"author":1,"featured_media":8760,"template":"","meta":{"_acf_changed":false},"tags":[],"category_":[110068,110081],"tags_english_":[],"class_list":["post-90547","logon_article","type-logon_article","status-publish","has-post-thumbnail","hentry","category_-art-pl","category_-livingpast-pl"],"acf":[],"_links":{"self":[{"href":"https:\/\/logon.media\/pl\/wp-json\/wp\/v2\/logon_article\/90547","targetHints":{"allow":["GET"]}}],"collection":[{"href":"https:\/\/logon.media\/pl\/wp-json\/wp\/v2\/logon_article"}],"about":[{"href":"https:\/\/logon.media\/pl\/wp-json\/wp\/v2\/types\/logon_article"}],"author":[{"embeddable":true,"href":"https:\/\/logon.media\/pl\/wp-json\/wp\/v2\/users\/1"}],"wp:featuredmedia":[{"embeddable":true,"href":"https:\/\/logon.media\/pl\/wp-json\/wp\/v2\/media\/8760"}],"wp:attachment":[{"href":"https:\/\/logon.media\/pl\/wp-json\/wp\/v2\/media?parent=90547"}],"wp:term":[{"taxonomy":"post_tag","embeddable":true,"href":"https:\/\/logon.media\/pl\/wp-json\/wp\/v2\/tags?post=90547"},{"taxonomy":"category_","embeddable":true,"href":"https:\/\/logon.media\/pl\/wp-json\/wp\/v2\/category_?post=90547"},{"taxonomy":"tags_english_","embeddable":true,"href":"https:\/\/logon.media\/pl\/wp-json\/wp\/v2\/tags_english_?post=90547"}],"curies":[{"name":"wp","href":"https:\/\/api.w.org\/{rel}","templated":true}]}}