{"id":113141,"date":"2024-10-29T04:43:14","date_gmt":"2024-10-29T04:43:14","guid":{"rendered":"https:\/\/logon.media\/logon_article\/misteria-celtow\/"},"modified":"2024-11-02T06:13:08","modified_gmt":"2024-11-02T06:13:08","slug":"misteria-celtow","status":"publish","type":"logon_article","link":"https:\/\/logon.media\/pl\/logon_article\/misteria-celtow\/","title":{"rendered":"Misteria Celt\u00f3w"},"content":{"rendered":"<p>PODCAST<\/p>\n<!--[if lt IE 9]><script>document.createElement('audio');<\/script><![endif]-->\n<audio class=\"wp-audio-shortcode\" id=\"audio-113141-1\" preload=\"none\" style=\"width: 100%;\" controls=\"controls\"><source type=\"audio\/mpeg\" src=\"https:\/\/logon.media\/wp-content\/uploads\/2024\/10\/Misteria-Celtow-6.mp3?_=1\" \/><a href=\"https:\/\/logon.media\/wp-content\/uploads\/2024\/10\/Misteria-Celtow-6.mp3\">https:\/\/logon.media\/wp-content\/uploads\/2024\/10\/Misteria-Celtow-6.mp3<\/a><\/audio>\n<p><strong>Rozw<\/strong><strong>\u00f3<\/strong><strong>j duchowy duszy ludu celtyckiego &#8211; cz\u0119\u015b\u0107 6<\/strong><\/p>\n<p><a href=\"https:\/\/logon.media\/pl\/logon_article\/wiedza-druidow-przekazana-w-triadach\/\">Id\u017a do cz\u0119\u015bci 5<\/a><\/p>\n<p>Misteria celtyckie naucza\u0142y o reinkarnacji i odnosi\u0142y si\u0119 do ci\u0105g\u0142ej zmiany stan\u00f3w istnienia, gdzie \u015bmier\u0107 by\u0142a postrzegana jako po\u015bredni etap bardzo d\u0142ugiego \u017cycia. Dlatego nauki Pitagorasa by\u0142y szczeg\u00f3lnie cenione przez druid\u00f3w, kt\u00f3rzy wierzyli, \u017ce dusza ludzka jest nie\u015bmiertelna i we w\u0142a\u015bciwym czasie odrodzi si\u0119 w innym ciele.<\/p>\n<p>W ci\u0105gu wielu wciele\u0144 ludzie zdobywaj\u0105 nowe do\u015bwiadczenia i przechodz\u0105 liczne pr\u00f3by, kt\u00f3re mog\u0105 ich wzmocni\u0107, aby w ko\u0144cu osi\u0105gn\u0105\u0107 sw\u00f3j cel, jakim jest stanie si\u0119 prawdziwym cz\u0142owiekiem.<\/p>\n<p>Taliesin, poeta z Wielkiej Brytanii (534-599 n.e), kt\u00f3ry zosta\u0142 wtajemniczony w Misteria Ceridweny, napisa\u0142:<\/p>\n<blockquote><p><em>Przeszed\u0142em przez wiele form<\/em><\/p>\n<p><em>zanim przybra\u0142em swoj\u0105 prawdziw\u0105 posta\u0107.<\/em><\/p><\/blockquote>\n<p>Celtyccy druidzi nadali ton religijno\u015bci i porz\u0105dkowi spo\u0142ecznemu.<\/p>\n<p>Wed\u0142ug Rudolfa Steinera, korzeni wiedzy misteryjnej druid\u00f3w nale\u017cy szuka\u0107 w krajach nale\u017c\u0105cych do basenu Morza Czarnego. Ta duchowa m\u0105dro\u015b\u0107 przedosta\u0142a si\u0119 ze Wschodu na Zach\u00f3d. Kto\u015b m\u00f3g\u0142by zapyta\u0107, czym by\u0142a ta m\u0105dro\u015b\u0107, co w sobie zawiera\u0142a. By\u0142a nie\u015bwiadomym wspomnieniem, nie\u015bwiadomym odbiciem wszystkiego, co Ziemia dzieli\u0142a ze S\u0142o\u0144cem i Ksi\u0119\u017cycem, kiedy by\u0142y jeszcze po\u0142\u0105czone.<\/p>\n<p>Zatem inicjacja druid\u00f3w by\u0142a w rzeczywisto\u015bci inicjacj\u0105 s\u0142oneczn\u0105, po\u0142\u0105czon\u0105 z m\u0105dro\u015bci\u0105 ksi\u0119\u017cycow\u0105.<\/p>\n<p>Kultura druid\u00f3w obejmowa\u0142a znaczn\u0105 cz\u0119\u015b\u0107 p\u00f3\u0142nocnej i \u015brodkowej Europy przez 3 do 3 i p\u00f3\u0142 tysi\u0105ca lat, w czasach gdy pismo nie by\u0142o jeszcze znane. Dok\u0142adny czas pojawienia si\u0119 ludu celtyckiego pozostaje dzi\u015b dla uczonych tajemnic\u0105.<\/p>\n<p>Potem nasta\u0142a kultura Odyna, kt\u00f3ra da\u0142a pocz\u0105tek pismu runicznemu. Mo\u017cna powiedzie\u0107, \u017ce kultura ta zapocz\u0105tkowa\u0142a g\u0142\u00f3d wiedzy. Do kultu S\u0142o\u0144ca i Ksi\u0119\u017cyca, kt\u00f3re ju\u017c wtedy by\u0142y czczone, dodano planet\u0119 Merkury. Jednak\u017ce inicjacja s\u0142oneczna trwa\u0142a u Celt\u00f3w jeszcze przez wiele stuleci.<\/p>\n<p>Inicjacj\u0119 t\u0119 znajdujemy w historii kr\u00f3la Artura i jego okr\u0105g\u0142ego sto\u0142u. Artur by\u0142 jak S\u0142o\u0144ce po\u015br\u00f3d swoich dwunastu rycerzy. Zamek kr\u00f3la Artura pierwotnie znajdowa\u0142 si\u0119 w Tintagel na wybrze\u017cu Kornwalii. To tu rozpocz\u0105\u0142 si\u0119 rozw\u00f3j cywilizacji europejskiej. Kr\u00f3l Artur i jego dwunastu rycerzy wch\u0142on\u0119li moc i energi\u0119 S\u0142o\u0144ca i ponie\u015bli j\u0105 dalej do Europy. Rycerze walczyli z si\u0142ami rz\u0105dz\u0105cych tam demonicznych smok\u00f3w, kt\u00f3re w\u00f3wczas wci\u0105\u017c jeszcze by\u0142y obecne w Europie. W ten spos\u00f3b cywilizowali ludzi i szerzyli w\u015br\u00f3d nich swoj\u0105 kultur\u0119.<\/p>\n<p>Z tego powodu t\u0119 armi\u0119 rycerzy por\u00f3wnuje si\u0119 do walcz\u0105cego ze smokiem wojownika Micha\u0142a i nazywa si\u0119 j\u0105 armi\u0105 Micha\u0142a.<\/p>\n<p>Okr\u0105g\u0142y st\u00f3\u0142 istnia\u0142 do czas\u00f3w kr\u00f3lowej El\u017cbiety i zosta\u0142 rozwi\u0105zany z powod\u00f3w politycznych. W tym samym czasie, oko\u0142o 1580 roku, zamek Artura, Tintagel, popad\u0142 w ruin\u0119.<\/p>\n<p>Ze wzgl\u0119du na sw\u00f3j kontakt z chrze\u015bcija\u0144stwem wojowniczy Celtowie byli bardzo przychylnie nastawieni do Archanio\u0142a Micha\u0142a, co wida\u0107 w wielu hymnach, kt\u00f3re do nas dotar\u0142y. Z j\u0119zykowego punktu widzenia stanowi\u0105 one szczyt integracji tre\u015bci chrze\u015bcija\u0144skich ze s\u0142ownictwem celtyckim. Oto przyk\u0142ad:<\/p>\n<blockquote><p><em>O Mic<\/em><em>hale, wojowniku,<\/em><\/p>\n<p><em>Kr<\/em><em>\u00f3<\/em><em>lu anio\u0142\u00f3w,<\/em><\/p>\n<p><em>Chro\u0144 swoich ludzi <\/em><\/p>\n<p><em>Moc\u0105 swojego miecza,<\/em><\/p>\n<p><em>Chro\u0144 swoich ludzi<\/em><\/p>\n<p><em>Moc\u0105 swojego miecza.<\/em><\/p>\n<p>&nbsp;<\/p>\n<p><em>Rozpostrzyj swoje skrzyd\u0142a<\/em><\/p>\n<p><em>Ponad morzem <\/em><em>i<\/em><em> l\u0105<\/em><em>dem,<\/em><em>\u00a0<\/em><\/p>\n<p><em>Ponad wschodem I zachodem,<\/em><\/p>\n<p><em>Chro\u0144 nas przed wrogiem.<\/em><\/p>\n<p><em>Ponad wschodem i zachodem<\/em><\/p>\n<p><em>Chro\u0144 nas przed wrogiem.<\/em><\/p>\n<p>&nbsp;<\/p>\n<p><em>O\u015bwie\u0107 nas swoj\u0105 niebia\u0144sk\u0105 moc\u0105,<\/em><\/p>\n<p><em>B\u0105d\u017a przy nas w zgie\u0142ku walki,<\/em><em>\u00a0<\/em><\/p>\n<p><em>Towarzysz nam w naszej pielgrzymce,<\/em><\/p>\n<p><em>B\u0105d\u017a przy nas w zgie\u0142ku walki,<\/em><em>\u00a0<\/em><\/p>\n<p><em>Towarzysz nam w naszej pielgrzymce.<\/em><\/p><\/blockquote>\n<p>Ponadto czczono dwa g\u0142\u00f3wne b\u00f3stwa: Hu, kt\u00f3rego uwa\u017cano za niebia\u0144skiego Ojca i boga S\u0142o\u0144ca, oraz Ceridwen, niebia\u0144sk\u0105 Matk\u0119 i bogini\u0119 Ksi\u0119\u017cyca. Czasami por\u00f3wnuje si\u0119 je do Ozyrysa i Izydy.<\/p>\n<p>Druidzi posiadali transcendentaln\u0105 percepcj\u0119, kt\u00f3ra by\u0142a powi\u0105zana z darem proroctwa. Proroctwo to cz\u0119sto by\u0142o poprzedzane s\u0142owami:<\/p>\n<blockquote><p><em>Widz\u0119 moim duchowym wzrokiem.<\/em><\/p><\/blockquote>\n<p>Ich magiczne w\u0142a\u015bciwo\u015bci r\u00f3wnie\u017c by\u0142y s\u0142awne i budzi\u0142y strach, zw\u0142aszcza podczas wojen. Druidzi potrafili wp\u0142ywa\u0107 na przyrod\u0119 w taki spos\u00f3b, \u017ce mog\u0142o to mie\u0107 katastrofalne skutki. Istnieje relacja opowiadaj\u0105ca o tym, \u017ce w jednej z bitew pewien druid wspi\u0105\u0142 si\u0119 na wzg\u00f3rze i wywo\u0142a\u0142 swym oddechem pot\u0119\u017cn\u0105 burz\u0119. Co wi\u0119cej, wzg\u00f3rze to znikn\u0119\u0142o za g\u0119st\u0105 mg\u0142\u0105. Przeciwnicy Celt\u00f3w stracili odwag\u0119 i poddali si\u0119.<\/p>\n<p>Moc\u0105 swoich zakl\u0119\u0107 i czar\u00f3w nie tylko wp\u0142ywali na przyrod\u0119, lecz tak\u017ce nie\u015bli ludziom b\u0142ogos\u0142awie\u0144stwa lub cierpienie. Jako kap\u0142ani znajdowali si\u0119 w centrum wydarze\u0144 i otwarcie wyra\u017cali swoje zdanie w wa\u017cnych sprawach i problemach. W ten spos\u00f3b mogli dodawa\u0107 swoim wojownikom odwagi do walki, ale tak\u017ce krytykowa\u0107 i szydzi\u0107 z tych, kt\u00f3rzy byli tch\u00f3rzliwi.<\/p>\n<p>Druidzi znali tak\u017ce astronomi\u0119, co wida\u0107 po konstrukcji ich budowli. W budynku \u015bwi\u0105tynnym \u017caden kamie\u0144 nie znajdowa\u0142 si\u0119 w przypadkowym miejscu. Wszystko by\u0142o budowane wed\u0142ug dok\u0142adnych pomiar\u00f3w astronomicznych.<\/p>\n<p>\u015awi\u0105tynie cz\u0119sto wznoszono na wzniesieniach w d\u0119bowym lesie. Mia\u0142y one kszta\u0142t krzy\u017ca, poniewa\u017c krzy\u017c by\u0142 symbolem odrodzenia, lub te\u017c by\u0142y okr\u0105g\u0142e, symbolizuj\u0105c w ten spos\u00f3b pierwszy \u015bwiat. Bywa\u0142o te\u017c, \u017ce mia\u0142y kszta\u0142t skrzyde\u0142, kt\u00f3re by\u0142y reprezentacj\u0105 Ducha, albo kszta\u0142t w\u0119\u017ca, kt\u00f3ry by\u0142 symbolem boga Hu, \u201eceltyckiego Ozyrysa\u201d.<\/p>\n<p>Naj\u015bwi\u0119tszymi \u015bwi\u0105tyniami by\u0142y kromlechy lub dolmeny, u\u017cywane jako miejsca inicjacji lub odrodzenia. Sk\u0142ada\u0142y si\u0119 z trzech ustawionych pionowo kamieni, zwie\u0144czonych p\u0142askim g\u0142azem, kt\u00f3ry s\u0142u\u017cy\u0142 za \u201edach\u201d, tworz\u0105c w ten spos\u00f3b ma\u0142\u0105 cel\u0119. W tej celi druid prowadzi\u0142 duchowe badania.<\/p>\n<p><a href=\"https:\/\/logon.media\/pl\/logon_article\/druidzi-i-kromlechy\/\">Id\u017a do cz\u0119\u015bci 7<\/a><\/p>\n<p><strong>\u0179r<\/strong><strong>\u00f3<\/strong><strong>d\u0142a:<\/strong><\/p>\n<p>[1] Rudolf Steiner \u201eDie Tempellegende und die goldene Legende\u201d [Legenda \u015bwi\u0105tynna i z\u0142ota legenda], GA 93 (1904), (angielski: rsarchive.org).<\/p>\n<p>[2] Eleanor C. Merry \u201eThe Flaming Door &#8211; The Mission of the Celtic Folk-Soul\u201d [P\u0142on\u0105ce drzwi \u2013 misja celtyckiej duszy ludowej], Knowledge Books, East Grinstead 1936.<\/p>\n<p>[3] Jakob Streit \u201eSonne und Kreuz\u201d [S\u0142o\u0144ce i Krzy\u017c], Freies Geistesleben, Stuttgart 1977.<\/p>\n","protected":false},"author":923,"featured_media":14809,"template":"","meta":{"_acf_changed":false},"tags":[],"category_":[110081],"tags_english_":[],"class_list":["post-113141","logon_article","type-logon_article","status-publish","has-post-thumbnail","hentry","category_-livingpast-pl"],"acf":[],"_links":{"self":[{"href":"https:\/\/logon.media\/pl\/wp-json\/wp\/v2\/logon_article\/113141","targetHints":{"allow":["GET"]}}],"collection":[{"href":"https:\/\/logon.media\/pl\/wp-json\/wp\/v2\/logon_article"}],"about":[{"href":"https:\/\/logon.media\/pl\/wp-json\/wp\/v2\/types\/logon_article"}],"author":[{"embeddable":true,"href":"https:\/\/logon.media\/pl\/wp-json\/wp\/v2\/users\/923"}],"wp:featuredmedia":[{"embeddable":true,"href":"https:\/\/logon.media\/pl\/wp-json\/wp\/v2\/media\/14809"}],"wp:attachment":[{"href":"https:\/\/logon.media\/pl\/wp-json\/wp\/v2\/media?parent=113141"}],"wp:term":[{"taxonomy":"post_tag","embeddable":true,"href":"https:\/\/logon.media\/pl\/wp-json\/wp\/v2\/tags?post=113141"},{"taxonomy":"category_","embeddable":true,"href":"https:\/\/logon.media\/pl\/wp-json\/wp\/v2\/category_?post=113141"},{"taxonomy":"tags_english_","embeddable":true,"href":"https:\/\/logon.media\/pl\/wp-json\/wp\/v2\/tags_english_?post=113141"}],"curies":[{"name":"wp","href":"https:\/\/api.w.org\/{rel}","templated":true}]}}