{"id":92553,"date":"2022-02-03T17:01:43","date_gmt":"2022-02-03T17:01:43","guid":{"rendered":"https:\/\/logon.media\/logon_article\/eretto-e-fluente-come-un-albero-percepire-lessere-tra-sopra-e-sotto-dentro-e-fuori-parte-1\/"},"modified":"2022-02-03T17:01:43","modified_gmt":"2022-02-03T17:01:43","slug":"eretto-e-fluente-come-un-albero-percepire-lessere-tra-sopra-e-sotto-dentro-e-fuori-parte-1","status":"publish","type":"logon_article","link":"https:\/\/logon.media\/it\/logon_article\/eretto-e-fluente-come-un-albero-percepire-lessere-tra-sopra-e-sotto-dentro-e-fuori-parte-1\/","title":{"rendered":"Eretto e fluente come un albero. Percepire l&#8217;essere tra sopra e sotto, dentro e fuori \u2013 Parte 1"},"content":{"rendered":"<p><em>La saggezza \u00e8 un albero di vita<\/em>&#8230; (Proverbi 3:18)<\/p>\n<p>Stare di fronte a un albero secolare risveglia in noi sentimenti di stupore e sicurezza. L&#8217;albero ci mostra qualcosa della sua bellezza, quiete e sacralit\u00e0. Riflette la vastit\u00e0 del nostro essere pi\u00f9 intimo.<\/p>\n<p>Gli alberi e gli esseri umani sono spiriti affini. L&#8217;albero, in piedi tra cielo e terra, rispecchia l&#8217;essere umano, un <em>riflesso del nuovo essere umano.<\/em><\/p>\n<p>Diventiamo consapevoli del legame tra gli alberi e gli esseri umani. Se siamo profondamente coinvolti nella natura degli alberi, possiamo riconoscere i segni e ricevere saggezza sulle leggi della vita e sulle dinamiche di consapevolezza tra cielo e terra.<\/p>\n<h4>Eretto tra cielo e terra<\/h4>\n<p>Stare in piedi e camminare eretti \u00e8 stato un enorme passo evolutivo per l&#8217;umanit\u00e0. Di milioni di specie, solo gli esseri umani e i loro immediati predecessori sono riusciti in questa impresa. Da bambini, ripercorriamo ancora una volta questo passo evolutivo. Iniziamo come quadrupedi e gradualmente impariamo ad alzarci in piedi. Nel regno vegetale, solo gli alberi (insieme ai loro &#8220;precursori&#8221;, le erbe e gli steli) stanno in piedi, letteralmente sporgendo dalla vegetazione.<\/p>\n<p>&#8220;<em>L&#8217;albero \u00e8 l&#8217;essere umano tra le piante<\/em>&#8220;, ha detto il ricercatore del suono e musicista Joachim-Ernst Berendt. <a href=\"#_ftn1\" name=\"_ftnref1\" title=\"\">[1]<\/a><\/p>\n<p>Un sentiero, una \u201cstrada\u201d, si snoda tra cielo e terra. Un flusso di energia scorre su e gi\u00f9. Le radici degli alberi apportano nutrimento e forza nel viaggio verso l&#8217;alto, le foglie assorbono anidride carbonica ed energia solare dall&#8217;aria, producono acqua e zucchero (glucosio) con la fotosintesi e una linfa viscosa di glucosio \u00e8 inviata alle radici. A sua volta, l&#8217;ossigeno \u00e8 rilasciato attraverso le foglie nell&#8217;aria.<a href=\"#_ftn2\" name=\"_ftnref2\" title=\"\">[2]<\/a><\/p>\n<p>Anche negli esseri umani c\u2019\u00e8 una &#8220;strada&#8221; energetica a sinistra e a destra della colonna vertebrale, attraverso due cordoni spinali. Ci\u00f2 determina un flusso di energia che si rivela creativo e costantemente rinnovante e pu\u00f2 creare un campo di energia e coscienza altamente vibrante intorno a noi.<a href=\"#_ftn3\" name=\"_ftnref3\" title=\"\">[3]<\/a><\/p>\n<h4>Yggdrasil \u2013 L&#8217;albero del mondo<\/h4>\n<p>Nella mitologia germanica si parla di Yggdrasil, il frassino del mondo. L&#8217;albero si trova al centro del mondo e, come asse del mondo, collega i tre livelli del cielo, il mondo di mezzo e il mondo sotterraneo. Allo stesso modo, un asse del mondo attraversa anche noi esseri umani. Siamo l&#8217;anello di congiunzione tra cielo e terra. Spiritualmente, siamo permeati da un flusso di energia in costante rinnovamento che circola tra i poli del logos terrestre (il nucleo divino della terra) e il logos solare.<\/p>\n<p>Yggdrasil, il frassino del mondo, \u00e8 un&#8217;immagine della creazione nel suo insieme. \u00c8 anche un simbolo della vita: decadimento e crescita, il ciclo del costante rinnovamento. Gli animali prendono parte alla sua forza vitale; le tre Norne (donne del destino) lo spruzzano con l&#8217;acqua santa del pozzo di Urd, reintegrando cos\u00ec continuamente la sua forza vitale. Yggdrasil \u00e8 sempreverde perch\u00e9 si rinnova di continuo e in modo misterioso. Il frassino del mondo \u00e8 un simbolo d\u2019immortalit\u00e0.<\/p>\n<p>Per noi umani \u00e8 uno specchio. Siamo chiamati a diventare esseri umani cosmici attraverso un processo di trasformazione e sviluppiamo una coscienza che va oltre lo spazio-temporale. Il mito di Yggdrasil ci fornisce indizi su come ci\u00f2 possa accadere:<\/p>\n<p>Per Odino, il frassino del mondo \u00e8 un <em>albero sacrificale<\/em> e un<em> albero della conoscenza<\/em>. Per nove giorni e nove notti Odino sta appeso a testa in gi\u00f9 sull&#8217;albero sacrificale senza cibo n\u00e9 bevande, ferito dalla sua stessa lancia. Dopo nove giorni cade alle radici dell&#8217;albero e l\u00ec pu\u00f2 accedere alla saggezza segreta. Nella mitologia germanica, il numero nove \u00e8 rilevante, perch\u00e9 rappresenta i nove piani di esistenza, le nove dimensioni della coscienza.<\/p>\n<p>Qual \u00e8 il significato delle radici? Nel mito di Yggdrasil, le tre donne del destino: <em>Urd <\/em>(il destino), <em>Verdandi <\/em>(il divenire) e <em>Skuld <\/em>(ci\u00f2 che deve essere) vivono alla base dell&#8217;albero. Questa trinit\u00e0 del femminino possiede il segreto della vita e lo trasmette solo a chi si \u00e8 dimostrato adatto e saldo attraverso il totale sacrificio di s\u00e9.<\/p>\n<p>Che cosa ha a che fare questo vecchio mito dell&#8217;albero germanico con le nostre vite?<\/p>\n<h4>Ferita e coscienza<\/h4>\n<p>Ogni albero ha un punto vulnerabile. Ora sappiamo che lo strato fluido e conduttore d&#8217;acqua non deve essere distrutto, altrimenti l&#8217;albero muore. Il suo flusso di energia verrebbe interrotto. Allo stesso modo, \u00e8 anche essenziale per noi umani mantenere in movimento il flusso interiore di energia, per liberarlo da ferite, blocchi e false credenze.<\/p>\n<p>&#8220;<em>Ogni volta che ti senti male, chiediti onestamente se non sei tentato di sgattaiolare fuori, sopra, accanto, oltre, invece di scendere in fondo. La codardia che ci fa fare questo, ci punisce rendendo la vita ogni giorno pi\u00f9 insopportabile e difficile. Ma scendere fino in fondo non significa essere distrutti, disgregati, perduti. Dovresti andare fino in fondo nella vita e poi vedere come la vita \u00e8 improvvisamente cos\u00ec semplice<\/em>\u201d.&nbsp; <a href=\"#_ftn4\" name=\"_ftnref4\" title=\"\">[4]<\/a><\/p>\n<p>In un modo meraviglioso, l&#8217;albero ci mostra la tensione tra il respirare nella luce e l\u2019essere radicati nella terra. Il suo principale nutrimento viene dall&#8217;alto, dalla luce. La luce del sole si trasforma \u00e8 si dirige in profondit\u00e0 nella terra. Anche noi umani siamo in costante interazione tra respirare la luce e la discesa nelle profondit\u00e0 del subconscio (il &#8220;sistema radice&#8221;).<\/p>\n<p>Entrambi i poli hanno qualcosa in comune: con la nostra volont\u00e0 non possiamo n\u00e9 penetrare n\u00e9 intervenire con il &#8220;sopra&#8221; o il &#8220;sotto&#8221;.<\/p>\n<p>La luce c\u2019\u00e8 offerta dall'&#8221;alto&#8221; come dono; possiamo solo aprirci ad essa. Ogni sforzo, ogni azione intenzionale ostacolerebbe questo flusso. All&#8217;altro polo la situazione \u00e8 simile. Immagini, vecchie ferite e lesioni emergono dal subconscio. Ecco l\u2019intera scorta di tutti i livelli di coscienza delle incarnazioni precedenti, tutte le vecchie ferite, dalla &#8220;ferita primordiale&#8221; alle ferite e alle incrostazioni individuali concretamente vissute. Queste incrostazioni e ferite vogliono essere dissolte, riscattate, percepite. Tuttavia, questo non pu\u00f2 essere fatto intenzionalmente. Se volessimo abbozzare un \u201cpiano\u201d per dissolvere queste ferite \u2013 inclusa la ferita primordiale collettiva e individuale \u2013 ci perderemmo irrimediabilmente. Saremmo completamente sopraffatti dal dolore immenso per le numerose ferite e non saremmo in grado di sopportarlo o elaborarlo.<\/p>\n<p>Pertanto, dobbiamo sacrificare la nostra volont\u00e0 personale in un &#8220;processo di morte&#8221; simile a Odino. &#8220;Sangue&#8221; e &#8220;acqua&#8221; devono gocciolare dalla ferita primordiale come segno della nostra purificazione interiore.<\/p>\n<p>(<a href=\"https:\/\/www.logon.media\/it\/eretto-e-fluente-come-un-albero-percepire-lessere-tra-sopra-e-sotto-dentro-e-fuori-parte-2\">Continua&nbsp;in parte 2<\/a>)<\/p>\n<p>&nbsp;<\/p>\n<hr \/>\n<p><a href=\"#_ftnref1\" name=\"_ftn1\" title=\"\">[1]<\/a> Joachim-Ernst Berendt, <em>Es gibt keinen Weg. Nur Gehen <\/em>(Non c&#8217;\u00e8 modo. Solo a piedi), Francoforte\/M. 1999<\/p>\n<p><a href=\"#_ftnref2\" name=\"_ftn2\" title=\"\">[2]<\/a> Rainer Kiedrowski, <em>B\u00e4ume dieser Welt<\/em> (Alberi di questo mondo), Augusta, 2000<\/p>\n<p><a href=\"#_ftnref3\" name=\"_ftn3\" title=\"\">[3]<\/a> Jan van Rijckenborgh, <em>Il Nuovo Tipo Umano<\/em>, 2a edizione, Edizioni Lectorium Rosicrucianum, 2018<\/p>\n<p><a href=\"#_ftnref4\" name=\"_ftn4\" title=\"\">[4]<\/a> Wilhelm Engelhardt (insegnante e cantore, 1857-1935), raccolta di aforismi, <a href=\"https:\/\/www.aphorismen.de\/\">https:\/\/www.aphorismen.de<\/a><\/p>\n","protected":false},"author":920,"featured_media":55518,"template":"","meta":{"_acf_changed":false},"tags":[],"category_":[111016],"tags_english_":[],"class_list":["post-92553","logon_article","type-logon_article","status-publish","has-post-thumbnail","hentry","category_-spiritsoul-it-it"],"acf":[],"_links":{"self":[{"href":"https:\/\/logon.media\/it\/wp-json\/wp\/v2\/logon_article\/92553","targetHints":{"allow":["GET"]}}],"collection":[{"href":"https:\/\/logon.media\/it\/wp-json\/wp\/v2\/logon_article"}],"about":[{"href":"https:\/\/logon.media\/it\/wp-json\/wp\/v2\/types\/logon_article"}],"author":[{"embeddable":true,"href":"https:\/\/logon.media\/it\/wp-json\/wp\/v2\/users\/920"}],"wp:featuredmedia":[{"embeddable":true,"href":"https:\/\/logon.media\/it\/wp-json\/wp\/v2\/media\/55518"}],"wp:attachment":[{"href":"https:\/\/logon.media\/it\/wp-json\/wp\/v2\/media?parent=92553"}],"wp:term":[{"taxonomy":"post_tag","embeddable":true,"href":"https:\/\/logon.media\/it\/wp-json\/wp\/v2\/tags?post=92553"},{"taxonomy":"category_","embeddable":true,"href":"https:\/\/logon.media\/it\/wp-json\/wp\/v2\/category_?post=92553"},{"taxonomy":"tags_english_","embeddable":true,"href":"https:\/\/logon.media\/it\/wp-json\/wp\/v2\/tags_english_?post=92553"}],"curies":[{"name":"wp","href":"https:\/\/api.w.org\/{rel}","templated":true}]}}