{"id":92453,"date":"2021-12-31T05:10:23","date_gmt":"2021-12-31T05:10:23","guid":{"rendered":"https:\/\/logon.media\/logon_article\/percezione-e-coscienza\/"},"modified":"2021-12-31T05:10:23","modified_gmt":"2021-12-31T05:10:23","slug":"percezione-e-coscienza","status":"publish","type":"logon_article","link":"https:\/\/logon.media\/it\/logon_article\/percezione-e-coscienza\/","title":{"rendered":"Percezione e Coscienza"},"content":{"rendered":"<p>Attraverso i secoli, ogni essere umano vive nel proprio mondo nella solitudine e nella divisione. Ogni individuo vive solo per se stesso e tutta la natura soffre l&#8217;impronta della vita umana egoista: il caos \u00e8 ovunque. Il mondo \u00e8 diventato un letamaio, molte specie animali e vegetali sono estinte e l&#8217;umanit\u00e0 minaccia la sopravvivenza non solo degli altri esseri viventi ma anche di se stessa. Cercando di superare la solitudine, le persone creano famiglie, trib\u00f9, nazioni, la nostra societ\u00e0 moderna, ma in sostanza gli individui sono ancora divisi. Qual \u00e8 la ragione di questo? Si pu\u00f2 riassumere come segue: <em>La vita di ogni persona \u00e8 determinata dalla qualit\u00e0 della sua percezione sensoriale e dallo sviluppo della sua coscienza<\/em>. E cos\u00ec sorge la domanda successiva:<\/p>\n<h4>Cosa sono esattamente la percezione e la coscienza?<\/h4>\n<p>Da un punto di vista specifico, la percezione \u00e8 una visione interiore del mondo e delle persone, ricevuta attraverso gli organi sensoriali e rifratta attraverso lo specchio della coscienza. Tuttavia, questa visione interiore \u00e8 piuttosto imperfetta perch\u00e9 i sensi umani catturano le impressioni entro intervalli relativamente ristretti e quindi l&#8217;immagine ottenuta \u00e8 piuttosto incompleta. La coscienza, d&#8217;altra parte, determina il modo in cui gli umani percepiscono il mondo e se stessi, e oltre alla parte cosciente ci sono parti subconsce e inconsce (evidenziate nelle opere di Sigmund Freud). Il subconscio \u00e8 il deposito di ricordi che potrebbero essere richiamati pi\u00f9 facilmente, rispetto ai ricordi inconsci e alle esperienze passate conservate molto pi\u00f9 profondamente nel nostro sistema. Sia il subconscio che l&#8217;inconscio, tuttavia, hanno un impatto significativo sulla mente conscia e spiegano i modi a volte strani in cui le persone reagiscono in determinate situazioni.<\/p>\n<p>E cos\u00ec, poich\u00e9 i sensi umani hanno una gamma limitata di attivit\u00e0 e la coscienza dell&#8217;essere umano di oggi \u00e8 egocentrica \u2013 percepisce se stessa come il centro dell&#8217;esistenza \u2013 le persone non possono capire gli altri, il loro mondo interiore e la ragione delle loro azioni. Sulla base della coscienza egocentrica, la maggior parte degli umani pensa di avere sempre ragione, anche se nessun altro \u00e8 di questa opinione. Pertanto, le occasioni e gli eventi che li avvantaggiano suscitano la loro approvazione e quelli che non gli si addicono sono spesso attaccati e criticati. Inoltre, l&#8217;educazione e la cultura della personalit\u00e0 non sono purtroppo sufficienti per impedirlo, poich\u00e9 le resistenze e le tensioni interiori sono una diretta manifestazione della natura intrinseca dell&#8217;io e, anche se non si manifestano esteriormente, esistono e condizionano il destinatario.&nbsp;<\/p>\n<p>In questo modo, le persone si allontanano l&#8217;una dall&#8217;altra e diventano separate e sole. In tali situazioni, l&#8217;osservatore obiettivo potrebbe percepire l&#8217;impatto sottostante del subconscio e dell&#8217;inconscio sulla mente conscia. I sentimenti e le emozioni fluttuanti dell&#8217;io ferito potrebbero essere spiegati, almeno in parte, dalla sottile influenza dei ricordi e delle esperienze passate, forse dimenticate ma ancora vive nel profondo.<\/p>\n<p>Ci\u00f2 che \u00e8 interessante, per\u00f2, \u00e8 che molto spesso il destinatario non \u00e8 consapevole delle critiche che gli sono rivolte. Ci\u00f2 \u00e8 dovuto in parte alla sua limitata percezione sensoriale, ma anche al fatto che molto spesso le sue azioni non avevano lo scopo di nuocere agli altri, anche se questi ultimi le hanno percepite cos\u00ec. Tuttavia, il criticato percepisce intuitivamente l&#8217;atteggiamento negativo e vi reagisce con ostilit\u00e0 pi\u00f9 o meno consapevole. Ecco perch\u00e9 i grandi maestri spirituali dell&#8217;umanit\u00e0 raccomandano di pensare, parlare e fare il bene.<\/p>\n<p>Sfortunatamente, ci\u00f2 rimane impossibile a causa della struttura bipolare della coscienza umana. Essa si muove costantemente tra i due poli (ad esempio bene e male, gioia e dolore, felicit\u00e0 e tristezza, ecc.). Pertanto, i tentativi di rimanere su un solo polo sono destinati al fallimento.<\/p>\n<p>Naturalmente le situazioni di cui sopra non sono un segreto per le persone che stanno diventando consapevoli di se stesse e del mondo circostante. Fin dai tempi antichi, ci sono esercizi mentali, pratiche di meditazione, ecc. che mirano a creare un essere umano perfetto che padroneggia se stesso e il mondo circostante. In questo modo le persone ottengono un&#8217;espansione delle loro percezioni sia dal regno materiale grossolano sia dalle sfere pi\u00f9 sottili di questo piano di esistenza. In realt\u00e0, per\u00f2, queste pratiche si limitano ad amplificare alcuni aspetti dei sensi e della coscienza umana e ne espandono il raggio d\u2019azione, raggiungendo a volte la chiaroveggenza, la chiaroudienza, ecc. Non ne cambiano la natura intrinseca e quindi non possono risolvere i problemi dell&#8217;umanit\u00e0 di oggi, che sono sorti come risultato della percezione e della coscienza imperfette, e quindi una mancanza di comprensione degli altri, ma soprattutto di se stessi.<\/p>\n<p>La coscienza e i sensi umani attuali sono molto limitati e coltivarli in una direzione particolare non pu\u00f2 portare a un cambiamento fondamentale. Tuttavia, questo cambiamento \u00e8 di vitale necessit\u00e0, sebbene sia un compito che sembra irrisolvibile per l&#8217;essere umano di oggi. Ma \u00e8 cos\u00ec?<\/p>\n<p>La soluzione \u00e8 andare oltre l&#8217;individuo naturale, con i suoi sensi e la sua coscienza, e cercare una coscienza completamente nuova e diversa. In realt\u00e0, questa nuova coscienza non \u00e8 affatto nuova, bens\u00ec molto antica. Tutte le sacre scritture parlano, a volte con un linguaggio pi\u00f9 o meno velato, del fatto che gli umani provengono da un mondo superiore e hanno il potenziale per ritornarvi. Tuttavia, per poter realizzare questo \u00e8 necessario un completo cambiamento di coscienza, una rinascita da &#8220;Acqua e Spirito&#8221;, come disse Ges\u00f9 a Nicodemo (Giovanni 3: 3-7). Si dice che gli esseri umani siano creati a immagine di Dio (Genesi 1: 27) e quindi hanno il potenziale per lo sviluppo di una coscienza <strong>onnipresente<\/strong>, che \u00e8 una delle caratteristiche di Dio. \u00c8 una coscienza dotata di sensi nuovi e sublimi in grado di distinguere il bene dal male (Eb 5: 14). La qualit\u00e0 pi\u00f9 importante di questa coscienza \u00e8 la percezione di se stessa come una parte, una cellula del tutto. In questo modo si potr\u00e0 amare e avere cura di ogni cosa e di ogni essere come si ama se stessi. Scomparir\u00e0 cos\u00ec la mancanza di comprensione degli altri e di se stessi, conseguenza della percezione limitata e della coscienza egocentrica, e ogni causa di critica e malcontento. La persona che realizzer\u00e0 il proprio potenziale interiore sar\u00e0 veramente felice, in armonia con se stessa e con il mondo circostante, e soprattutto unita al Tutto.<\/p>\n","protected":false},"author":917,"featured_media":16137,"template":"","meta":{"_acf_changed":false},"tags":[],"category_":[111016],"tags_english_":[],"class_list":["post-92453","logon_article","type-logon_article","status-publish","has-post-thumbnail","hentry","category_-spiritsoul-it-it"],"acf":[],"_links":{"self":[{"href":"https:\/\/logon.media\/it\/wp-json\/wp\/v2\/logon_article\/92453","targetHints":{"allow":["GET"]}}],"collection":[{"href":"https:\/\/logon.media\/it\/wp-json\/wp\/v2\/logon_article"}],"about":[{"href":"https:\/\/logon.media\/it\/wp-json\/wp\/v2\/types\/logon_article"}],"author":[{"embeddable":true,"href":"https:\/\/logon.media\/it\/wp-json\/wp\/v2\/users\/917"}],"wp:featuredmedia":[{"embeddable":true,"href":"https:\/\/logon.media\/it\/wp-json\/wp\/v2\/media\/16137"}],"wp:attachment":[{"href":"https:\/\/logon.media\/it\/wp-json\/wp\/v2\/media?parent=92453"}],"wp:term":[{"taxonomy":"post_tag","embeddable":true,"href":"https:\/\/logon.media\/it\/wp-json\/wp\/v2\/tags?post=92453"},{"taxonomy":"category_","embeddable":true,"href":"https:\/\/logon.media\/it\/wp-json\/wp\/v2\/category_?post=92453"},{"taxonomy":"tags_english_","embeddable":true,"href":"https:\/\/logon.media\/it\/wp-json\/wp\/v2\/tags_english_?post=92453"}],"curies":[{"name":"wp","href":"https:\/\/api.w.org\/{rel}","templated":true}]}}