{"id":91502,"date":"2021-02-14T18:47:46","date_gmt":"2021-02-14T18:47:46","guid":{"rendered":"https:\/\/logon.media\/logon_article\/la-realta-forma-la-coscienza-la-coscienza-crea-la-realta\/"},"modified":"2021-02-14T18:47:46","modified_gmt":"2021-02-14T18:47:46","slug":"la-realta-forma-la-coscienza-la-coscienza-crea-la-realta","status":"publish","type":"logon_article","link":"https:\/\/logon.media\/it\/logon_article\/la-realta-forma-la-coscienza-la-coscienza-crea-la-realta\/","title":{"rendered":"La Realt\u00e0 forma la Coscienza, La Coscienza crea la Realt\u00e0"},"content":{"rendered":"<p>Finch\u00e9 la mia coscienza si affida alla mente \u2013 la mia o quella degli altri \u2013 creo la mia vita a partire da esperienze e conoscenze, cio\u00e8 dal passato. La mente \u00e8 veloce, il pensiero \u00e8 veloce affinch\u00e9 la paura non possa diffondersi, la paura di non avere il controllo di ci\u00f2 che \u00e8 e di ci\u00f2 che sar\u00e0. Paura di non sapere, paura di ci\u00f2 che non si conosce.<\/p>\n<p>Cosa succede quando permetto lo stato di incertezza, quando permango nel non-sapere?<\/p>\n<p>Essere fermi \u2013 essere attenti \u2013 sentire: c&#8217;\u00e8 questo grande campo di possibilit\u00e0 di cui parla anche la fisica quantistica. Per un problema, una situazione che nasce da questo campo, la soluzione esiste nello stesso posto. Non devo &#8220;pensarla&#8221;, nella mia coscienza c&#8217;\u00e8 la capacit\u00e0 di percepirla. A condizione che il mio pensiero stia fermo per un po&#8217;.<\/p>\n<p>\u00c8 questo un fenomeno di emergenza: restando attenti senza avere intenzioni, percependo semplicemente ci\u00f2 che \u00e8, pu\u00f2 emergere qualcosa la cui essenza e le cui caratteristiche non possono essere spiegate da ci\u00f2 che ho percepito finora. Qualcosa che non si basa sul passato, ma \u00e8 veramente nuovo e sconosciuto in precedenza. E nel momento in cui si mostra, \u00e8 assolutamente chiaro che \u00e8 esattamente la cosa giusta.<\/p>\n<p>Questo vale per la realt\u00e0 esterna. Ed \u00e8 vero anche per il mio cammino interiore. Non posso &#8220;saperlo&#8221; e non posso costruirlo. Ha bisogno di fiducia, perch\u00e9 emerge solo passo dopo passo mentre lo percorro. Viene alla luce attraverso il fatto che lo percorro.<\/p>\n","protected":false},"author":920,"featured_media":12452,"template":"","meta":{"_acf_changed":false},"tags":[],"category_":[110117],"tags_english_":[],"class_list":["post-91502","logon_article","type-logon_article","status-publish","has-post-thumbnail","hentry","category_-zeitgeist-it"],"acf":[],"_links":{"self":[{"href":"https:\/\/logon.media\/it\/wp-json\/wp\/v2\/logon_article\/91502","targetHints":{"allow":["GET"]}}],"collection":[{"href":"https:\/\/logon.media\/it\/wp-json\/wp\/v2\/logon_article"}],"about":[{"href":"https:\/\/logon.media\/it\/wp-json\/wp\/v2\/types\/logon_article"}],"author":[{"embeddable":true,"href":"https:\/\/logon.media\/it\/wp-json\/wp\/v2\/users\/920"}],"wp:featuredmedia":[{"embeddable":true,"href":"https:\/\/logon.media\/it\/wp-json\/wp\/v2\/media\/12452"}],"wp:attachment":[{"href":"https:\/\/logon.media\/it\/wp-json\/wp\/v2\/media?parent=91502"}],"wp:term":[{"taxonomy":"post_tag","embeddable":true,"href":"https:\/\/logon.media\/it\/wp-json\/wp\/v2\/tags?post=91502"},{"taxonomy":"category_","embeddable":true,"href":"https:\/\/logon.media\/it\/wp-json\/wp\/v2\/category_?post=91502"},{"taxonomy":"tags_english_","embeddable":true,"href":"https:\/\/logon.media\/it\/wp-json\/wp\/v2\/tags_english_?post=91502"}],"curies":[{"name":"wp","href":"https:\/\/api.w.org\/{rel}","templated":true}]}}