{"id":90565,"date":"2020-05-18T05:28:26","date_gmt":"2020-05-18T05:28:26","guid":{"rendered":"https:\/\/logon.media\/logon_article\/i-cavalieri-addormentati-parte-1\/"},"modified":"2022-10-04T07:35:56","modified_gmt":"2022-10-04T07:35:56","slug":"i-cavalieri-addormentati-parte-1","status":"publish","type":"logon_article","link":"https:\/\/logon.media\/it\/logon_article\/i-cavalieri-addormentati-parte-1\/","title":{"rendered":"I Cavalieri addormentati \u2013 Parte 1"},"content":{"rendered":"<p>Nel suo libro, <em>L\u2019Eroe dai Mille Volti<\/em>, Joseph Campbell ha dichiarato: \u00abLa cosa meravigliosa \u00e8 che quella peculiare efficacia nel toccare ed ispirare i centri creativi profondi risieda in una favola per i piccoli della scuola materna \u2013 cos\u00ec come il sapore dell&#8217;oceano \u00e8 contenuto in una gocciolina o l&#8217;intero mistero della vita all&#8217;interno dell&#8217;uovo di una pulce\u00bb. Egli dice che i miti e le storie popolari raccolti in tutti gli angoli della Terra costituiscono un multicolore, ricco racconto del sublime obiettivo della vita umana e del percorso che conduce alla sua realizzazione.<\/p>\n<p>Una delle leggende polacche pi\u00f9 conosciute narra di cavalieri addormentati in una grotta vicino a Giewont <a title=\"\" href=\"#_edn1\" name=\"_ednref1\">[1]<\/a> e coincide col tema popolare in tutto il mondo degli eroi assopiti in un sogno che, al momento giusto, si risveglieranno per combattere per la libert\u00e0. La storia dei cavalieri addormentati nei Monti Tatra \u00e8 di solito interpretata in un contesto patriottico e di indipendenza, ma il suo messaggio \u00e8 molto pi\u00f9 profondo e pi\u00f9 primigenio. Per dimostrarlo, citeremo prima la leggenda.<\/p>\n<p>L&#8217;eroe della storia \u00e8 un pastore di nome Giovanni, che vive in un villaggio di montanari ai piedi dei Monti Tatra. Un giorno, il vicino di Giovanni, un vecchio montanaro, and\u00f2 a fargli visita e gli raccont\u00f2 la storia di un tesoro nascosto in una grotta vicino a Giewont. Incuriosito, il ragazzo si rec\u00f2 in montagna per cercare la grotta. Quando si stanc\u00f2 di vagare, si sedette su una pietra e sent\u00ec dei cavalli nitrire. Rimase sorpreso perch\u00e9 a quell&#8217;altezza di solito non c&#8217;erano cavalli.<\/p>\n<p>Dopo un po&#8217;, si rese conto che i suoni provenivano da sotto terra. Si guard\u00f2 intorno e vide un piccolo spazio tra i massi.<\/p>\n<p>Fece rotolare la pietra che bloccava l&#8217;ingresso, scivol\u00f2 gi\u00f9, cammin\u00f2 nel buio per un po&#8217;, fino ad arrivare a una grande grotta in cui ardeva un fal\u00f2. Contro le pareti c&#8217;erano dei bellissimi cavalli e tra di loro dormiva un cavaliere in un\u2019armatura scintillante. Giovanni ebbe paura e inizi\u00f2 a correre. Mentre fuggiva, accidentalmente diede un calcio a una pietra e il cavaliere si svegli\u00f2 e gli fece una domanda:<\/p>\n<p>&#8211; \u00c8 il momento?<\/p>\n<p>&#8211; No, signore, non ancora &#8211; rispose Giovanni.<\/p>\n<p>&#8211; Molto bene. disse il cavaliere e indic\u00f2 la grotta successiva al ragazzo.<\/p>\n<p>&#8211; Guarda, ragazzo, noi dormiamo qui. Siamo i cavalieri di Sua Maest\u00e0. Quando verr\u00e0 il momento, ci alzeremo per difendere le nostre montagne e le nostre terre. Ma non svegliare ancora i miei fratelli. Si risveglieranno quando sar\u00e0 necessario.<\/p>\n<p>Dicendo questo, il cavaliere si avvicin\u00f2 al fuoco, ne trasse un grosso ramo ardente e lo diede al ragazzo in modo che potesse illuminare il suo cammino. Dopo il ritorno a casa, Giovanni raccont\u00f2 la sua avventura agli abitanti del villaggio, i quali vollero anch\u2019essi vedere i cavalieri. Durante il viaggio successivo, il ragazzo non trov\u00f2 l&#8217;ingresso della grotta. Inoltre non sent\u00ec i cavalli nitrire.<\/p>\n<p>&#8211; Il tempo non \u00e8 ancora arrivato &#8211; disse agli abitanti del villaggio, e loro gli credettero. Un vecchio montanaro disse al ragazzo:<\/p>\n<p>&#8211; Non pensavo che tu potessi trovare il tesoro di cui ti ho parlato. Sai qual \u00e8 il tesoro?<br \/>\nGiovanni scosse la testa.<\/p>\n<p>&#8211; \u00c8 la libert\u00e0, ragazzo. Il montanaro sorrise. \u00c8 il tesoro pi\u00f9 grande. Non solo qui, in montagna, ma in tutto il mondo. E i cavalieri addormentati del Tatra lo custodiranno sempre.<\/p>\n<p>Questa leggenda ha ispirato una famosa autrice polacca, Maria Konopnicka (1842-1919), a scrivere questa poesia:<\/p>\n<p><strong>L\u00e0, nel mio paese, in una terra lontana<\/strong> <a title=\"\" href=\"#_edn2\" name=\"_ednref2\">[2]<\/a><\/p>\n<blockquote><p>L\u00e0, nel mio paese, in una terra lontana<br \/>\ncento stelle offuscate risplendono in una corona,<br \/>\ncento stelle estinte stanno sopra il campo,<br \/>\ncome cento cavalieri rivestiti da un\u2019armatura di ferro.<\/p>\n<p>L\u00e0, nel mio paese, in una terra lontana<br \/>\ncento cuori ardenti di un fuoco anelante,<br \/>\ncento cuori ardenti battono nel petto<br \/>\ncome uno spirito tra le piastre di ferro di un\u2019armatura.<\/p>\n<p>L\u00e0, nel mio paese, in una terra lontana<br \/>\ncento uragani stanno galoppando attraverso terre incolte,<br \/>\ncento uragani stanno galoppando attraverso il sentiero nella steppa<br \/>\ncome cento ferri di cavallo d&#8217;oro che battono il terreno.<\/p>\n<p>E quando passeranno cento giorni, cento notti,<br \/>\ncon cuori colmi di potere si desteranno i cavalieri,<br \/>\ni cavalieri si desteranno, monteranno sui loro cavalli,<br \/>\ne accenderanno le stelle della corona d&#8217;oro.<\/p>\n<p>&nbsp;<\/p><\/blockquote>\n<p>Il simbolismo contenuto sia nella leggenda che nella poesia si riferisce ai motivi archetipici del percorso spirituale liberatore, che ogni persona intraprende \u201cquando arriva il momento giusto\u201d. Questo percorso \u00e8 sempre stato paragonato alla scalata di un&#8217;alta montagna. Il suo obiettivo era ed \u00e8 ancora l&#8217;ascensione, le altezze spirituali, la libert\u00e0 e la sovranit\u00e0, e lo sciogliersi dalle catene del mondo materiale, dal circolo vizioso della nascita e della morte.<\/p>\n<p>Nella seconda parte di questo articolo, cercheremo di mostrare come questa vecchia parabola popolare slava e la poesia scritta da Maria Konopnicka coincidano con il percorso di trasformazione alchemica e con il messaggio biblico, letto attraverso il prisma del Cristianesimo interiore (la Gnosi).<\/p>\n<p>Continua<\/p>\n<p>&nbsp;<\/p>\n<p>&nbsp;<\/p>\n<hr \/>\n<p>[1] Giewont \u00e8 un massiccio montuoso nei monti Tatra polacchi, \u00e8 alto 1.895 metri sopra il livello del mare nel suo punto pi\u00f9 alto. Il profilo delle montagne, visto da nord, assomiglia a un cavaliere sdraiato.<\/p>\n<p>[2] Il traduttore italiano ha tradotto la versione inglese di Przemys\u0142aw Musia\u0142owski tratta da\u00a0<a href=\"https:\/\/www.poemhunter.com\/poem\/there-in-my-country-in-a-faraway-land\/\">https:\/\/www.poemhunter.com\/poem\/there-in-my-country-in-a-faraway-land\/<\/a><\/p>\n","protected":false},"author":917,"featured_media":8828,"template":"","meta":{"_acf_changed":false},"tags":[],"category_":[110079],"tags_english_":[],"class_list":["post-90565","logon_article","type-logon_article","status-publish","has-post-thumbnail","hentry","category_-livingpast-it"],"acf":[],"_links":{"self":[{"href":"https:\/\/logon.media\/it\/wp-json\/wp\/v2\/logon_article\/90565","targetHints":{"allow":["GET"]}}],"collection":[{"href":"https:\/\/logon.media\/it\/wp-json\/wp\/v2\/logon_article"}],"about":[{"href":"https:\/\/logon.media\/it\/wp-json\/wp\/v2\/types\/logon_article"}],"author":[{"embeddable":true,"href":"https:\/\/logon.media\/it\/wp-json\/wp\/v2\/users\/917"}],"wp:featuredmedia":[{"embeddable":true,"href":"https:\/\/logon.media\/it\/wp-json\/wp\/v2\/media\/8828"}],"wp:attachment":[{"href":"https:\/\/logon.media\/it\/wp-json\/wp\/v2\/media?parent=90565"}],"wp:term":[{"taxonomy":"post_tag","embeddable":true,"href":"https:\/\/logon.media\/it\/wp-json\/wp\/v2\/tags?post=90565"},{"taxonomy":"category_","embeddable":true,"href":"https:\/\/logon.media\/it\/wp-json\/wp\/v2\/category_?post=90565"},{"taxonomy":"tags_english_","embeddable":true,"href":"https:\/\/logon.media\/it\/wp-json\/wp\/v2\/tags_english_?post=90565"}],"curies":[{"name":"wp","href":"https:\/\/api.w.org\/{rel}","templated":true}]}}