{"id":90526,"date":"2020-05-05T07:22:50","date_gmt":"2020-05-05T07:22:50","guid":{"rendered":"https:\/\/logon.media\/logon_article\/lopera-darte-che-la-terra-richiede\/"},"modified":"2020-05-05T07:22:50","modified_gmt":"2020-05-05T07:22:50","slug":"lopera-darte-che-la-terra-richiede","status":"publish","type":"logon_article","link":"https:\/\/logon.media\/it\/logon_article\/lopera-darte-che-la-terra-richiede\/","title":{"rendered":"L&#8217;opera d&#8217;arte che la terra richiede"},"content":{"rendered":"<p>A volte, quando vedo una moltitudine di persone, ho la sensazione di un potenziale enorme, cos\u00ec grande che potrebbe trasformare la Terra in una nuova stella, un&#8217;opera d&#8217;arte nello spazio. Naturalmente si pensa invece che stiamo causando molti danni alla Terra. Ma non potrebbe essere questa un&#8217;indicazione, anche se bizzarra, che possiamo fare qualcosa di molto speciale anche nell&#8217;altra direzione?<\/p>\n<p>Alcuni ricercatori sospettano che l&#8217;umanit\u00e0, nel suo sviluppo della coscienza, abbia appena raggiunto la pubert\u00e0 (C.G. Jung, Wolfgang Schad). Questo pu\u00f2 essere comprensibile. Le crisi che causiamo farebbero quindi parte di un cammino verso l&#8217;et\u00e0 adulta.<\/p>\n<p>Il pensiero di molti filosofi e poeti va in questa direzione. In un dialogo con la Terra, il Faust di Goethe dice: &#8220;Tu susciti in me una forte determinazione, che tende sempre verso l&#8217;Essere supremo&#8221;. (Faust II, atto 1) \u00c8 ovvio che non abbiamo ancora raggiunto un simile Essere. Anche Rilke dialoga con la Terra. Nella sua Nona Elegia Duinese chiede alla Terra:<\/p>\n<p><em>Terra, \u00e8 questo che vuoi: sorgere<\/em><\/p>\n<p><em>invisibile in noi? \u00c8 questo il tuo sogno,<\/em><\/p>\n<p><em>essere invisibile, un giorno? Terra! Invisibile!<\/em><\/p>\n<p><em>Qual \u00e8 la tua missione urgente se non la trasformazione?<\/em><\/p>\n<p><em>Terra, diletta, lo far\u00f2. [&#8230;]<\/em><\/p>\n<p><em>Senza nome, sono determinato con te, sin dall&#8217;inizio.<\/em><\/p>\n<p>Cosa si intende con questa invisibilit\u00e0?<\/p>\n<p>Jakob B\u00f6hme, il grande mistico vissuto circa 400 anni fa, ha scritto di uno sviluppo attraverso il quale la Terra e l&#8217;uomo diventano trasparenti:<\/p>\n<p><em>Nel nostro corpo materiale grossolano c&#8217;\u00e8 una forza e una virt\u00f9 sottili, proprio come nella Terra c&#8217;\u00e8 una virt\u00f9 sottile e buona, che si confronta e si unisce con il sole, che \u00e8 sorto anch&#8217;esso dalla forza divina all&#8217;inizio dei tempi e da cui derivano anche tutte le buone virt\u00f9 del corpo. Questa buona virt\u00f9 del nostro corpo mortale \u2013 cos\u00ec continua B\u00f6hme \u2013 torner\u00e0 e vivr\u00e0 per sempre in una qualit\u00e0 materiale trasparente, cristallina, in carne e sangue spirituali; come anche la buona virt\u00f9 della Terra, poich\u00e9 anche la Terra diventer\u00e0 cristallina e la luce divina risplender\u00e0 per tutti gli esseri.<\/em><\/p>\n<p>(tratto da: Jakob B\u00f6hme, <em>La vita sovrasensibile. Dialogo tra un maestro e un discepolo<\/em>).<\/p>\n<p>L&#8217;antropologo Jean Gebser, nella sua opera <em>The Ever-Present Origin: The Foundations and Manifestations of the Aperspectival World,<\/em> descrive lo sviluppo della coscienza dell&#8217;umanit\u00e0, in cui qualcosa di trasparente e traslucido sta emergendo. Gebser lo chiama <em>diaphainon<\/em>, e risplender\u00e0 attraverso tutto ci\u00f2 che ha &#8220;carattere essenziale&#8221; nel mondo spazio-temporale. Qual \u00e8 la ragione di un tale sviluppo? Gebser: &#8220;\u00c8 la presenza dell&#8217;origine che raggiunge la coscienza stessa, perch\u00e9 uno dei suoi portatori, l&#8217;essere umano, ha attraversato lo sviluppo della coscienza condizionato dallo spazio-tempo, ne ha gioito, ma ha anche sofferto attraverso di essa&#8221; (Vol. 2).<\/p>\n<p>L&#8217;origine della vita fornisce gli impulsi per i grandi passi dello sviluppo. Spetta a noi afferrarli, comprenderli e adattare la nostra vita a loro. Dobbiamo &#8220;conoscere il processo in corso&#8221; (Gebser).<\/p>\n<p>In una lettera del 13 novembre 1925, Rilke scrive: &#8220;&#8230; il nostro compito \u00e8 imprimere nella nostra mente questa Terra fragile e precaria cos\u00ec profondamente e appassionatamente che la sua essenza risorga &#8216;invisibilmente&#8217; in noi. Siamo le api dell&#8217;invisibile. Raccogliamo incessantemente il miele del visibile per deporlo nel vasto alveare dorato dell&#8217;invisibile\u201d. E nella Settima Elegia Duinese, Rilke parla dell&#8217;annunciato &#8220;tempio sognato del futuro&#8221;.<\/p>\n<h4>Quando le cose diventano trasparenti<\/h4>\n<p>L&#8217;invisibile, il trasparente \u00e8 lo spirituale ed etereo che appartiene a ogni essere. Pu\u00f2 essere rinnovato attraverso il contatto con le fonti dell&#8217;origine. Se questo avviene dentro di noi, possiamo invocarlo ovunque, in tutta la vita nella natura. Le forme materiali diventano allora luminose dall&#8217;interno, la materia grossolana diventa trasparente, il suo aspetto dell&#8217;anima pu\u00f2 essere sperimentato.<\/p>\n<p>Da bambino avevo la sensazione che non sarei riuscito a vivere &#8220;cos\u00ec&#8221;, &#8220;cos\u00ec&#8221; come lo percepivo tutt&#8217;intorno a me. Ma poi ho seguito i percorsi normali e ne ho avuto la forza attraverso un&#8217;intensa ricerca. Recentemente, mi sono imbattuto nelle parole di H\u00f6lderlin: &#8220;\u00c8 stata una gioia vivere d&#8217;ora in poi in una notte d&#8217;amore e mantenere negli occhi ingenui, saldi, abissi di saggezza&#8221; (in: Patmos). Posso sperimentare la &#8220;notte d&#8217;amore&#8221;, l&#8217;invisibile anima spirituale che ci trasporta, e anche il valore degli &#8220;occhi ingenui&#8221;.<\/p>\n<p>Di recente ero seduto al crepuscolo e leggevo un libro. Era una storia meravigliosa, raccontata dalla prospettiva di un bambino. Quando \u00e8 diventato troppo buio, ho messo da parte il libro e ho guardato in alto \u2013 e il cielo era come &#8220;aperto&#8221;. \u00c8 stata un&#8217;illusione? Potevo sopportarlo solo per pochi istanti. Tutto era trasparente. Tutto mostrava una vita interiore che mi &#8220;parlava&#8221;.<\/p>\n<p>Di solito percepiamo solo l&#8217;aspetto esteriore delle cose. Ma sperimentiamo dentro di noi che ci sono mondi interiori. Tutto ci\u00f2 che \u00e8 vivo ha un aspetto interiore e uno esteriore. Sempre pi\u00f9 persone riferiscono di avere una relazione con gli alberi. E anche gli alberi possono cercare una relazione con gli esseri umani. Ho sperimentato e posso sperimentare ancora e ancora gli impulsi che emanano dalla natura. Penso che la natura voglia essere percepita in un modo nuovo.<\/p>\n<h4>Ognuno lavora sulla propria forma interiore<\/h4>\n<p>Che tipo di potenziale pu\u00f2 risvegliarsi in noi? Forse una nuova forma mentale, una statura interiore che ha una forza e una profondit\u00e0 diverse da quelle che abbiamo avuto finora. La realt\u00e0 vivente si fa strada nel presente in un modo nuovo. Quando si illumina nella nostra coscienza, percepiamo le forme di vita che ci circondano dall&#8217;interno. E percepiamo anche una missione.<\/p>\n<p>Ognuno lavora sulla propria forma interiore. Gli strumenti sono il nostro pensiero, sentimento, volont\u00e0 e azione. Plasmano la forma sottile che \u00e8 invisibile, trasparente e tuttavia decisiva per la nostra vita. Appartiene allo &#8220;spazio interiore del mondo&#8221; (Rilke), il mondo parallelo a ci\u00f2 che percepiamo esteriormente. Tutti gli esseri viventi possiedono una forma invisibile nello spazio interiore. Esteriore e interiore corrispondono l&#8217;uno all&#8217;altro.<\/p>\n<p>I mondi interiori pi\u00f9 elevati sono definiti divino-spirituali. Non \u00e8 difficile immaginare che in essi risieda l&#8217;origine della vita, la presenza dell&#8217;origine di cui parla Gebser. Realizzare i suoi impulsi richiede volont\u00e0 e forza. Le comunit\u00e0 spirituali possono essere di aiuto, possono concentrare le forze e consentire un intenso scambio di esperienze. Gli impulsi cambiano nel corso della storia. Ci hanno portato all&#8217;individualizzazione, una fase di sviluppo necessaria affinch\u00e9 ognuno possa realizzare la forma interiore in se stesso. Ma nell&#8217;eguaglianza della missione sta la base per un nuovo tipo di comunit\u00e0. Siamo compagni di un percorso comune.<\/p>\n<p>Tutto dipende da quale dei mondi cosmici interiori lasciamo che si rifletta in noi, a quale delle loro &#8220;frequenze&#8221; reagiamo.<\/p>\n<p>La nostra vita esteriore lo dimostrer\u00e0. La forma interiore nasce dal nostro modo di vivere. La Terra \u201cesige\u201d da noi che diventi un&#8217;opera d&#8217;arte, una forma innovativa. Sperimenteremo allora la vita dall&#8217;interno, con i nostri nuovi occhi sperimenteremo di nuovo la Terra. Alcuni parlano delle sacre sfere della Terra (Jan van Rijckenborgh). Al nuovo livello spirituale, con un nuovo modo di vivere insieme, saremo in grado di riparare i danni che abbiamo fatto. La collaborazione con la Terra pu\u00f2 quindi avvenire in un modo nuovo e inaspettato.<\/p>\n<p>Dinamizziamo le potenti forze del mondo interiore nella misura in cui le assorbiamo nella nostra coscienza e le portiamo a termine nel nostro pensiero, sentimento, volont\u00e0 e azione. Costruiscono in noi la forma a loro appropriata. Sono l&#8217;artista. E nel corso della nostra trasformazione interiore, ci svegliamo e cooperiamo con loro, dentro e intorno a noi. Sperimentiamo come l&#8217;opera d&#8217;arte si forma gradualmente ovunque, la forma interiore invisibile. Se acquista forza, l&#8217;esteriore diventa trasparente. Questo \u00e8 ci\u00f2 che la terra sembra aspettare, questo \u00e8 ci\u00f2 che sembra chiedere.<br \/>\nCosa si intende con questa invisibilit\u00e0?<\/p>\n<p>Jakob B\u00f6hme, il grande mistico vissuto circa 400 anni fa, ha scritto di uno sviluppo attraverso il quale la Terra e l&#8217;uomo diventano trasparenti:<\/p>\n<p>Nel nostro corpo materiale grossolano c&#8217;\u00e8 una forza e una virt\u00f9 sottili, proprio come nella Terra c&#8217;\u00e8 una virt\u00f9 sottile e buona, che si confronta e si unisce con il sole, che \u00e8 sorto anch&#8217;esso dalla forza divina all&#8217;inizio dei tempi e da cui derivano anche tutte le buone virt\u00f9 del corpo. Questa buona virt\u00f9 del nostro corpo mortale \u2013 cos\u00ec continua B\u00f6hme \u2013 torner\u00e0 e vivr\u00e0 per sempre in una qualit\u00e0 materiale trasparente, cristallina, in carne e sangue spirituali; come anche la buona virt\u00f9 della Terra, poich\u00e9 anche la Terra diventer\u00e0 cristallina e la luce divina risplender\u00e0 per tutti gli esseri.<\/p>\n<p>(tratto da: Jakob B\u00f6hme, La vita sovrasensibile. Dialogo tra un maestro e un discepolo).<\/p>\n<p>L&#8217;antropologo Jean Gebser, nella sua opera The Ever-Present Origin: The Foundations and Manifestations of the Aperspectival World, descrive lo sviluppo della coscienza dell&#8217;umanit\u00e0, in cui qualcosa di trasparente e traslucido sta emergendo. Gebser lo chiama diaphainon, e risplender\u00e0 attraverso tutto ci\u00f2 che ha &#8220;carattere essenziale&#8221; nel mondo spazio-temporale. Qual \u00e8 la ragione di un tale sviluppo? Gebser: &#8220;\u00c8 la presenza dell&#8217;origine che raggiunge la coscienza stessa, perch\u00e9 uno dei suoi portatori, l&#8217;essere umano, ha attraversato lo sviluppo della coscienza condizionato dallo spazio-tempo, ne ha gioito, ma ha anche sofferto attraverso di essa&#8221; (Vol. 2).<\/p>\n<p>L&#8217;origine della vita fornisce gli impulsi per i grandi passi dello sviluppo. Spetta a noi afferrarli, comprenderli e adattare la nostra vita a loro. Dobbiamo &#8220;conoscere il processo in corso&#8221; (Gebser).<\/p>\n<p>In una lettera del 13 novembre 1925, Rilke scrive: &#8220;&#8230; il nostro compito \u00e8 imprimere nella nostra mente questa Terra fragile e precaria cos\u00ec profondamente e appassionatamente che la sua essenza risorga &#8216;invisibilmente&#8217; in noi. Siamo le api dell&#8217;invisibile. Raccogliamo incessantemente il miele del visibile per deporlo nel vasto alveare dorato dell&#8217;invisibile\u201d. E nella Settima Elegia Duinese, Rilke parla dell&#8217;annunciato &#8220;tempio sognato del futuro&#8221;.<\/p>\n<p>Quando le cose diventano trasparenti<\/p>\n<p>L&#8217;invisibile, il trasparente \u00e8 lo spirituale ed etereo che appartiene a ogni essere. Pu\u00f2 essere rinnovato attraverso il contatto con le fonti dell&#8217;origine. Se questo avviene dentro di noi, possiamo invocarlo ovunque, in tutta la vita nella natura. Le forme materiali diventano allora luminose dall&#8217;interno, la materia grossolana diventa trasparente, il suo aspetto dell&#8217;anima pu\u00f2 essere sperimentato.<\/p>\n<p>Da bambino avevo la sensazione che non sarei riuscito a vivere &#8220;cos\u00ec&#8221;, &#8220;cos\u00ec&#8221; come lo percepivo tutt&#8217;intorno a me. Ma poi ho seguito i percorsi normali e ne ho avuto la forza attraverso un&#8217;intensa ricerca. Recentemente, mi sono imbattuto nelle parole di H\u00f6lderlin: &#8220;\u00c8 stata una gioia vivere d&#8217;ora in poi in una notte d&#8217;amore e mantenere negli occhi ingenui, saldi, abissi di saggezza&#8221; (in: Patmos). Posso sperimentare la &#8220;notte d&#8217;amore&#8221;, l&#8217;invisibile anima spirituale che ci trasporta, e anche il valore degli &#8220;occhi ingenui&#8221;.<\/p>\n<p>Di recente ero seduto al crepuscolo e leggevo un libro. Era una storia meravigliosa, raccontata dalla prospettiva di un bambino. Quando \u00e8 diventato troppo buio, ho messo da parte il libro e ho guardato in alto \u2013 e il cielo era come &#8220;aperto&#8221;. \u00c8 stata un&#8217;illusione? Potevo sopportarlo solo per pochi istanti. Tutto era trasparente. Tutto mostrava una vita interiore che mi &#8220;parlava&#8221;.<\/p>\n<p>Di solito percepiamo solo l&#8217;aspetto esteriore delle cose. Ma sperimentiamo dentro di noi che ci sono mondi interiori. Tutto ci\u00f2 che \u00e8 vivo ha un aspetto interiore e uno esteriore. Sempre pi\u00f9 persone riferiscono di avere una relazione con gli alberi. E anche gli alberi possono cercare una relazione con gli esseri umani. Ho sperimentato e posso sperimentare ancora e ancora gli impulsi che emanano dalla natura. Penso che la natura voglia essere percepita in un modo nuovo.<\/p>\n<p>Ognuno lavora sulla propria forma interiore<\/p>\n<p>Che tipo di potenziale pu\u00f2 risvegliarsi in noi? Forse una nuova forma mentale, una statura interiore che ha una forza e una profondit\u00e0 diverse da quelle che abbiamo avuto finora. La realt\u00e0 vivente si fa strada nel presente in un modo nuovo. Quando si illumina nella nostra coscienza, percepiamo le forme di vita che ci circondano dall&#8217;interno. E percepiamo anche una missione.<\/p>\n<p>Ognuno lavora sulla propria forma interiore. Gli strumenti sono il nostro pensiero, sentimento, volont\u00e0 e azione. Plasmano la forma sottile che \u00e8 invisibile, trasparente e tuttavia decisiva per la nostra vita. Appartiene allo &#8220;spazio interiore del mondo&#8221; (Rilke), il mondo parallelo a ci\u00f2 che percepiamo esteriormente. Tutti gli esseri viventi possiedono una forma invisibile nello spazio interiore. Esteriore e interiore corrispondono l&#8217;uno all&#8217;altro.<\/p>\n<p>I mondi interiori pi\u00f9 elevati sono definiti divino-spirituali. Non \u00e8 difficile immaginare che in essi risieda l&#8217;origine della vita, la presenza dell&#8217;origine di cui parla Gebser. Realizzare i suoi impulsi richiede volont\u00e0 e forza. Le comunit\u00e0 spirituali possono essere di aiuto, possono concentrare le forze e consentire un intenso scambio di esperienze. Gli impulsi cambiano nel corso della storia. Ci hanno portato all&#8217;individualizzazione, una fase di sviluppo necessaria affinch\u00e9 ognuno possa realizzare la forma interiore in se stesso. Ma nell&#8217;eguaglianza della missione sta la base per un nuovo tipo di comunit\u00e0. Siamo compagni di un percorso comune.<\/p>\n<p>Tutto dipende da quale dei mondi cosmici interiori lasciamo che si rifletta in noi, a quale delle loro &#8220;frequenze&#8221; reagiamo.<\/p>\n<p>La nostra vita esteriore lo dimostrer\u00e0. La forma interiore nasce dal nostro modo di vivere. La Terra \u201cesige\u201d da noi che diventi un&#8217;opera d&#8217;arte, una forma innovativa. Sperimenteremo allora la vita dall&#8217;interno, con i nostri nuovi occhi sperimenteremo di nuovo la Terra. Alcuni parlano delle sacre sfere della Terra (Jan van Rijckenborgh). Al nuovo livello spirituale, con un nuovo modo di vivere insieme, saremo in grado di riparare i danni che abbiamo fatto. La collaborazione con la Terra pu\u00f2 quindi avvenire in un modo nuovo e inaspettato.<\/p>\n<p>Dinamizziamo le potenti forze del mondo interiore nella misura in cui le assorbiamo nella nostra coscienza e le portiamo a termine nel nostro pensiero, sentimento, volont\u00e0 e azione. Costruiscono in noi la forma a loro appropriata. Sono l&#8217;artista. E nel corso della nostra trasformazione interiore, ci svegliamo e cooperiamo con loro, dentro e intorno a noi. Sperimentiamo come l&#8217;opera d&#8217;arte si forma gradualmente ovunque, la forma interiore invisibile. Se acquista forza, l&#8217;esteriore diventa trasparente. Questo \u00e8 ci\u00f2 che la terra sembra aspettare, questo \u00e8 ci\u00f2 che sembra chiedere.<\/p>\n<p>&nbsp;<\/p>\n","protected":false},"author":920,"featured_media":8700,"template":"","meta":{"_acf_changed":false},"tags":[],"category_":[111016],"tags_english_":[],"class_list":["post-90526","logon_article","type-logon_article","status-publish","has-post-thumbnail","hentry","category_-spiritsoul-it-it"],"acf":[],"_links":{"self":[{"href":"https:\/\/logon.media\/it\/wp-json\/wp\/v2\/logon_article\/90526","targetHints":{"allow":["GET"]}}],"collection":[{"href":"https:\/\/logon.media\/it\/wp-json\/wp\/v2\/logon_article"}],"about":[{"href":"https:\/\/logon.media\/it\/wp-json\/wp\/v2\/types\/logon_article"}],"author":[{"embeddable":true,"href":"https:\/\/logon.media\/it\/wp-json\/wp\/v2\/users\/920"}],"wp:featuredmedia":[{"embeddable":true,"href":"https:\/\/logon.media\/it\/wp-json\/wp\/v2\/media\/8700"}],"wp:attachment":[{"href":"https:\/\/logon.media\/it\/wp-json\/wp\/v2\/media?parent=90526"}],"wp:term":[{"taxonomy":"post_tag","embeddable":true,"href":"https:\/\/logon.media\/it\/wp-json\/wp\/v2\/tags?post=90526"},{"taxonomy":"category_","embeddable":true,"href":"https:\/\/logon.media\/it\/wp-json\/wp\/v2\/category_?post=90526"},{"taxonomy":"tags_english_","embeddable":true,"href":"https:\/\/logon.media\/it\/wp-json\/wp\/v2\/tags_english_?post=90526"}],"curies":[{"name":"wp","href":"https:\/\/api.w.org\/{rel}","templated":true}]}}