{"id":90047,"date":"2020-01-03T13:01:20","date_gmt":"2020-01-03T13:01:20","guid":{"rendered":"https:\/\/logon.media\/logon_article\/fuoco\/"},"modified":"2020-01-03T13:01:20","modified_gmt":"2020-01-03T13:01:20","slug":"fuoco","status":"publish","type":"logon_article","link":"https:\/\/logon.media\/it\/logon_article\/fuoco\/","title":{"rendered":"Fuoco"},"content":{"rendered":"<p><em>Questo articolo \u00e8 stato scritto in risposta ai vasti e intensissimi incendi spontanei in varie parti dell&#8217;Australia degli ultimi due mesi. Dopo due\/tre anni di estrema siccit\u00e0, gran parte del Paese \u00e8 una secca sterpaglia, e con i dominanti alberi di eucalipto ricchi di oli volatili, gli incendi divampano caldissimi e velocissimi. Naturalmente questo \u00e8 un fenomeno globale e vale ugualmente per gli incendi in Amazzonia, Spagna, California, nord Canada, Siberia, e probabilmente anche altri posti.<\/em><\/p>\n<p>Se creiamo la nostra propria realt\u00e0, potremmo aver creato collettivamente gli incendi? Come?<\/p>\n<p>Fuoco \u2013 Buddha disse chiaramente che tutti tendiamo a essere infiammati da desideri egocentrici, e che questo causa tutte le nostre sofferenze. Se osserviamo il passato che ha condotto al presente, \u00e8 un&#8217;infinita catena di cause ed effetti, di scelte auto-centrate, una dopo l&#8217;altra, individualmente e collettivamente, che ci portano al presente. Alle circostanze attuali nelle quali ci troviamo, e al dramma collettivo nel quale ci troviamo tutti, che si svolge sullo schermo del mondo intorno a noi.<\/p>\n<p>Il pensare in modo auto-centrato porta a percepire in modo auto-centrato, e queste passioni e tempeste astrali centrate nell&#8217;io guidano la nostra vita \u2013 dandoci una parvenza di vita, che \u00e8 cos\u00ec facilmente vissuta come una dipendenza dal dramma e dalla sofferenza. Siamo infiammati dal desiderio! Bruciamo con l&#8217;inesorabile insoddisfazione della vita che Buddha esprimeva con \u201cdukkha\u201d (tutta la vita \u00e8 sofferenza). Insoddisfazione perch\u00e9 \u00e8 tutta una sfilata di fenomeni transitori che non soddisfano mai il desiderio nei nostri cuori, desiderio di un amore immutabile, di vera comprensione e saggezza, del coraggio di conoscere la nostra verit\u00e0 e sostenerla. Se solo potessimo vedere chiaramente che la verit\u00e0 \u00e8 che non possiamo e non potremo mai trovare queste cose nel mondo l\u00e0 fuori, non importa quanto ci diamo da fare, semplicemente perch\u00e9 non si possono trovare l\u00ec.<\/p>\n<p>Piuttosto, dobbiamo guardare all&#8217;interno per questi valori senza tempo, perch\u00e9 \u00e8 l&#8217;unico posto in cui possono essere trovati. Ci\u00f2 significa confrontarsi con la bugia che solo quanto \u00e8 fisico e misurabile \u00e8 reale. Perch\u00e9 \u00e8 una realt\u00e0 pi\u00f9 sottile disponibile per tutti noi \u2013 invisibile, ma vissuta come molto pi\u00f9 reale del mondo intorno a noi.<\/p>\n<p>E quando ci voltiamo e affrontiamo questa possibilit\u00e0, e ci apriamo a questa esperienza, lasciando andare tutti gli attaccamenti ai fenomeni esterni, possiamo vedere chiaramente che dobbiamo svuotare noi stessi da noi stessi \u2013 estinguere le fiamme dell&#8217;imperversante desiderio egocentrico, e trovare cos\u00ec quel posto interiore tranquillo dal quale la nostra vita proviene.<\/p>\n<p>Quando troviamo quel silenzioso posto interiore, e scegliamo volontariamente di essere l\u00ec e venire da l\u00ec, di rendere a tutto ci\u00f2 la nostra ambizione auto-centrata, allora il mondo sar\u00e0 liberato dal fardello delle nostre proiezioni egocentriche e il suo vero ordine sar\u00e0 finalmente ristabilito. Gli incendi delle passioni egocentriche saranno estinti, e sostituiti dai gentili fuochi dell&#8217;Amore.<\/p>\n<p>L&#8217;arcobaleno \u00e8 la promessa che il cambiamento planetario non avverr\u00e0 pi\u00f9 tramite un&#8217;alluvione. Piuttosto, \u00e8 profetizzato che il prossimo cambiamento avverr\u00e0 attraverso il fuoco \u2013 il fuoco dell&#8217;Anima che ci porta alla consapevolezza affrontando le conseguenze delle nostre scelte.<\/p>\n<p>Potrebbero gli incendi selvaggi essere connessi a tutto ci\u00f2 in qualche modo? Lo stato di coscienza dell&#8217;umanit\u00e0 incide sull&#8217;atmosfera della terra, sul tempo atmosferico e sul clima? In che misura?<\/p>\n<p>Qualcosa su cui riflettere&#8230;<\/p>\n<p>&nbsp;<\/p>\n","protected":false},"author":923,"featured_media":7326,"template":"","meta":{"_acf_changed":false},"tags":[],"category_":[110117],"tags_english_":[],"class_list":["post-90047","logon_article","type-logon_article","status-publish","has-post-thumbnail","hentry","category_-zeitgeist-it"],"acf":[],"_links":{"self":[{"href":"https:\/\/logon.media\/it\/wp-json\/wp\/v2\/logon_article\/90047","targetHints":{"allow":["GET"]}}],"collection":[{"href":"https:\/\/logon.media\/it\/wp-json\/wp\/v2\/logon_article"}],"about":[{"href":"https:\/\/logon.media\/it\/wp-json\/wp\/v2\/types\/logon_article"}],"author":[{"embeddable":true,"href":"https:\/\/logon.media\/it\/wp-json\/wp\/v2\/users\/923"}],"wp:featuredmedia":[{"embeddable":true,"href":"https:\/\/logon.media\/it\/wp-json\/wp\/v2\/media\/7326"}],"wp:attachment":[{"href":"https:\/\/logon.media\/it\/wp-json\/wp\/v2\/media?parent=90047"}],"wp:term":[{"taxonomy":"post_tag","embeddable":true,"href":"https:\/\/logon.media\/it\/wp-json\/wp\/v2\/tags?post=90047"},{"taxonomy":"category_","embeddable":true,"href":"https:\/\/logon.media\/it\/wp-json\/wp\/v2\/category_?post=90047"},{"taxonomy":"tags_english_","embeddable":true,"href":"https:\/\/logon.media\/it\/wp-json\/wp\/v2\/tags_english_?post=90047"}],"curies":[{"name":"wp","href":"https:\/\/api.w.org\/{rel}","templated":true}]}}