{"id":89098,"date":"2018-06-29T09:51:12","date_gmt":"2018-06-29T09:51:12","guid":{"rendered":"https:\/\/logon.media\/logon_article\/lanima-in-questione\/"},"modified":"2018-06-29T09:51:12","modified_gmt":"2018-06-29T09:51:12","slug":"lanima-in-questione","status":"publish","type":"logon_article","link":"https:\/\/logon.media\/it\/logon_article\/lanima-in-questione\/","title":{"rendered":"L\u2019anima in questione"},"content":{"rendered":"<p>Chi \u00e8 la mia anima?<\/p>\n<p>Che rapporto ho con la mia anima? La conosco? Senza conoscerla, posso davvero conoscere me stessa? Mi conosco?<\/p>\n<p>Ho pi\u00f9 ricchezza interiore di quello che pensavo quando stavo cercando di comprendere il mio essere come un corpo animato da pensiero e psiche? Ho scoperto che c&#8217;\u00e8 pi\u00f9 ricchezza interiore di quello che pensavo.<\/p>\n<p>D\u2019altronde, s\u00ec, il mio corpo \u00e8 animato, animato da un&#8217;anima, ma lei chi \u00e8?<\/p>\n<p>\u00c8 pi\u00f9 profonda, pi\u00f9 vivificante di quanto immaginassi. Cercando di conoscere me stessa esplorando i percorsi del mio passato, della mia eredit\u00e0, del mio inconscio, della mia psiche, ho girato intorno al suo mistero. Ma ci sono molti strati, come una cipolla sbucciata. Posso raggiungere il suo cuore? Trover\u00f2 l\u00ec il germe della prossima pianta o quello della mia profonda realt\u00e0?<\/p>\n<p>E anche il mio corpo, il corpo cos\u00ec ben \u201ctracciato\u201d oggi grazie ad accorgimenti recenti, il mio corpo che non sempre \u00e8 in grado di rigenerarsi pienamente, lo conosco bene? Conosco la sua interiorit\u00e0, il funzionamento che avviene minuto dopo minuto dentro di me, per permettere la mia vita? E la mia vita, cosa ne so?<\/p>\n<p>Queste domande mi fanno percepire che questo curioso modo di sentire e pensare degli esseri umani nasconde dati essenziali su se stessi. S\u00ec, il mio pensiero abituale, poich\u00e9 si articola con i miei sentimenti, non mi informa abbastanza oggettivamente su me stessa e sulla realt\u00e0, e ancor meno sulla mia vita. Voglio superare questo limite e trovare un approccio di me stessa pi\u00f9 coerente con la realt\u00e0. Posso percepirmi in modo diverso?<\/p>\n<p>Quest&#8217;anima in me si svela molto diversa da quello che immaginavo. Ha diverse dimensioni. Una \u00e8 l&#8217;aspetto intangibile dei fenomeni corporei che sono la mia vita. S\u00ec, anima il mio corpo. \u00c8 la mia vita biologica nel suo movimento, nella sua fluidit\u00e0, nella sua energia sottile, nella sua animazione incarnata (in carne = nella carne).<\/p>\n<p>\u00c8 anche la mia vita, per la sua qualit\u00e0, il suo modo di essere; \u00e8 mia, la mia qualit\u00e0 d&#8217;essere, la mia singolarit\u00e0. I miei punti di forza e di debolezza, la mia unicit\u00e0.<\/p>\n<p>\u00c8 interessata alla realt\u00e0, alle sensazioni; anima la mia interfaccia corporea con il mondo, con i miei coetanei. Si libra verso la realt\u00e0 superiore, verso cieli immensi di cui i miei sensi non mi parlano. Quindi \u00e8 tensione, impotenza, assenza. Inciampa contro le pareti del mio corpo, della mia reattivit\u00e0, sui limiti del mio pensiero che non riesce a coglierne la vera essenza. Pi\u00f9 serena, mi offre altri percorsi, altri modi di percepire, di essere.<\/p>\n<p>Emozioni, affetti e preoccupazioni che nutrono o sono nutriti dai miei pensieri la rendono pi\u00f9 pesante. Ma pu\u00f2 elevarsi verso una realt\u00e0 pi\u00f9 sgargiante. Quando la sua \u201cpropria\u201d luce individuale \u00e8 irrigata da una luce pi\u00f9 potente, pi\u00f9 universale, da una vita pi\u00f9 grandiosa, cambia la sua natura.<\/p>\n<p>Sperimento, noto che, nutrita e connessa ad una dimensione spirituale, acquista caratteristiche pi\u00f9 universali. E questo si riverbera sulla mia vita. L&#8217;anima \u00e8 un organo; ha la qualit\u00e0 di chi la porta, e questo organo ha una vocazione pi\u00f9 essenziale.<\/p>\n<p>Scopro che quelle domande avevano un obiettivo: spingermi verso il divenire cosciente della mia anima.<\/p>\n<p>L&#8217;anima ha il suo divenire, al centro della mia vita. Nata come anima biologica, tende ad essere un&#8217;anima cosciente e vivente. E tutti gli ideali che mi piacevano traggono significato da questa aspirazione assoluta: libert\u00e0, autonomia, perfezione, potere, connessione con gli altri, bellezza, condivisione, collaborazione ideale e amore&#8230;<\/p>\n<p>Questa necessit\u00e0 non pu\u00f2 essere data per scontata nel corso della vita. \u00c8 pi\u00f9 ardente per alcuni che per altri, \u00e8 cos\u00ec distante dai bisogni di sopravvivenza del corpo. Una specificit\u00e0 dell&#8217;essere umano che aspira a ci\u00f2 che non pu\u00f2 essere. Pi\u00f9 la coscienza si addentra nella scoperta di questi bisogni, pi\u00f9 ci\u00f2 che ci separa da essi diventa percepibile.<\/p>\n<p>E mi rendo conto che questo \u00e8 un percorso spirituale e che non c\u2019\u00e8 nulla di mistico, oscuro o facile. L&#8217;Anima Vivente \u00e8 una realt\u00e0, alla portata dell&#8217;anima, ma non alla portata del corpo. Eppure, so sempre pi\u00f9 chiaramente che \u00e8 nella vita, nel presente del mio corpo, che tutto si svolge. Questa connessione a una forza superiore che creo nel cuore della mia vita, del mio essere, \u00e8 il legame tra la mia anima e la sua realt\u00e0. \u00c8 un prerequisito per andare oltre. E il mio corpo resiste.<\/p>\n<p>Il mio modo di apprezzare, disapprovare, accogliere o respingere, e quindi rafforzare il mio legame con i miei aspetti pi\u00f9 reattivi, il mio modo di confermare a me stessa la realt\u00e0 dell&#8217;ego, \u00e8 in contraddizione con una possibilit\u00e0 dell&#8217;anima. Questo paradosso, non l&#8217;avevo visto arrivare. Diventa cruciale, irrisolvibile, conflitto, rinegoziazione interiore di ci\u00f2 che \u00e8 accettabile e comodo. Negazione e scoperta, delusione e tutti i modi di essere intrecciati nel filo del racconto di una vita e dei suoi episodi.<\/p>\n<p>Con questi incroci tra l&#8217;anima, la personalit\u00e0 e l&#8217;ego, imparo il luogo e il ruolo di ciascuno di essi. Attraverso questi movimenti, selezioni e articolazioni, sorge un altro elemento: l&#8217;anima non \u00e8 sola. In sostanza, \u00e8 qualcos&#8217;altro di pi\u00f9 dell&#8217;individualit\u00e0.<\/p>\n<p>E tutte queste domande, comprese quelle della solitudine, del senso di abbandono, della ricerca di amore, si incarnano in una realt\u00e0 unificata: per l&#8217;anima nulla \u00e8 separato. Il suo filo conduttore \u00e8 un altro modo di vivere. Adesso sa come palesarsi a me. E questa realt\u00e0 dell&#8217;essere non mi appartiene. Per accettare l&#8217;assenza di limiti, dobbiamo rinunciare all&#8217;ego.<\/p>\n","protected":false},"author":914,"featured_media":3256,"template":"","meta":{"_acf_changed":false},"tags":[],"category_":[111028],"tags_english_":[],"class_list":["post-89098","logon_article","type-logon_article","status-publish","has-post-thumbnail","hentry","category_-spiritsoul-it-it-2"],"acf":[],"_links":{"self":[{"href":"https:\/\/logon.media\/it\/wp-json\/wp\/v2\/logon_article\/89098","targetHints":{"allow":["GET"]}}],"collection":[{"href":"https:\/\/logon.media\/it\/wp-json\/wp\/v2\/logon_article"}],"about":[{"href":"https:\/\/logon.media\/it\/wp-json\/wp\/v2\/types\/logon_article"}],"author":[{"embeddable":true,"href":"https:\/\/logon.media\/it\/wp-json\/wp\/v2\/users\/914"}],"wp:featuredmedia":[{"embeddable":true,"href":"https:\/\/logon.media\/it\/wp-json\/wp\/v2\/media\/3256"}],"wp:attachment":[{"href":"https:\/\/logon.media\/it\/wp-json\/wp\/v2\/media?parent=89098"}],"wp:term":[{"taxonomy":"post_tag","embeddable":true,"href":"https:\/\/logon.media\/it\/wp-json\/wp\/v2\/tags?post=89098"},{"taxonomy":"category_","embeddable":true,"href":"https:\/\/logon.media\/it\/wp-json\/wp\/v2\/category_?post=89098"},{"taxonomy":"tags_english_","embeddable":true,"href":"https:\/\/logon.media\/it\/wp-json\/wp\/v2\/tags_english_?post=89098"}],"curies":[{"name":"wp","href":"https:\/\/api.w.org\/{rel}","templated":true}]}}