{"id":88636,"date":"2017-11-21T08:12:37","date_gmt":"2017-11-21T08:12:37","guid":{"rendered":"https:\/\/logon.media\/logon_article\/logon-e-la-via-delluno-2a-parte\/"},"modified":"2017-11-21T08:12:37","modified_gmt":"2017-11-21T08:12:37","slug":"logon-e-la-via-delluno-2a-parte","status":"publish","type":"logon_article","link":"https:\/\/logon.media\/it\/logon_article\/logon-e-la-via-delluno-2a-parte\/","title":{"rendered":"LOGON e la via dell\u2019UNO &#8211; 2a parte"},"content":{"rendered":"<p>Possiamo aprirci alla vita, all&#8217;unica vita, e possiamo integrare le dimensioni dell&#8217;anima nella nostra conoscenza. &#8220;Quando i numeri e le figure non sono pi\u00f9 le chiavi di tutte le creature, quando quelli che cantano o baciano ne sanno pi\u00f9 dello scienziato&#8221;, \u00e8 una filastrocca di Novalis di 200 anni fa. L&#8217;Uno continua ad avere il suo effetto. Gli scienziati spiegano l&#8217;aspetto esteriore delle cose; per afferrare il loro interno, e in particolare la coscienza, \u00e8 necessaria una percezione dell&#8217;anima. Possiamo dedicarci al suo sviluppo.<\/p>\n<p>Secoli fa, la gente subiva l\u2019aspetto inquietante della natura. Per mezzo del pensiero volevano metterla sotto controllo. Oggi l\u2019inquietudine nasce in noi per gli effetti delle nostre tecnologie. Una volta, la &#8220;madre terra&#8221; era onnipotente, e ora lo sono le nostre stesse creazioni. Pensate a come la radioattivit\u00e0 rilasciata artificialmente pu\u00f2 influenzare la terra, i regni della natura e la nostra coscienza. Chi \u00e8 in grado di comprendere fino a che punto gli sforzi per unire l&#8217;uomo e le macchine pu\u00f2 compromettere la nostra identit\u00e0?<\/p>\n<p>Quello che era troppo grande da capire ha cambiato la sua fisionomia. In tal modo \u00e8 ora possibile una nuova visione. Ci\u00f2 che troviamo oggi inquietante \u00e8 qualcosa che noi stessi abbiamo creato. Sono i risultati e le conseguenze del nostro modo di pensare. Le nostre motivazioni, i nostri sforzi pi\u00f9 profondi, tutto questo si confronta con noi nella rete mondiale delle tecnologie. Molto ci permettono di fare, ma siamo loro prigionieri, a volte addirittura minacciati. Il nostro desiderio di auto-realizzazione sta forse andando nella direzione sbagliata?<\/p>\n<p>Le nostre creazioni ci afferrano. Non fu cos\u00ec che un tempo lo spirito originario s\u2019immerse nella creazione dell&#8217;uomo e ne fu afferrato, cosicch\u00e9 l&#8217;ego terreno potesse svilupparsi? Ora sta iniziando ad avere tratti umani. \u00c8 di nuovo l\u2019ora della liberazione, ma in una nuova direzione.<br \/>\nAnche l&#8217;Uno ci aiuta qui. Nel nostro attuale bisogno, un impulso emana da Lui. La coscienza pu\u00f2, con un certo coraggio, volgersi verso di Lui. Pu\u00f2 abbracciare ci\u00f2 che \u00e8 insondabile, inchinarsi a ci\u00f2 che va oltre la nostra comprensione. Il Logos funge da mediatore, se si risveglia in noi.<\/p>\n<p>Parliamo dell&#8217;era della comunicazione e dell&#8217;informazione. Un nuovo tipo di comunicazione e informazione \u00e8 possibile, e anche un nuovo tipo di pensiero. Oltre alla direzione orizzontale e verticale, un nuovo pensiero pu\u00f2 svilupparsi e aprire il nucleo pi\u00f9 profondo dell&#8217;essere umano.<br \/>\nIl tipo di comunicazione che si sviluppa pu\u00f2 diventare una comunione, una fratellanza, un avvicinamento di due poli, l\u2019effimero e l\u2019imperituro della nostra vita. E l&#8217;informazione che scorre attraverso di essa condurr\u00e0 a una nuova forma nel nostro essere interiore, una nuova forma di coscienza. \u00c8 un processo di trasformazione, un risveglio.<\/p>\n<p>Apparentemente abbiamo dovuto affrontare la tecnologia in modo minaccioso, per poter finalmente essere in grado di vincere. L&#8217;Uno \u00e8 anche dentro di noi. S\u00ec, &#8220;noi&#8221; siamo nel nostro nucleo pi\u00f9 profondo.<br \/>\nGli organi sensoriali rivolti verso l&#8217;interno si possono sviluppare. Una mente triplice ci consente una comprensione immediata.<br \/>\nGoethe scrisse di Giovanni keplero: \u00abKeplero disse: &#8220;Il mio pi\u00f9 grande desiderio \u00e8 diventare consapevole di Dio, che posso trovare ovunque nel mondo esterno, e anche all\u2019interno, dentro di me\u201d. Il nobile sent\u00ec, senza esserne consapevole, che in quel momento il divino in lui era perfettamente connesso con il divino dell&#8217;universo\u00bb.<br \/>\nGoethe, Massime e riflessioni.<\/p>\n<p>In un altro testo Goethe ha scritto: \u00abChe cosa sarebbe un dio che preme solo dall&#8217;esterno?\u00bb<br \/>\nQuesto \u00e8 un modo, una via d&#8217;uscita dalla nostra situazione attuale. Il divino nel nucleo interiore dell&#8217;uomo vuole entrare in contatto con il divino dell&#8217;universo. In tal modo, la conoscenza del mondo e la conoscenza di s\u00e9 diventano una cosa sola. Lottiamo per questo! O, in altre parole: lasciamo che accada!<br \/>\nIl Logos dentro di noi render\u00e0 possibile l&#8217;impossibile.<br \/>\nLOGON vuole continuare a raccontarlo.<\/p>\n<p>&nbsp;<\/p>\n<p>&nbsp;<\/p>\n","protected":false},"author":922,"featured_media":2383,"template":"","meta":{"_acf_changed":false},"tags":[],"category_":[110117],"tags_english_":[],"class_list":["post-88636","logon_article","type-logon_article","status-publish","has-post-thumbnail","hentry","category_-zeitgeist-it"],"acf":[],"_links":{"self":[{"href":"https:\/\/logon.media\/it\/wp-json\/wp\/v2\/logon_article\/88636","targetHints":{"allow":["GET"]}}],"collection":[{"href":"https:\/\/logon.media\/it\/wp-json\/wp\/v2\/logon_article"}],"about":[{"href":"https:\/\/logon.media\/it\/wp-json\/wp\/v2\/types\/logon_article"}],"author":[{"embeddable":true,"href":"https:\/\/logon.media\/it\/wp-json\/wp\/v2\/users\/922"}],"wp:featuredmedia":[{"embeddable":true,"href":"https:\/\/logon.media\/it\/wp-json\/wp\/v2\/media\/2383"}],"wp:attachment":[{"href":"https:\/\/logon.media\/it\/wp-json\/wp\/v2\/media?parent=88636"}],"wp:term":[{"taxonomy":"post_tag","embeddable":true,"href":"https:\/\/logon.media\/it\/wp-json\/wp\/v2\/tags?post=88636"},{"taxonomy":"category_","embeddable":true,"href":"https:\/\/logon.media\/it\/wp-json\/wp\/v2\/category_?post=88636"},{"taxonomy":"tags_english_","embeddable":true,"href":"https:\/\/logon.media\/it\/wp-json\/wp\/v2\/tags_english_?post=88636"}],"curies":[{"name":"wp","href":"https:\/\/api.w.org\/{rel}","templated":true}]}}