{"id":118088,"date":"2025-05-29T02:30:13","date_gmt":"2025-05-29T02:30:13","guid":{"rendered":"https:\/\/logon.media\/?post_type=logon_article&#038;p=118088"},"modified":"2025-05-29T02:30:13","modified_gmt":"2025-05-29T02:30:13","slug":"uccelli-allegri","status":"publish","type":"logon_article","link":"https:\/\/logon.media\/it\/logon_article\/uccelli-allegri\/","title":{"rendered":"Uccelli allegri"},"content":{"rendered":"<p>Il canto degli uccelli pu\u00f2 elevarci perch\u00e9 gli uccelli si muovono in una sfera pi\u00f9 alta. Il loro volo li eleva al di sopra di se stessi e li spinge a cantare.<\/p>\n<p><!--more--><\/p>\n<table style=\"border-collapse: collapse; width: 74.4931%; height: 188px;\">\n<tbody>\n<tr>\n<td style=\"width: 100%;\">\n<hr \/>\n<p>Tutto ci\u00f2 che vive riflette qualcosa di ci\u00f2 che siamo. Abbiamo un legame con tutto ci\u00f2 che incontriamo in natura. \u00c8 per questo che ogni cosa ci parla e ogni situazione ci dice qualcosa di noi stessi. La natura ci rivela immagini di singoli aspetti della nostra anima e del nostro corpo. \u00c8 per questo che i saggi si sono sempre rivolti a se stessi quando hanno percepito qualcosa, dicendo: \u201cQuesto sei tu (tat tvam asi)\u201d. Gli uccelli non sono allegri come noi umani, le api non sono laboriose come noi, il tronco di un albero non \u00e8 forte come noi lo siamo, ma tutti ci rappresentano. Le risonanze si creano attraverso le connessioni. Attraverso di esse abbiamo accesso gli uni agli altri, possiamo aiutarci, unirci, separarci, lottare e riscattarci a vicenda.<\/p>\n<hr \/>\n<\/td>\n<\/tr>\n<\/tbody>\n<\/table>\n<p>La parola \u201callegro\u201d \u00e8 legata all&#8217;immagine della luce. Chiamiamo \u201callegro\u201d un tempo soleggiato e luminoso. Non perch\u00e9 si possa misurare esternamente un maggior numero di lumen, ma perch\u00e9 la luce pu\u00f2 metterci di buon umore. Quando sorge il sole, sorge anche un \u201csole\u201d dentro di noi e il nostro umore si risolleva \u2013 diventiamo pi\u00f9 radiosi. Percepiamo la serenit\u00e0 dell&#8217;atmosfera. Questo pu\u00f2 evocare un ricordo, un desiderio di purezza delle nostre origini, della nostra anima. Pu\u00f2 essere una prima risposta alla nostra ricerca e condurci su un percorso di vita completamente diverso.<\/p>\n<h3><strong>Ebbrezza invisibile<\/strong><\/h3>\n<p>La luce \u00e8 conosciuta attraverso il suo aspetto ai sensi e l&#8217;elevazione del nostro spirito, ma \u00e8 di per s\u00e9 invisibile. Ci\u00f2 che ci rende radiosi \u00e8 la luce spirituale e invisibile che ci illumina interiormente. Possiamo sperimentarne una scintilla momentanea, ad esempio quando siamo immersi in una \u201crealizzazione\u201d; pi\u00f9 duratura \u00e8 l&#8217;esperienza della luce acquisita durante la meditazione: l&#8217;espansione dell&#8217;anima in un&#8217;illuminazione interiore, o la luce del sole che rende visibile il mondo terreno, si rivelano tutti potenti oltre misura per la nostra anima grazie alla sua qualit\u00e0 nascosta di spirito-anima.<\/p>\n<h3><strong>Amato dal genio<\/strong><\/h3>\n<p>Gli scrittori utilizzano ripetutamente il potere edificante del canto degli uccelli nelle loro opere. Lo scrittore svizzero Albert Steffen (1884-1963) lo descrive in modo classico, probabilmente con uno sguardo autobiografico:<\/p>\n<p>Alla fine di una giornata, il poeta disoccupato trov\u00f2 un aforisma risalente a un&#8217;epoca in cui gli era ancora permesso di assecondare i suoi impulsi creativi senza restrizioni. Recitava:<\/p>\n<blockquote><p><em>Quando si esce, bisogna scegliere con cura il modo e l&#8217;ora. Passeggiare nei giardini al tramonto \u00e8 il momento pi\u00f9 propizio. Spiriti amici si librano sulle ali del bagliore serale ed esortano le belle esperienze del giorno che avete raccolto nella vostra anima ad abbracciare i buoni dei della notte.<\/em><\/p><\/blockquote>\n<p>Il poeta non era in grado di essere all&#8217;altezza di questa massima. Tuttavia, quando un merlo inizi\u00f2 a cantare fuori dalla sua finestra, la gioia che lo colse gli diede la forza di lasciare andare le immagini del giorno passato con tutte le sue delusioni. Si allontan\u00f2 dalla vita quotidiana e lasci\u00f2 che la sua infelicit\u00e0 svanisse nel nulla. &#8230; Il poeta cap\u00ec subito una cosa: il suo genio lo amava, e questo era sufficiente. <a href=\"#_ftn1\" name=\"_ftnref1\">[1]<\/a><\/p>\n<h3><strong>La bocca di Dio<\/strong><\/h3>\n<p>Il canto degli uccelli pu\u00f2 elevarci perch\u00e9 gli uccelli si muovono in una sfera superiore. Ci\u00f2 che noi da soli realizziamo interiormente e spiritualmente, loro lo esprimono esteriormente e fisicamente. La luce del sole che sorge con le mattine di primavera li riempie di canti. Il loro stato d&#8217;animo \u00e8 elevato e si elevano in una sfera che li innalza al di sopra di se stessi, che li ispira a cantare. Qualcosa di pi\u00f9 alto si impadronisce di loro, li solleva verso di s\u00e9 e infine risuona dalle loro gole. Christian Morgenstern (1871-1914) ha riassunto questo episodio in una poesia:<\/p>\n<blockquote><p><em>Sull&#8217;albero, caro uccellino,<\/em><\/p>\n<p><em>qual \u00e8 il tuo canto, il tuo canto in fondo?<\/em><\/p>\n<p><em>Il tuo piccolo canto \u00e8 la parola di Dio,<\/em><\/p>\n<p><em>la tua piccola laringe \u00e8 la bocca di Dio.<\/em><\/p>\n<p>&nbsp;<\/p>\n<p><em>Il \u201ccanto\u201d non viene da te,<\/em><\/p>\n<p><em>\u00e8 l&#8217;eterno potere creativo che suona<\/em><\/p>\n<p><em>ancora non offuscato in puro splendore<\/em><\/p>\n<p><em>in te, piccolo e dolce ornamento.<\/em><\/p><\/blockquote>\n<p>Gli uccelli canori esprimono qualcosa di pi\u00f9 elevato che si impadronisce del loro essere, e questa elevazione si rivela attraverso il loro canto. Chi non vorrebbe sperimentare la bellezza del canto di un uccello cos\u00ec allegro?<\/p>\n<p>Un breve estratto dal libro: Warum singen V\u00f6gel? (Perch\u00e9 gli uccelli cantano?), di Hans-Christian Zehnter e Wolter Bos, H\u00e4gendorf (Svizzera), 2018.<\/p>\n<blockquote><p><em>Si potrebbe forse ipotizzare che gli uccelli canori e la luce del sole siano fatti l&#8217;uno per l&#8217;altra. Un&#8217;esultanza piena e polifonica, persino disinibita, accompagna il sorgere del sole. Nessun uccello \u00e8 pi\u00f9 trattenuto; con il sorgere del sole tutto inizia a cantare! \u00c8 cos\u00ec che l&#8217;uccello si rivolge all&#8217;essere spirituale o divino che gli appartiene.<\/em><\/p>\n<p><em>Alla fine, ci sentiamo allo stesso modo. Cantiamo quando ci sentiamo sollevati dalle preoccupazioni quotidiane, liberi nello spirito e quindi sollevati, che sia sotto la doccia o mentre laviamo i piatti. Quello che sembra essere un evento piuttosto accidentale \u00e8, tuttavia, pi\u00f9 importante di quanto si possa pensare all&#8217;inizio. Perch\u00e9: In cosa ci stiamo elevando? E viceversa, chi o cosa ci eleva? Chi o cosa ci fa cantare?<\/em><\/p><\/blockquote>\n<hr \/>\n<p><a href=\"#_ftnref1\" name=\"_ftn1\">[1]<\/a> Albert Steffen: <em>Merkbuch<\/em>, (Libro di appunti) Dornach 1982, pag. 164 e segg<\/p>\n","protected":false},"author":933,"featured_media":116408,"template":"","meta":{"_acf_changed":false},"tags":[],"category_":[111016],"tags_english_":[],"class_list":["post-118088","logon_article","type-logon_article","status-publish","has-post-thumbnail","hentry","category_-spiritsoul-it-it"],"acf":[],"_links":{"self":[{"href":"https:\/\/logon.media\/it\/wp-json\/wp\/v2\/logon_article\/118088","targetHints":{"allow":["GET"]}}],"collection":[{"href":"https:\/\/logon.media\/it\/wp-json\/wp\/v2\/logon_article"}],"about":[{"href":"https:\/\/logon.media\/it\/wp-json\/wp\/v2\/types\/logon_article"}],"author":[{"embeddable":true,"href":"https:\/\/logon.media\/it\/wp-json\/wp\/v2\/users\/933"}],"wp:featuredmedia":[{"embeddable":true,"href":"https:\/\/logon.media\/it\/wp-json\/wp\/v2\/media\/116408"}],"wp:attachment":[{"href":"https:\/\/logon.media\/it\/wp-json\/wp\/v2\/media?parent=118088"}],"wp:term":[{"taxonomy":"post_tag","embeddable":true,"href":"https:\/\/logon.media\/it\/wp-json\/wp\/v2\/tags?post=118088"},{"taxonomy":"category_","embeddable":true,"href":"https:\/\/logon.media\/it\/wp-json\/wp\/v2\/category_?post=118088"},{"taxonomy":"tags_english_","embeddable":true,"href":"https:\/\/logon.media\/it\/wp-json\/wp\/v2\/tags_english_?post=118088"}],"curies":[{"name":"wp","href":"https:\/\/api.w.org\/{rel}","templated":true}]}}