{"id":115236,"date":"2025-01-12T09:27:16","date_gmt":"2025-01-12T09:27:16","guid":{"rendered":"https:\/\/logon.media\/logon_article\/il-desiderio-una-porta-verso-la-liberta\/"},"modified":"2025-01-12T09:27:16","modified_gmt":"2025-01-12T09:27:16","slug":"il-desiderio-una-porta-verso-la-liberta","status":"publish","type":"logon_article","link":"https:\/\/logon.media\/it\/logon_article\/il-desiderio-una-porta-verso-la-liberta\/","title":{"rendered":"Il desiderio &#8211; una porta verso la libert\u00e0"},"content":{"rendered":"<p><em>Il ricordo di un senso di libert\u00e0<\/em><!--more--><\/p>\n<p>Un essere umano, un essere umano della terra, nasce con un desiderio. Una curiosit\u00e0, un desiderio di esplorare, conoscere meglio la realt\u00e0 che lo circonda. Una realt\u00e0 che conoscer\u00e0 come vita, la vita nelle sue numerose varianti.<\/p>\n<p>Un essere umano, un essere umano terrestre, porta anche dentro di s\u00e9 una conoscenza intuitiva, un ricordo di un&#8217;altra realt\u00e0, un desiderio di una realt\u00e0 non terrestre. Una realt\u00e0 superiore protetta all&#8217;interno. L&#8217;anelito, il desiderio di esplorare quella realt\u00e0 superiore \u00e8 per lo pi\u00f9 offuscato, oscurato fin dalla nascita, dalle influenze della realt\u00e0 terrestre.<\/p>\n<p>Lo stato di coscienza \u00e8 per lo pi\u00f9 determinato dal desiderio di ci\u00f2 che si presenta sul cammino della vita. A meno che non si abbia la fortuna di avere accesso a un ambiente che sostenga il desiderio intuitivo, la memoria innata, lo stato di coscienza diventa inevitabilmente quello della terra, di tutto ci\u00f2 che soddisfa i numerosi bisogni dell\u2019essere umano. Intrigo, fascino, gioie e dolori. O almeno cos\u00ec sembra.<\/p>\n<p>Con il progredire della vita i desideri cambiano, il mondo cambia, lo stato di coscienza cambia. Con il tempo, forse con molto tempo o addirittura con molte vite e molte esperienze, come nel mondo di oggi, i desideri possono iniziare a diminuire, a diventare meno importanti. Ne consegue una lotta per la vita, una lotta per mantenere lo stato di coscienza percepito come reale. Le prospettive cambiano, lo stato di vita cambia, i desideri terreni assumono un significato pi\u00f9 profondo e introspettivo. Ci pu\u00f2 essere un allontanamento, forse graduale, forse rapido, dalle attrazioni esterne, un rivolgersi all&#8217;interno. Il desiderio interiore intuitivo dell&#8217;inizio, il ricordo di qualcosa di diverso, il ricordo di un senso di libert\u00e0, pu\u00f2 emergere, risvegliarsi dal suo sonno e diventare una porta, una porta del desiderio, una porta verso la libert\u00e0.<\/p>\n","protected":false},"author":966,"featured_media":113479,"template":"","meta":{"_acf_changed":false},"tags":[],"category_":[111016],"tags_english_":[],"class_list":["post-115236","logon_article","type-logon_article","status-publish","has-post-thumbnail","hentry","category_-spiritsoul-it-it"],"acf":[],"_links":{"self":[{"href":"https:\/\/logon.media\/it\/wp-json\/wp\/v2\/logon_article\/115236","targetHints":{"allow":["GET"]}}],"collection":[{"href":"https:\/\/logon.media\/it\/wp-json\/wp\/v2\/logon_article"}],"about":[{"href":"https:\/\/logon.media\/it\/wp-json\/wp\/v2\/types\/logon_article"}],"author":[{"embeddable":true,"href":"https:\/\/logon.media\/it\/wp-json\/wp\/v2\/users\/966"}],"wp:featuredmedia":[{"embeddable":true,"href":"https:\/\/logon.media\/it\/wp-json\/wp\/v2\/media\/113479"}],"wp:attachment":[{"href":"https:\/\/logon.media\/it\/wp-json\/wp\/v2\/media?parent=115236"}],"wp:term":[{"taxonomy":"post_tag","embeddable":true,"href":"https:\/\/logon.media\/it\/wp-json\/wp\/v2\/tags?post=115236"},{"taxonomy":"category_","embeddable":true,"href":"https:\/\/logon.media\/it\/wp-json\/wp\/v2\/category_?post=115236"},{"taxonomy":"tags_english_","embeddable":true,"href":"https:\/\/logon.media\/it\/wp-json\/wp\/v2\/tags_english_?post=115236"}],"curies":[{"name":"wp","href":"https:\/\/api.w.org\/{rel}","templated":true}]}}