{"id":113158,"date":"2024-10-29T09:56:44","date_gmt":"2024-10-29T09:56:44","guid":{"rendered":"https:\/\/logon.media\/logon_article\/uno-spazio-interiore\/"},"modified":"2024-10-29T09:56:44","modified_gmt":"2024-10-29T09:56:44","slug":"uno-spazio-interiore","status":"publish","type":"logon_article","link":"https:\/\/logon.media\/it\/logon_article\/uno-spazio-interiore\/","title":{"rendered":"Uno spazio interiore"},"content":{"rendered":"<p><em>So di avere un cuore, \u00e8 come una camera doppia, sempre in movimento, e lo sento.<\/em><\/p>\n<p><!--more--><\/p>\n<p><em>Con esso sento il ritmo della mia vita, la mia immobilit\u00e0 e i miei movimenti, la velocit\u00e0 con cui mi muovo e penso. Lo immagino come uno spazio rosso pulsante. Non riesco a controllarlo, come se avesse una vita propria dentro di me. Il suo nome \u00e8 pieno di dolcezza.<\/em><\/p>\n<p>Lo vedo come un luogo che circonda uno spazio ancora pi\u00f9 segreto. Se entro in quel luogo, allora vivo in uno spazio che non ha limiti. L&#8217;interno \u00e8 diventato un mondo, illuminato da una stella che \u00e8 al tempo stesso il suo centro e la sua natura profonda.<\/p>\n<p>Quando entro in questo cuore dell&#8217;essere, divento Noi, Noi unificato e individualizzato allo stesso tempo, che si prende cura, gioisce, \u00e8 vitalizzato. Sperimento questa unificazione con la vita, con le espressioni della vita, e il profondo significato attivo di questa unit\u00e0 tra tutto. Improvvisamente la mia attenzione viene attirata da coloro che sono tagliati fuori da questa unit\u00e0, rattrappiti in se stessi e privi di luce, dal modo in cui possiamo riunirli a noi. Il nucleo che diceva \u201cio\u201d si \u00e8 ridotto come un sole nero che potrebbe essere al di l\u00e0, altrove nel mio corpo. Da questo spazio immenso e gioioso pulsa la possibilit\u00e0 di spazio nel mio corpo, tra ogni battito che scandisce la mia vita, uno spazio-tempo infinito e possibile, contenuto nell&#8217;espressione di questo cuore.<\/p>\n<p>E sono di nuovo all&#8217;esterno di questo cuore interiore senza limiti. Fuori, conosco solo i limiti. Ho gi\u00e0 dimenticato questa impressione, questo ricordo, o era un&#8217;idea? Non so pi\u00f9 come mi sia venuta questa strana immagine, cos\u00ec assoluta. Perch\u00e9 ho provato questa sensazione, che mi \u00e8 gi\u00e0 sfuggita e che vorrei afferrare?<\/p>\n<p>Sapete come trovare questo percorso interiore? Dove sono le persone che vivono in questo spazio interiore, lo trasmettono, lo vivono ogni momento? Ho contemplato il loro numero per un attimo, era immenso.<\/p>\n","protected":false},"author":923,"featured_media":112104,"template":"","meta":{"_acf_changed":false},"tags":[],"category_":[111016],"tags_english_":[],"class_list":["post-113158","logon_article","type-logon_article","status-publish","has-post-thumbnail","hentry","category_-spiritsoul-it-it"],"acf":[],"_links":{"self":[{"href":"https:\/\/logon.media\/it\/wp-json\/wp\/v2\/logon_article\/113158","targetHints":{"allow":["GET"]}}],"collection":[{"href":"https:\/\/logon.media\/it\/wp-json\/wp\/v2\/logon_article"}],"about":[{"href":"https:\/\/logon.media\/it\/wp-json\/wp\/v2\/types\/logon_article"}],"author":[{"embeddable":true,"href":"https:\/\/logon.media\/it\/wp-json\/wp\/v2\/users\/923"}],"wp:featuredmedia":[{"embeddable":true,"href":"https:\/\/logon.media\/it\/wp-json\/wp\/v2\/media\/112104"}],"wp:attachment":[{"href":"https:\/\/logon.media\/it\/wp-json\/wp\/v2\/media?parent=113158"}],"wp:term":[{"taxonomy":"post_tag","embeddable":true,"href":"https:\/\/logon.media\/it\/wp-json\/wp\/v2\/tags?post=113158"},{"taxonomy":"category_","embeddable":true,"href":"https:\/\/logon.media\/it\/wp-json\/wp\/v2\/category_?post=113158"},{"taxonomy":"tags_english_","embeddable":true,"href":"https:\/\/logon.media\/it\/wp-json\/wp\/v2\/tags_english_?post=113158"}],"curies":[{"name":"wp","href":"https:\/\/api.w.org\/{rel}","templated":true}]}}