{"id":104443,"date":"2023-08-27T15:47:37","date_gmt":"2023-08-27T15:47:37","guid":{"rendered":"https:\/\/logon.media\/logon_article\/state-sognando-svegliatevi-svegliatevi-non-e-reale\/"},"modified":"2023-08-27T15:50:07","modified_gmt":"2023-08-27T15:50:07","slug":"state-sognando-svegliatevi-svegliatevi-non-e-reale","status":"publish","type":"logon_article","link":"https:\/\/logon.media\/it\/logon_article\/state-sognando-svegliatevi-svegliatevi-non-e-reale\/","title":{"rendered":"State sognando? Svegliatevi, svegliatevi! Non \u00e8 reale."},"content":{"rendered":"<p>\u00c8 met\u00e0 giornata e voi siete qui, pienamente immersi nella vostra attivit\u00e0, nella vostra vita, a fare le cose che fate di solito. Ma qualcosa, qualcuno, vi ha chiamato, vi ha allertato, ha cambiato per un attimo il vostro modo di pensare. Guardatevi intorno: non \u00e8 tutto uguale, reale come sempre? Perch\u00e9 dovreste svegliarvi? Forse ridete di questo pensiero, lo allontanate, o forse ascoltate.<\/p>\n<p>Oggi siamo tutti cos\u00ec occupati, cos\u00ec presi dalle nostre vite, dalle nostre attivit\u00e0. Non c&#8217;\u00e8 quasi mai un momento per pensare, per riflettere, per considerare qualcosa di diverso da ci\u00f2 che ci occupa. Perci\u00f2 i pensieri che le cose siano diverse da come appaiono devono essere considerati un po&#8217; strani, sicuramente rari, certamente non provenienti dalla nostra mentalit\u00e0. Non c&#8217;\u00e8 spazio perch\u00e9 sia cos\u00ec.<\/p>\n<p>Allora da dove nasce questo pensiero fugace? Chi o cosa potrebbe suggerire che la vita come la viviamo potrebbe non essere reale? \u00c8 un suggerimento che potrebbe esistere un&#8217;altra realt\u00e0, un altro modo di percepire le cose. Una realt\u00e0 forse non di questo mondo. Dove? Quando? Come? Perch\u00e9 non proprio qui e ora, proprio dove vi trovate, dove vivete, dove siete?<\/p>\n<p>Svegliatevi! Ora! Guardatevi intorno. Osate considerare che forse non \u00e8 tutto qui quello che c&#8217;\u00e8 nella vita, in quella che chiamate realt\u00e0. Mantenete questo pensiero durante la vostra giornata e osservate dove vi porta.<\/p>\n<p>&#8220;Svegliatevi, svegliatevi \u2013 non \u00e8 reale!&#8221;.<\/p>\n","protected":false},"author":966,"featured_media":103703,"template":"","meta":{"_acf_changed":false},"tags":[],"category_":[111016],"tags_english_":[],"class_list":["post-104443","logon_article","type-logon_article","status-publish","has-post-thumbnail","hentry","category_-spiritsoul-it-it"],"acf":[],"_links":{"self":[{"href":"https:\/\/logon.media\/it\/wp-json\/wp\/v2\/logon_article\/104443","targetHints":{"allow":["GET"]}}],"collection":[{"href":"https:\/\/logon.media\/it\/wp-json\/wp\/v2\/logon_article"}],"about":[{"href":"https:\/\/logon.media\/it\/wp-json\/wp\/v2\/types\/logon_article"}],"author":[{"embeddable":true,"href":"https:\/\/logon.media\/it\/wp-json\/wp\/v2\/users\/966"}],"wp:featuredmedia":[{"embeddable":true,"href":"https:\/\/logon.media\/it\/wp-json\/wp\/v2\/media\/103703"}],"wp:attachment":[{"href":"https:\/\/logon.media\/it\/wp-json\/wp\/v2\/media?parent=104443"}],"wp:term":[{"taxonomy":"post_tag","embeddable":true,"href":"https:\/\/logon.media\/it\/wp-json\/wp\/v2\/tags?post=104443"},{"taxonomy":"category_","embeddable":true,"href":"https:\/\/logon.media\/it\/wp-json\/wp\/v2\/category_?post=104443"},{"taxonomy":"tags_english_","embeddable":true,"href":"https:\/\/logon.media\/it\/wp-json\/wp\/v2\/tags_english_?post=104443"}],"curies":[{"name":"wp","href":"https:\/\/api.w.org\/{rel}","templated":true}]}}