{"id":91164,"date":"2020-11-05T10:24:29","date_gmt":"2020-11-05T10:24:29","guid":{"rendered":"https:\/\/logon.media\/logon_article\/nezzetek-a-liliomokat-nem-faradoznak-es-nem-fonnak\/"},"modified":"2020-11-05T10:24:29","modified_gmt":"2020-11-05T10:24:29","slug":"nezzetek-a-liliomokat-nem-faradoznak-es-nem-fonnak","status":"publish","type":"logon_article","link":"https:\/\/logon.media\/hu\/logon_article\/nezzetek-a-liliomokat-nem-faradoznak-es-nem-fonnak\/","title":{"rendered":"N\u00e9zz\u00e9tek a liliomokat: nem f\u00e1radoznak \u00e9s nem fonnak"},"content":{"rendered":"<p>Ez a Luk\u00e1cs evang\u00e9lium\u00e1b\u00f3l vett j\u00f3l ismert id\u00e9zet (12: 22-34) a teljes odaad\u00e1s tudat\u00e1llapot\u00e1ba vezet benn\u00fcnket, ellent\u00e9tben azokkal, akik az \u00e9nre helyezik a hangs\u00falyt. Az \u00e9let t\u00f6rv\u00e9nyeit figyelmen k\u00edv\u00fcl hagyva \u00e1lland\u00f3an a t\u00fal\u00e9l\u00e9s\u00e9rt harcolnak an\u00e9lk\u00fcl, hogy valaha is meg\u00e9rten\u00e9k, mind egy nagy Eg\u00e9sz r\u00e9szei vagyunk, elmer\u00fcl\u00fcnk abban. Ahogy folytatjuk a Luk\u00e1cs evang\u00e9lium id\u00e9zet\u00e9t, a t\u00fal\u00e9l\u00e9s ill\u00fazi\u00f3ja v\u00e9gk\u00e9pp elt\u0171nik: \u201e<em>Ki tudn\u00e1 k\u00f6z\u00fcletek aggodalmaskod\u00e1s\u00e1val ak\u00e1r csak egy \u00f3r\u00e1val is meghosszabb\u00edtani az \u00e9let\u00e9t?\u201d&nbsp; <\/em><\/p>\n<p>Ha a F\u00f6ld \u00e9l\u0151l\u00e9nyeinek fejl\u0151d\u00e9s\u00e9t a tudom\u00e1ny mai \u00e1ll\u00e1sa szerint vizsg\u00e1ljuk, l\u00e1thatjuk, hogy a n\u00f6v\u00e9nyek sz\u00fclet\u00e9se megel\u0151zte az \u00e1llatok\u00e9t. Az ezoterikus tudom\u00e1ny is egyet\u00e9rt ezzel a felt\u00e9telez\u00e9ssel. A n\u00f6v\u00e9nyvil\u00e1g \u00e9teri tudat\u00e1llapotb\u00f3l j\u00f6tt l\u00e9tre. T\u00e1pl\u00e1l\u00e9k\u00e1t a Napt\u00f3l kapta, \u00e9s sohasem szenvedett hi\u00e1nyt. A Naprendszer csillagatyja minden nap szabadon \u00e1rasztja f\u00e9ny\u00e9t, meleg\u00e9t \u00e9s \u00e9ltet\u0151 energi\u00e1j\u00e1t minden \u00e9l\u0151l\u00e9nyre. A n\u00f6v\u00e9nyek \u00e1ltala n\u0151nek \u00e9s fejl\u0151dnek, \u00e9s nem agg\u00f3dnak afel\u0151l, mit fognak enni \u00e9s mibe \u00f6lt\u00f6zk\u00f6dnek majd. Az \u0151 vil\u00e1gukban nem l\u00e9tezik \u00e9n-tudat. A n\u00f6v\u00e9nyek egyedei a gy\u00f6kereiken kereszt\u00fcl kapcsol\u00f3dnak egym\u00e1shoz, ezen kereszt\u00fcl kommunik\u00e1lnak, mik\u00f6zben egys\u00e9get k\u00e9peznek egym\u00e1ssal. Nem ismerik az aggodalmat.<\/p>\n<p>A Nap felt\u00e9tlen szeretetet \u00e1raszt minden teremtm\u00e9nyre an\u00e9lk\u00fcl, hogy b\u00e1rmit vagy b\u00e1rkit is kiz\u00e1rna abb\u00f3l. A n\u00f6v\u00e9nybirodalom \u00f6sszegy\u0171jti ezt a szeretetet, \u00e9s felt\u00e9tel n\u00e9lk\u00fcl visszaadja azt \u00e9lelem \u00e9s sz\u00e9ps\u00e9g form\u00e1j\u00e1ban, minden teremtm\u00e9ny sz\u00e1m\u00e1ra.<\/p>\n<p>Az evol\u00faci\u00f3s fejl\u0151d\u00e9si folyamat egy k\u00e9s\u0151bbi szakasz\u00e1ban, a holdkorszakban az \u00e9l\u0151l\u00e9nyek tudata elkezdett egy\u00e9niv\u00e9 v\u00e1lni. Kezdtek elk\u00fcl\u00f6n\u00fclni a k\u00f6rnyezet\u00fckt\u0151l, azaz \u00f6nmaguk fel\u00e9 fordultak. Erre az \u00e9n-tudat kialakul\u00e1sa \u00e9rdek\u00e9ben volt sz\u00fcks\u00e9g.<\/p>\n<p>A t\u00fal\u00e9l\u00e9s\u00e9rt folytatott k\u00fczdelem p\u00e1rhuzamosan fejl\u0151d\u00f6tt az egy\u00e9n tudatra \u00e9bred\u00e9s\u00e9vel, \u00e9s ennek sor\u00e1n kialakult az elm\u00fal\u00e1st\u00f3l val\u00f3 f\u00e9lelem.<\/p>\n<p>Ez a k\u00fczdelem eleinte csak k\u00fcl\u00f6nb\u00f6z\u0151 fajok egyedei k\u00f6z\u00f6tt zajlott. \u201eHa elpusztulok is, a fajom tov\u00e1bb \u00e9l, de a te fajod l\u00e1tja k\u00e1r\u00e1t, ami m\u00e1s, mint az eny\u00e9m.\u201d Elj\u00f6tt azonban az id\u0151, amikor a harc m\u00e1r ugyanannak a fajnak az egyedei k\u00f6zt d\u00falt. \u201eEl kell pusztulnod, hogy \u00e9n \u00e9lhessek.\u201d<\/p>\n<p>Kiss\u00e9 elt\u00faloztuk ugyan ezt a magyar\u00e1zatot, de az\u00e9rt, hogy k\u00f6nnyebben meg lehessen \u00e9rteni az \u00fczenet\u00e9t. \u00cdgy \u00e9rkezt\u00fcnk el a jelenlegi F\u00f6ldkorszakba, ahol a legnagyobb az anyag koncentr\u00e1lts\u00e1ga: s\u0171r\u0171 \u00e9s megkrist\u00e1lyosodott. Az emberi szem\u00e9lyis\u00e9g ilyen k\u00f6r\u00fclm\u00e9nyek k\u00f6z\u00f6tt fejl\u0151dik, egyre er\u0151sebb \u00f6ntudattal. S k\u00f6zben egyre fokoz\u00f3dik a feled\u00e9kenys\u00e9ge, mert annak a t\u00e9nynek az elfeled\u00e9se terheli, hogy mi, emberek val\u00f3j\u00e1ban mind testv\u00e9rek vagyunk, ugyanannak a Napnak, a vil\u00e1gegyetem atyj\u00e1nak a gyermekei.<\/p>\n<p>Vajon mi t\u00f6rt\u00e9nne, ha olyan \u00e9teri tudatunk lenne, mint a n\u00f6v\u00e9nyeknek, de csak miut\u00e1n v\u00e9gigj\u00e1rtuk az \u00f6ntudatosod\u00e1s \u00fatj\u00e1t, vagyis amikor m\u00e1r tudjuk, kik vagyunk?&nbsp; Amikor felt\u00e9tlen szeretettel tudn\u00e1nk figyelni minden teremtm\u00e9ny fejl\u0151d\u00e9s\u00e9t, a vil\u00e1gegyetem fiainak \u00e9s le\u00e1nyainak fejl\u0151d\u00e9s\u00e9t is, hiszen a gy\u00f6kereink miatt egyek vagyunk?<\/p>\n<p>Abszol\u00fat odaad\u00e1s, a minden \u00e9s mindenki ir\u00e1nt val\u00f3 felt\u00e9tlen szeretet csak olyan tudat\u00e1llapotban j\u00f6het l\u00e9tre, ahol nincs helye semmif\u00e9le \u00edt\u00e9lkez\u00e9snek, ahol t\u00f6bb\u00e9 nem az \u201e\u00e9n \u00e9s a t\u00f6bbiek\u201d uralkodik, mert tudjuk, hogy \u201emindannyian bennem vannak\u201d, \u201emindennel \u00e9s mindenkivel egy\u00fctt\u201d l\u00e9tezem.&nbsp;<\/p>\n<p>A t\u00fal\u00e9l\u00e9s\u00e9rt folytatott k\u00fczdelem abszurdd\u00e1 v\u00e1lik, mert m\u00e1r a term\u00e9szet ellen is ir\u00e1nyul. Ekkor a vil\u00e1g \u00e9s az emberis\u00e9g megszabadul\u00e1sa csak az istenis\u00e9g r\u00e9szek\u00e9nt t\u00f6rt\u00e9nhet meg.<\/p>\n<p><em>\u201eKeress\u00e9tek Isten orsz\u00e1g\u00e1t, \u00e9s ezek mind megadatnak n\u00e9ktek. Gy\u0171jtsetek magatoknak kifogyhatatlan kincseket a mennyben, ahol sem a tolvaj nem f\u00e9r hozz\u00e1, sem a moly meg nem eszi.&nbsp; Mert ahol a ti kincsetek, ott van a ti sz\u00edvetek is.\u201d<\/em><\/p>\n<p>&nbsp;<\/p>\n","protected":false},"author":1,"featured_media":11082,"template":"","meta":{"_acf_changed":false},"tags":[],"category_":[110104],"tags_english_":[],"class_list":["post-91164","logon_article","type-logon_article","status-publish","has-post-thumbnail","hentry","category_-spiritsoul-hu"],"acf":[],"_links":{"self":[{"href":"https:\/\/logon.media\/hu\/wp-json\/wp\/v2\/logon_article\/91164","targetHints":{"allow":["GET"]}}],"collection":[{"href":"https:\/\/logon.media\/hu\/wp-json\/wp\/v2\/logon_article"}],"about":[{"href":"https:\/\/logon.media\/hu\/wp-json\/wp\/v2\/types\/logon_article"}],"author":[{"embeddable":true,"href":"https:\/\/logon.media\/hu\/wp-json\/wp\/v2\/users\/1"}],"wp:featuredmedia":[{"embeddable":true,"href":"https:\/\/logon.media\/hu\/wp-json\/wp\/v2\/media\/11082"}],"wp:attachment":[{"href":"https:\/\/logon.media\/hu\/wp-json\/wp\/v2\/media?parent=91164"}],"wp:term":[{"taxonomy":"post_tag","embeddable":true,"href":"https:\/\/logon.media\/hu\/wp-json\/wp\/v2\/tags?post=91164"},{"taxonomy":"category_","embeddable":true,"href":"https:\/\/logon.media\/hu\/wp-json\/wp\/v2\/category_?post=91164"},{"taxonomy":"tags_english_","embeddable":true,"href":"https:\/\/logon.media\/hu\/wp-json\/wp\/v2\/tags_english_?post=91164"}],"curies":[{"name":"wp","href":"https:\/\/api.w.org\/{rel}","templated":true}]}}