{"id":91114,"date":"2020-10-25T16:26:57","date_gmt":"2020-10-25T16:26:57","guid":{"rendered":"https:\/\/logon.media\/logon_article\/tudatos-onfeledtseg\/"},"modified":"2020-10-25T16:26:57","modified_gmt":"2020-10-25T16:26:57","slug":"tudatos-onfeledtseg","status":"publish","type":"logon_article","link":"https:\/\/logon.media\/hu\/logon_article\/tudatos-onfeledtseg\/","title":{"rendered":"Tudatos \u00f6nfeledts\u00e9g"},"content":{"rendered":"<p>\u00d6nmagamat kerestem,<\/p>\n<p>\u00e9s senkit sem tal\u00e1ltam:<\/p>\n<p>egy ismeretlent l\u00e1ttam.<\/p>\n<p>&nbsp;<\/p>\n<p>Kutatni kezdtem,<\/p>\n<p>mi vagyok,<\/p>\n<p>\u00e9s r\u00e1j\u00f6ttem, mi nem vagyok.<\/p>\n<p>&nbsp;<\/p>\n<p>Amikor azt kutattam,<\/p>\n<p>m\u00e1sok mit gondolnak, mi vagyok,<\/p>\n<p>r\u00e1j\u00f6ttem, mi nem voltam soha.<\/p>\n<p>&nbsp;<\/p>\n<p>Azt kerestem,<\/p>\n<p>mi szeretn\u00e9k lenni,<\/p>\n<p>\u00e9s r\u00e1j\u00f6ttem, mi nem leszek soha.<\/p>\n<p>&nbsp;<\/p>\n<p>Sokszor elism\u00e9teltem, hogy \u201enem vagyok\u201d,<\/p>\n<p>\u00e9s minden alkalommal elhagytam magamb\u00f3l egy darabot.<\/p>\n<p>&nbsp;<\/p>\n<p>Egy szem\u00e9thegy halmoz\u00f3dott fel.<\/p>\n<p>Feneketlen m\u00e9lys\u00e9g keletkezett.<\/p>\n<p>&nbsp;<\/p>\n<p>Gyakran csod\u00e1lkozva, k\u00e9nyelmetlen\u00fcl,<\/p>\n<p>keser\u0171s\u00e9ggel n\u00e9ztem ezt a t\u00f6k\u00e9letlen v\u00e1kuumot.<\/p>\n<p>&nbsp;<\/p>\n<p>Felmer\u00fclt bennem a k\u00e9rd\u00e9s: a felsz\u00edness\u00e9gen,<\/p>\n<p>j\u00f3lnevelts\u00e9gen \u00e9s jelent\u00e9ktelens\u00e9gen k\u00edv\u00fcl<\/p>\n<p>van-e bennem valami l\u00e9nyeges dolog?<\/p>\n<p>&nbsp;<\/p>\n<p>Azt\u00e1n egy napon r\u00e1j\u00f6ttem:<\/p>\n<p>a l\u00e9tet keresve<\/p>\n<p>a nem-l\u00e9tre tal\u00e1ltam r\u00e1,<\/p>\n<p>ami \u00f6nmag\u00e1ban t\u00f6k\u00e9letes,<\/p>\n<p>t\u00f6k\u00e9letess\u00e9g\u00e9ben alaktalan.<\/p>\n<p>&nbsp;<\/p>\n<p>Meg\u00e9rtettem ezt a s\u00f6t\u00e9t, cs\u00f6ndes \u00e9s \u00fcres teret,<\/p>\n<p>\u00e9s magamhoz \u00f6leltem:<\/p>\n<p>minden f\u00e9lelem \u00e9s \u00e9rzelem n\u00e9lk\u00fcl.<\/p>\n<p>&nbsp;<\/p>\n<p>S\u00f6t\u00e9ts\u00e9ge m\u00e9ly\u00e9n egy nap tal\u00e1n majd<\/p>\n<p>megl\u00e1thatom megcsillanni az \u00f6r\u00f6k f\u00e9nyt.<\/p>\n<p>&nbsp;<\/p>\n<p>Az abszol\u00fat csendben<\/p>\n<p>egyszer majd<\/p>\n<p>meghallhatom a Csend Hangj\u00e1t.<\/p>\n<p>&nbsp;<\/p>\n<p>Abban a csod\u00e1s, nagyszer\u0171 pillanatban<\/p>\n<p>megismerem majd Val\u00f3di L\u00e9nyemet\u2026<\/p>\n<p>&nbsp;<\/p>\n<p>mert eddig, az Eg\u00e9szt\u0151l elv\u00e1lasztva,<\/p>\n<p>sohasem voltam, nem vagyok, nem is leszek soha.<\/p>\n<p>&nbsp;<\/p>\n<p>&nbsp;<\/p>\n","protected":false},"author":1,"featured_media":10898,"template":"","meta":{"_acf_changed":false},"tags":[],"category_":[110104],"tags_english_":[],"class_list":["post-91114","logon_article","type-logon_article","status-publish","has-post-thumbnail","hentry","category_-spiritsoul-hu"],"acf":[],"_links":{"self":[{"href":"https:\/\/logon.media\/hu\/wp-json\/wp\/v2\/logon_article\/91114","targetHints":{"allow":["GET"]}}],"collection":[{"href":"https:\/\/logon.media\/hu\/wp-json\/wp\/v2\/logon_article"}],"about":[{"href":"https:\/\/logon.media\/hu\/wp-json\/wp\/v2\/types\/logon_article"}],"author":[{"embeddable":true,"href":"https:\/\/logon.media\/hu\/wp-json\/wp\/v2\/users\/1"}],"wp:featuredmedia":[{"embeddable":true,"href":"https:\/\/logon.media\/hu\/wp-json\/wp\/v2\/media\/10898"}],"wp:attachment":[{"href":"https:\/\/logon.media\/hu\/wp-json\/wp\/v2\/media?parent=91114"}],"wp:term":[{"taxonomy":"post_tag","embeddable":true,"href":"https:\/\/logon.media\/hu\/wp-json\/wp\/v2\/tags?post=91114"},{"taxonomy":"category_","embeddable":true,"href":"https:\/\/logon.media\/hu\/wp-json\/wp\/v2\/category_?post=91114"},{"taxonomy":"tags_english_","embeddable":true,"href":"https:\/\/logon.media\/hu\/wp-json\/wp\/v2\/tags_english_?post=91114"}],"curies":[{"name":"wp","href":"https:\/\/api.w.org\/{rel}","templated":true}]}}