{"id":90804,"date":"2020-07-26T17:46:24","date_gmt":"2020-07-26T17:46:24","guid":{"rendered":"https:\/\/logon.media\/logon_article\/gyogyulas-megszentelodes-egeszseg-ut-az-emberiseg-valodi-egeszsege-fele\/"},"modified":"2020-07-26T17:46:24","modified_gmt":"2020-07-26T17:46:24","slug":"gyogyulas-megszentelodes-egeszseg-ut-az-emberiseg-valodi-egeszsege-fele","status":"publish","type":"logon_article","link":"https:\/\/logon.media\/hu\/logon_article\/gyogyulas-megszentelodes-egeszseg-ut-az-emberiseg-valodi-egeszsege-fele\/","title":{"rendered":"Gy\u00f3gyul\u00e1s \u2013 megszentel\u0151d\u00e9s \u2013 eg\u00e9szs\u00e9g: \u00dat az emberis\u00e9g val\u00f3di eg\u00e9szs\u00e9ge fel\u00e9"},"content":{"rendered":"<p><strong>Az ember isteni terve<\/strong><\/p>\n<p>&nbsp;<\/p>\n<p>Az eg\u00e9sz vil\u00e1gmindens\u00e9gre \u00fagy tekinthet\u00fcnk, mint ami egy dinamikus isteni szervez\u0151d\u00e9s, egy\u00fattal olyan eleven \u00f6sszhang, ami nincs tudat\u00e1ban \u00f6nmag\u00e1nak \u00e9s olyan megnyilv\u00e1nul\u00e1sokb\u00f3l \u00e9s mozg\u00e1sokb\u00f3l \u00e1ll, melyek se nem teljesen \u201egonoszak\u201d, se nem t\u00f6k\u00e9letesen \u201ej\u00f3k\u201d. Ezt mutatj\u00e1k naprendszer\u00fcnk ellent\u00e9tes ir\u00e1nyban forg\u00f3 \u00e9gitestei is. Az univerzumban ezeknek az \u0151si term\u00e9szet\u00fckn\u00e9l fogva t\u00f6k\u00e9letesen \u00f6sszehangolt, b\u00e9k\u00e9s ellentmond\u00e1soknak a kulcspontja nem egy elvont dolog: ennek k\u00e9pvisel\u0151je az Ember! \u00dagy is mondhatjuk: az Ember, mint isteni terv, a vil\u00e1g kulcspontja &#8211; mik\u00e9ppen a szem\u00e9lyes ego az ember mikrokozmosz\u00e1nak a kulcst\u00e9nyez\u0151je. (az idea sz\u00f3 g\u00f6r\u00f6g sz\u00f3t\u00f6ve valami k\u00e9pi jellegre utal &#8211; egy \u00e1br\u00e1zol\u00e1s: <em>eidea\/eido &#8211; eidea\/eidos &#8211; idea\/k\u00e9p). &#8211; <\/em>Az\u00e9rt nevezik a vil\u00e1got kozmosznak, mert a rend, er\u0151 \u00e9s sz\u00e9ps\u00e9g t\u00f6k\u00e9letes kifejez\u0151je, ami a h\u00e1tt\u00e9rben \u00e1ll\u00f3, egyetlen, mindent \u00e1tfog\u00f3 J\u00f3s\u00e1g \u00e1ltal bontakozik ki, \u00e9s amit rend\u00edthetetlen, szeretetteljes igazs\u00e1g sug\u00e1roz sz\u00e9t \u00e9s hat \u00e1t.<\/p>\n<p>Azt lehet mondani, hogy napjainkban minden embert mag\u00e1val ragadott egy k\u00f3r, mi\u00e1ltal szinte teljesen lemondott isteni eredet\u00e9r\u0151l. Ez a makrokozmikus, kozmikus \u00e9s mikrokozmikus t\u00f6rv\u00e9nyek alapvet\u0151 harm\u00f3ni\u00e1j\u00e1t\u00f3l, m\u00e1s n\u00e9ven az <em>ok \u00e9s okozat t\u00f6rv\u00e9ny\u00e9t\u0151l<\/em> val\u00f3 meggondolatlan elt\u00e1volod\u00e1s hat\u00e1sa.<\/p>\n<p>Ezt a t\u00f6rv\u00e9nyszer\u0171s\u00e9get, amit \u00e1ltal\u00e1ban karm\u00e1nak h\u00edvunk \u2013 sajn\u00e1latos m\u00f3don a legt\u00f6bb ember valamif\u00e9le b\u00fcntet\u0151 vagy bossz\u00fa\u00e1ll\u00f3 er\u0151nek tartja. A karma val\u00f3j\u00e1ban a Szeretet egyetemes isteni t\u00f6rv\u00e9nye, ami nem csup\u00e1n a mi kozmoszunk, hanem az eg\u00e9sz univerzum egyens\u00faly\u00e1t fenntartja.<\/p>\n<p>A modern emberis\u00e9g sajnos nincsen tudat\u00e1ban ennek a harm\u00f3ni\u00e1nak mindaddig, am\u00edg j\u00f3l mennek a dolgok. Folyton megzavarja ezt a harm\u00f3ni\u00e1t, s azut\u00e1n panaszkodik az elker\u00fclhetetlen\u00fcl f\u00e1jdalmas k\u00f6vetkezm\u00e9nyek miatt. Mivel az emberi tudat az Ember isteni \u00f6tlet\u00e9t nem t\u00e1pl\u00e1lja, az \u2019\u00e9hezik\u2019, azaz felem\u00e9szti \u00f6nmag\u00e1t, mint a jelenlegi Covid v\u00edrusfert\u0151z\u00e9s eset\u00e9ben. &nbsp;[i]<\/p>\n<p>A kozmosz jelent\u00e9se a g\u00f6r\u00f6g nyelvben <em>rend, sz\u00e9ps\u00e9g, \u00e9kess\u00e9g.&nbsp; <\/em>Ez\u00e9rt mondja a <em>Corpus Hermeticum (ii), <\/em>hogy az isteni akarat elk\u00e9pzelte &#8211; l\u00e1tom\u00e1sban l\u00e1tta <em>a gy\u00f6ny\u00f6r\u0171s\u00e9ges Vil\u00e1g<\/em>ot, el\u0151sz\u00f6r mint teremt\u0151 \u0151sk\u00e9pet, majd pedig, mint anyagban megnyilv\u00e1nult univerzumot \u2013 melyben t\u00e9rid\u0151n bel\u00fcl \u00e9s k\u00edv\u00fcl minden alkot\u00f3r\u00e9sz, faj \u00e9s dimenzi\u00f3 le\u00edrhatatlanul harmonikus egy\u00fcttm\u0171k\u00f6d\u00e9sben l\u00e9tezik. <em>Teremteni <\/em>azt jelenti: <em>form\u00e1t \u00f6lteni.<\/em><\/p>\n<p>M\u00e1r a bibliai Teremt\u00e9st\u00f6rt\u00e9netben is szerepel ez az elk\u00e9pzel\u00e9s. A teremt\u0151 istenek \u2019saj\u00e1t k\u00e9p\u00fcket \u00e9s hasonlatoss\u00e1gukat\u2019 akart\u00e1k megalkotni. \u2013 Mi\u00e9rt? \u2013 Mert minden teremt\u0151 arra v\u00e1gyik, hogy elfogadj\u00e1k, \u00e9s ez\u00e1ltal ismertt\u00e9 v\u00e1ljon \u00e9s sokasodjon. Ez a \u2019k\u00e9p \u00e9s hasonlatoss\u00e1g\u2019 el\u0151sz\u00f6r a Vil\u00e1gegyetem, m\u00e1sodszor a kozmikus \u00e9letter\u00fclet, harmadszor az Ember. Mondhatn\u00e1nk \u00fagy is, hogy az Univerzum az Istens\u00e9g megnyilv\u00e1nult k\u00f6nt\u00f6se, aki val\u00f3j\u00e1ban l\u00e1thatatlan, megmagyar\u00e1zhatatlan \u00e9s felfoghatatlan marad, \u00e1m megnyilv\u00e1nul\u00e1sai \u00e1ltal megismerhet\u0151v\u00e9 teszi mag\u00e1t mindazoknak, akik buzg\u00f3s\u00e1ggal \u00e9s igaz hittel kutatnak ennek a legbels\u0151bb er\u0151nek a megismer\u00e9se ut\u00e1n.<\/p>\n<p>&nbsp;<\/p>\n<p><strong>\u00c9rts\u00fck \u00e9s \u00e9ltess\u00fck a tervet!<\/strong><\/p>\n<p>Az ember teh\u00e1t nemcsak az\u00e9rt l\u00e9tezik ebben az univerzumban, hogy szaporodjon \u00e9s uralma al\u00e1 hajtsa a F\u00f6ldet (Genezis 1-2.), hanem f\u0151k\u00e9nt az\u00e9rt, hogy Istenhez hasonlatoss\u00e1 v\u00e1ljon, ahogyan azt a K\u00edgy\u00f3 j\u00f6vend\u00f6lte a Genezis 3. r\u00e9sz\u00e9ben. A tud\u00e1s megszerz\u00e9s\u00e9hez k\u00f6t\u00f6tt felt\u00e9tel &#8211; a \u201c<em>hal\u00e1lnak hal\u00e1l\u00e1val <\/em>halsz<em>\u2019 <\/em>&#8211; nem b\u00fcntet\u00e9s, hanem els\u0151sorban kegyelem: hiszen a testi \u2019hal\u00e1l\u2019 \u00e9s az azt k\u00f6vet\u0151 \u2019sz\u00fcnet\u2019 n\u00e9lk\u00fcl, amikor feldolgozza a fizikai l\u00e9tid\u0151 sor\u00e1n \u00f6sszegy\u0171jt\u00f6tt tapasztalatainak l\u00e9nyeg\u00e9t, a l\u00e9lek nem tanulhatna, \u00e9s \u00edgy nem tudna feln\u0151ni legf\u0151bb c\u00e9lj\u00e1hoz &#8211; a mindenhat\u00f3s\u00e1ghoz \u00e9s a minden\u00fctt jelenval\u00f3s\u00e1ghoz &#8211; hogy ez\u00e1ltal hasonl\u00f3v\u00e1 v\u00e1ljon Istenhez. Ez az egyetlen m\u00f3dja annak, &#8211; ahogyan valaki tal\u00e1l\u00f3an meg\u00e1llap\u00edtotta &#8211; hogy \u2019<em>Az ember egy k\u00f6z\u00f6ss\u00e9g n\u00e9vtelen tagj\u00e1b\u00f3l fejl\u0151d\u00e9se \u00e1ltal eljusson egy\u00e9ni l\u00e9t\u00e9nek megval\u00f3s\u00edt\u00e1s\u00e1hoz, \u00e9s ez\u00e1ltal egyre nagyobb tudatoss\u00e1gra \u00e9bredjen\u2019.<\/em><\/p>\n<p>A l\u00e1that\u00f3 vil\u00e1g teh\u00e1t az Istens\u00e9g k\u00f6nt\u00f6se &#8211; egyben annak \u00f6sszefoglal\u00e1sa. Az ember pedig a vil\u00e1g \u00f6sszefoglal\u00e1sa &#8211; ez\u00e9rt nevezik mikrokozmosznak. S vajon mennyit \u00e9rt\u00fcnk mi, emberek, ebb\u0151l a \u2019kis vil\u00e1gb\u00f3l\u2019? Szinte semmit, az \u0171rutaz\u00e1s \u00e9s az atomi felbont\u00e1s\u00fa mikroszk\u00f3pok ellen\u00e9re!<\/p>\n<p>Ezen a ponton hangs\u00falyoznunk kell egy fontos t\u00e9nyt: minden megnyilv\u00e1nult \u2019dolog\u2019 vagy \u2019l\u00e9ny\u2019 kezdetben tiszta ideak\u00e9nt &#8211; tiszta Szellemk\u00e9nt l\u00e9tezik.&nbsp; Ez az idea, t\u00f6bbnyire id\u0151vel, ritk\u00e1n egy pillanat alatt, \u00e9teri form\u00e1t \u00f6lt, ami azut\u00e1n fokozatosan s\u0171r\u0171s\u00f6dik, m\u00edgnem fizikai, majd v\u00e9g\u00fcl anyagi megnyilv\u00e1nul\u00e1si form\u00e1t kap. A vil\u00e1gegyetem teh\u00e1t Isten legnagyobb eszmek\u00e9pz\u0151 erej\u00e9nek megnyilatkoz\u00e1sa fizikai, m\u00e9g ink\u00e1bb anyagi szinten: olyan nagy, hogy azt felfogni sem tudjuk. Lao-Ce \u00edrja a Tao Te King 41. aforizm\u00e1j\u00e1ban:<\/p>\n<p><em>\u2019Egy nagym\u00e9ret\u0171 ed\u00e9ny sok\u00e1ig k\u00e9sz\u00fcl. Egy nagyon nagy (vagyis m\u00e9ly) hang alig hallhat\u00f3. A legnagyobb elef\u00e1nthoz semmi nem foghat\u00f3<\/em>\u2019 (iii)<\/p>\n<p>Az Ember isteni \u00f6tlete a legnagyobb csoda, a felfoghatatlan \u00e9s kezdetben tiszt\u00e1n szellemi <em>\u2019csoda-terv\u2019, aminek Univerzum a neve\u2019! <\/em>Ezen a megnyilv\u00e1nul\u00e1son bel\u00fcl pedig a legpomp\u00e1sabb &#8211; legal\u00e1bbis eredetileg az volt &#8211; az Embernek nevezet fizikai jelens\u00e9g, mely r\u00e1ad\u00e1sul a legmagasabb rend\u0171, istenihez hasonl\u00f3 tulajdons\u00e1gokkal \u00e9s er\u0151kkel lett felruh\u00e1zva. Intu\u00edci\u00f3ja, \u00e9rtelmi k\u00e9pess\u00e9ge \u00e9s teremt\u0151 ereje folyt\u00e1n minden m\u00e1s teremtm\u00e9nyt\u0151l k\u00fcl\u00f6nb\u00f6zik. \u0150 az \u00f6t\u00f6dik birodalom a \u2019k\u00f6zismert\u2019 n\u00e9gy &#8211; elemi-, \u00e1sv\u00e1nyi-, n\u00f6v\u00e9nyi \u00e9s \u00e1llati &#8211; birodalmon f\u00f6l\u00fcl. Amiben az ember m\u00e9gis legink\u00e1bb k\u00fcl\u00f6nb\u00f6zik, az annak a lehet\u0151s\u00e9ge, hogy k\u00e9pes magasabb tudatoss\u00e1got el\u00e9rni. Ez az a cs\u00edra, ami \u00e1ltal isteniv\u00e9 v\u00e1l\u00e1sra rendeltetett.<\/p>\n<p>&nbsp;<\/p>\n<p><strong>A csoda romokban<\/strong><\/p>\n<p>Az ember &#8211; sajn\u00e1latos m\u00f3don &#8211; rendk\u00edv\u00fcl messzire t\u00e1volodott isteni, kiv\u00e1lts\u00e1gos helyzet\u00e9t\u0151l, mert elhanyagolta adotts\u00e1gait, azokat eredeti c\u00e9ljukkal ellent\u00e9tesen haszn\u00e1lta \u00e9s haszn\u00e1lja.<\/p>\n<p>Test\u00e9t a term\u00e9szetellenes t\u00e1pl\u00e1lkoz\u00e1s \u00e9s fizikai lustas\u00e1g k\u00f6vetkezt\u00e9ben hagyta le\u00e9p\u00fclni; lelk\u00e9t \u00e9s szellem\u00e9t negat\u00edv gondolatokkal, \u00e9rzelmi elt\u00e9velyed\u00e9sekkel, gy\u00f6trelmes elmezavarral \u00e9s tudatlans\u00e1ggal nyomor\u00edtotta meg. Hol vannak ma a sz\u00e1rnyal\u00f3 k\u00f6lt\u00e9szet bizony\u00edt\u00e9kai, a zseni\u00e1lis zenem\u0171vek, az ihletet kelt\u0151 m\u0171alkot\u00e1sok? &#8211; Hol vannak a k\u00f6z\u00f6sen \u00e9nekelt n\u00e9pdalok, az eml\u00e9kezetben meg\u0151rz\u00f6tt k\u00f6ltem\u00e9nyek \u00e9s ballad\u00e1k? &#8211; Hol van a m\u00edtoszok \u00e9s t\u00fcnd\u00e9rmes\u00e9k kincsest\u00e1ra &#8211; vagy legal\u00e1bb egy eszt\u00e9tikailag felemel\u0151 st\u00edlus\u00fa otthon?<\/p>\n<p>S mi lett az ember legfens\u00e9gesebb adom\u00e1ny\u00e1val: az \u00e9rtelemmel, a teremt\u0151 gondolattal \u00e9s a magasabb rend\u0171 emberi tudatoss\u00e1ggal? &#8211; Hivatalos int\u00e9zm\u00e9nyek \u00fatj\u00e1n k\u00e1ros\u00edtj\u00e1k rendszeresen \u00e9s m\u00f3dszeresen a legkisebb gyerekkort\u00f3l kezdve a s\u00edrig: iskol\u00e1kban \u00e9s egyetemeken, politikailag \u00e9s gazdas\u00e1gilag, eg\u00e9szs\u00e9gk\u00e1ros\u00edt\u00f3 gy\u00f3gyszerekkel, hal\u00e1los vakcin\u00e1kkal, l\u00e9lekbut\u00edt\u00f3 m\u00e9di\u00e1val \u00e9s t\u00f6megkommunik\u00e1ci\u00f3val!<\/p>\n<p>Mi\u00e9rt t\u00e1rgyaljuk ezt a gyal\u00e1zatot r\u00e9szleteiben? Mert mindezeket a m\u00e9rgeket, a val\u00f3di j\u00f3l-l\u00e9tnek \u00e9s a val\u00f3di eg\u00e9szs\u00e9gnek minden t\u00e9ren val\u00f3 elfojt\u00e1s\u00e1t nem csak az egy\u00e9n szenvedi el, sem csup\u00e1n a m\u00e9g gy\u00f3gy\u00edthat\u00f3 emberi k\u00f6z\u00f6ss\u00e9g, hanem az egyetemes isteni Ember-eszm\u00e9ny is k\u00e1rt szenved, amelyb\u0151l pedig a fizikai form\u00e1ban megnyilv\u00e1nult Emberis\u00e9g t\u00e9nylegesen \u00e9l, ahogyan a gyermek \u00e9l anyja kebel\u00e9n \u2013 b\u00e1r ennek nincsen tudat\u00e1ban.<\/p>\n<p>Ily m\u00f3don a F\u00f6ld nev\u0171 \u00e9l\u0151l\u00e9ny rendk\u00edv\u00fcl szenved, l\u00e9t\u00e9nek mind a h\u00e9t \u2019tagj\u00e1val\u2019 egy\u00fctt &#8211; anyagi, \u00e9teri \u00e9s szellemi vonatkoz\u00e1sban &#8211; az \u00e9rz\u00e9ketlen emberis\u00e9g elviselhetetlen m\u00e9rt\u00e9k\u0171 k\u00ednz\u00e1sa miatt! Az \u00edgy megk\u00ednzott F\u00f6ld l\u00e1that\u00f3, \u00e9rz\u00e9kelhet\u0151 \u00e9s legv\u00e9gs\u0151 figyelmeztet\u00e9se, ment\u00e1lis \u00e9s szellemi k\u00ednj\u00e1nak mintegy kivet\u00fcl\u00e9se az emberis\u00e9g testi megbeteged\u00e9se, &#8211; p\u00e9ld\u00e1ul a Covidnak nevezett vil\u00e1gj\u00e1rv\u00e1ny \u00fatj\u00e1n.<\/p>\n<p>Megfigyel\u00e9seinkkel eddig a bor\u00fas m\u00e9lypontig jutva \u00f6nk\u00e9ntelen\u00fcl f\u00f6lmer\u00fcl benn\u00fcnk a k\u00e9rd\u00e9s: van egy\u00e1ltal\u00e1n b\u00e1rmilyen orvoss\u00e1g e F\u00f6ld nev\u0171, s\u00falyosan s\u00e9r\u00fclt \u00e9l\u0151l\u00e9ny sz\u00e1m\u00e1ra? Mit tehet egy ember <em>egy\u00e9nileg<\/em> \u2013 <em>\u00e9s mit kell a k\u00f6z\u00f6ss\u00e9gnek tennie<\/em> \u2013 gondolkod\u00e1s, \u00e9rz\u00e9s \u00e9s cselekv\u00e9s ter\u00e9n, hogy \u2013 a Szellem \u00e9s az Anyag t\u00f6rv\u00e9nyeinek engedelmeskedve &#8211; valamif\u00e9le pozit\u00edv v\u00e1ltoz\u00e1s <em>t\u00f6rt\u00e9nhessen<\/em>?<\/p>\n<p>&nbsp;<\/p>\n<p><strong>Intelligens \u00e1talakul\u00e1s<\/strong><\/p>\n<p>A v\u00e1lasz a legt\u00f6bb\u00fcnk sz\u00e1m\u00e1ra a lehet\u0151 legkellemetlenebb:<\/p>\n<p>Igen, eg\u00e9szen a legutols\u00f3 pillanatig fenn\u00e1ll a megment\u00e9s lehet\u0151s\u00e9ge &#8211; ahogy a L\u00f3tr\u00f3l \u00e9s csal\u00e1dj\u00e1r\u00f3l sz\u00f3l\u00f3 bibliai elbesz\u00e9l\u00e9sben \u00e1ll. Ehhez azonban az sz\u00fcks\u00e9ges, hogy a lehet\u0151 legt\u00f6bb ember gondolkod\u00e1s\u00e1ban egy\u00e9rtelm\u0171 v\u00e1ltoz\u00e1s t\u00f6rt\u00e9njen &#8211; az eg\u00e9szs\u00e9gtelen gondolkod\u00e1st\u00f3l az eg\u00e9szs\u00e9ges mentalit\u00e1s fel\u00e9: mentalit\u00e1s &#8211; a latin Mens sz\u00f3b\u00f3l ered, ahogyan a Human sz\u00f3 is &#8211; azaz a <em>f\u00f6ldi ember<\/em>. Bele\u00e9rtve a szellemet \u00e9s az elm\u00e9t is.<\/p>\n<p>Minden eg\u00e9szs\u00e9ges embernek az \u00e9rtelemb\u0151l kellene \u00e9lnie &#8211; b\u00e1rcsak elegend\u0151 l\u00e9lek-v\u00edz, elegend\u0151 szellem-leveg\u0151 \u00e9s elegend\u0151 tudat-t\u0171z tudna n\u00f6vekedni az emberben, ahogyan ez a k\u00f6z\u00e9pkorban eg\u00e9szen term\u00e9szetes volt, s ahogyan ezt a renesz\u00e1nsz kor az egyetemeivel el\u0151mozd\u00edtotta! &#8211; A tal\u00e1lm\u00e1nyok, felfedez\u00e9sek \u00e9s a teremt\u0151 emberi l\u00e9t minden nagyszer\u0171 alkot\u00e1sa ebb\u0151l az \u00e9rtelemb\u0151l sz\u00fcletett &#8211; a zen\u00e9ben, a sz\u00e9pm\u0171v\u00e9szetben, a k\u00f6lt\u00e9szetben \u00e9s \u00edgy tov\u00e1bb: b\u0151s\u00e9gesen \u00e1radt az \u00f6ntudatos term\u00e9keny energia, vir\u00e1gzott a sz\u00e1rnyal\u00f3 fant\u00e1zia \u00e9s intu\u00edci\u00f3 \u00e1ltal, \u00e9rlel\u0151d\u00f6tt a term\u00e9keny kutat\u00e1s \u00e9s elm\u00e9lked\u00e9s \u00e1ltal: az igaz\u00e1n isteni dimenzi\u00f3k emberi alkot\u00e1sai az alkot\u00f3 teremt\u00e9s ir\u00e1nti \u00f6nfeledt odaad\u00e1sb\u00f3l eredtek. A dinamikus folyamat volt a l\u00e9nyeg, a t\u00f6rv\u00e9nyszer\u0171 v\u00e9geredm\u00e9ny pedig az ebb\u0151l sz\u00fcletett munka, \u00e9s \u201ealkot\u00f3juk\u201d mindkett\u0151nek <em>n\u00e9vtelen szolg\u00e1l\u00f3ja<\/em> volt.<\/p>\n<p>K\u00e9s\u0151bb azonban ez a teremt\u0151 gondolkod\u00e1s eltorzult: az egy\u00e9ni ego, ez a szabad szem\u00e9lyes dinamika \u00f6sszeomlott, hogy a mesters\u00e9ges intelligencia \u00f6nteremt\u0151 akarat\u00e1v\u00e1 v\u00e1ljon.<\/p>\n<p><em>\u201eAz ember k\u00e9pess\u00e9gei hat\u00e1rtalanok, amennyiben igaz\u00e1n akarja!\u201d, <\/em>mondta Gottfried Keller (1819-1890), \u00e9s teljesen igaza volt: csak azt nem mondta, hogy ez az akarat egy k\u00e9t\u00e9l\u0171 kard: ha intelligensen \u00e9s b\u00f6lcsen haszn\u00e1lj\u00e1k, akkor seg\u00edt az embernek a legnagyobb tetteket v\u00e9ghez vinnie. Ha azonban megfelel\u0151 tudatoss\u00e1g n\u00e9lk\u00fcl h\u00fazz\u00e1k ki h\u00fcvely\u00e9b\u0151l, akkor a legm\u00e9lyebb k\u00e1rhozatba vezet. A vak becsv\u00e1gy \u00e9s a hat\u00e9konys\u00e1g r\u00f6geszm\u00e9je, a lehet\u0151s\u00e9g, hogy az ember b\u00e1rmit el\u00e9rhet, ha akarja, od\u00e1ig vezetett, hogy az ember a felmagasztalt akad\u00e9miai \u201etud\u00e1sban\u201d hitt &#8211; egy olyan tud\u00e1sban, ami sz\u00fcks\u00e9gszer\u0171en mindig f\u00e9ligazs\u00e1g \u00e9s tartalmatlan marad, am\u00edg az emberi tudat l\u00e9p\u00e9st nem tart a magasabb tudati lehet\u0151s\u00e9gekkel. Az igazi j\u00f3l-l\u00e9thez \u2013 az emberis\u00e9g val\u00f3di eg\u00e9szs\u00e9g\u00e9hez, ez\u00e1ltal a meg\u00fajult kozmikus isteni Ember-eszm\u00e9nyhez val\u00f3 visszat\u00e9r\u00e9s egyetlen kulcsa a tudatoss\u00e1g!<\/p>\n<p>\u00c1m mi lehet az a legmagasabb tudatoss\u00e1g, amit k\u00e9pes el\u00e9rni az ember &#8211; s\u0151t, amit az eg\u00e9sz emberis\u00e9gnek el kell \u00e9rnie? Ez az az isteni egyetemes er\u0151r\u0151l val\u00f3 tud\u00e1s, amit minden kor b\u00f6lcsess\u00e9g-tan\u00edt\u00f3i Szeretetnek h\u00edvtak, s ami a mai vil\u00e1g sz\u00e1m\u00e1ra \u2013 t\u00f6rt\u00e9nelemt\u0151l, kult\u00far\u00e1t\u00f3l, fajt\u00f3l \u00e9s vall\u00e1sos meggy\u0151z\u0151d\u00e9st\u0151l f\u00fcggetlen\u00fcl \u2013 a Krisztus. Ez a legmagass\u00e1gosabb Isten tiszta szeretet-ereje: ami minden\u00fctt, minden ember sz\u00e1m\u00e1ra ugyanaz, s ennek megval\u00f3s\u00edt\u00e1sa csak tudatos emberek \u00e1ltal lehets\u00e9ges (\u00e9s sz\u00fcks\u00e9ges!). Ez teljesen f\u00fcggetlen att\u00f3l, hogy a jelenlegi vil\u00e1gj\u00e1rv\u00e1ny term\u00e9szetes vagy mesters\u00e9ges m\u00f3don, akaratlanul vagy sz\u00e1nd\u00e9kosan t\u00f6rt-e ki: az\u00e9rt t\u00f6rhetett ki \u00e9s ki kellett t\u00f6rnie, mert az Ember nev\u0171 kozmikus terv bel\u00fclr\u0151l \u2013&nbsp;testi mivolt\u00e1b\u00f3l kiindulva \u2013 \u00e9pp\u00fagy f\u00f6lem\u00e9sztette \u00f6nmag\u00e1t, ahogyan egy v\u00edrus falja f\u00f6l \u00e1ldozat\u00e1t. \u00c1tfog\u00f3 tudatoss\u00e1g n\u00e9lk\u00fcl, ami val\u00f3ban m\u00e9lt\u00f3v\u00e1 teszi az Ember n\u00e9vre, az emberi faj nem tehet m\u00e1st, mint hogy bel\u00fclr\u0151l f\u00f6lem\u00e9szti \u00f6nmag\u00e1t. Ez azonban azt jelenten\u00e9, hogy az Ember, mint kulcst\u00e9nyez\u0151, mint tengely megsemmis\u00fclne \u00e9s ez\u00e1ltal a F\u00f6ld bolyg\u00f3 f\u00f6l\u00f6slegess\u00e9 v\u00e1lna. Nem maradna m\u00e1s sz\u00e1m\u00e1ra, minthogy feloszlassa \u00f6nmag\u00e1t &#8211; el\u0151sz\u00f6r \u00e9teri felh\u0151v\u00e9 alakulva, azt\u00e1n fokozatosan elhalv\u00e1nyul\u00f3 &#8211; vagy egy teljesen \u00faj \u201e\u0150sk\u00e9pp\u00e9\u201d v\u00e1lva.<\/p>\n<p>Ha azonban az ember megtal\u00e1lja ehhez a magasabb tudathoz vezet\u0151 utat, most, akkor az eg\u00e9sz emberis\u00e9g magasabb szintre emelkedik \u2013 egy olyan szintre, amit ma csak kevesen tudnak elk\u00e9pzelni. A meg\u00fajult emberis\u00e9g fizikai megnyilv\u00e1nul\u00e1s\u00e1nak r\u00e9sz\u00e9v\u00e9 v\u00e1lik a Szellem \u00e9s a l\u00e9lek, majd eg\u00e9szs\u00e9ges l\u00e9tez\u00e9s\u00e9vel belesz\u00f6v\u0151dik a val\u00f3di egyetemes Krisztus tudat. Ez a gy\u00f3gy\u00edt\u00f3 \u00e9s szentel\u0151 er\u0151 akkor a gondolkod\u00e1s, \u00e9rz\u00e9s, k\u00e9pzelet \u00e9s ihlet \u00faj dimenzi\u00f3it nyitja meg szabad akaratot \u00e9s m\u0171k\u00f6d\u00e9st biztos\u00edtva az embernek, hogy ez a jelenleg besti\u00e1lis m\u00f3don viselked\u0151 humanoid faj v\u00e9gre ki\u00e9rdemelje az Ember nevet!<\/p>\n<p>Amit most tehet\u00fcnk, az az, hogy seg\u00edts\u00fcnk sokaknak meg\u00e9rtetni az Ember ide\u00e1j\u00e1t, hogy az v\u00e9gre hely\u00e9re ker\u00fclj\u00f6n, mint embri\u00f3 az anyam\u00e9hben, val\u00f3di emberi tudatoss\u00e1gg\u00e1 \u00e9rlel\u0151dj\u00f6n. &nbsp;Mindenekel\u0151tt hinn\u00fcnk kell abban, hogy amikor \u00fajra a k\u00f6z\u00f6ss\u00e9gi \u00e9let kap teret a Covidnak nevezett vil\u00e1gj\u00e1rv\u00e1ny sokr\u00e9t\u0171 hat\u00e1sa ut\u00e1n, tal\u00e1n megtanuljuk a leck\u00e9t \u00e9s nem t\u00e9r\u00fcnk \u201evissza a szok\u00e1sainkhoz\u201d &#8211; ami azt jelenten\u00e9, hogy \u201eVissza a szok\u00e1sos tudatlans\u00e1ghoz!\u201d<\/p>\n<p>Akkor v\u00e9get \u00e9rnek az \u00f6nz\u00e9s \u00e9vsz\u00e1zadai, hogy egy val\u00f3ban emberi k\u00f6z\u00f6ss\u00e9g ember-isteni sug\u00e1rz\u00e1sa (ahogy az kezdetben volt) \u00faj harm\u00f3ni\u00e1ban \u00e9s \u00faj k\u00f6nt\u00f6sben vir\u00e1gozhasson Isten, a Vil\u00e1g \u00e9s egy val\u00f3di Emberis\u00e9g \u00faj tudatoss\u00e1ga \u00e1ltal!<\/p>\n<p>&nbsp;<\/p>\n<p>&nbsp;<\/p>\n<p>[i]&nbsp;Max Heindel: <em>A eg\u00e9szs\u00e9g \u00e9s gy\u00f3gy\u00edt\u00e1s okkult elemei<\/em>.<\/p>\n<p>[ii] Corpus Hermeticum, Marsilio Ficino (1468) latin ford\u00edt\u00e1sa in its incunabulum&nbsp;1503-as incunabulum (\u0151snyomtatv\u00e1ny), jelenleg facsimile. Latin \u00e9s n\u00e9met t\u00fck\u00f6rford\u00edt\u00e1s, illusztr\u00e1lt. &#8211; ISBN: 9783-952 4262 41.<\/p>\n<p>[iii] Lao-Tse: Dao-De-Ging (<em>Tao-Te-King<\/em>) \u2013 A gn\u00f3zis a r\u00e9gi K\u00edn\u00e1ban. \u2013 k\u00ednaib\u00f3l n\u00e9metre ford\u00edtotta, korunk sz\u00e1m\u00e1ra h\u00e1rom szinten magyar\u00e1zta \u00e9s jegyzetekkel l\u00e1tta el Pierre Martin<\/p>\n<p>A Tao Te King 41. vers\u00e9b\u0151l vett id\u00e9zet: \u201e<em>A v\u00e9gtelen ed\u00e9ny k\u00e9szen soha sincsen, a v\u00e9gtelen zeng\u00e9snek hangja nincsen, a v\u00e9gtelen k\u00e9pnek form\u00e1ja nincsen<\/em>\u2026\u201d [We\u00f6res S\u00e1ndor ford.]<\/p>\n","protected":false},"author":920,"featured_media":9673,"template":"","meta":{"_acf_changed":false},"tags":[],"category_":[110104],"tags_english_":[],"class_list":["post-90804","logon_article","type-logon_article","status-publish","has-post-thumbnail","hentry","category_-spiritsoul-hu"],"acf":[],"_links":{"self":[{"href":"https:\/\/logon.media\/hu\/wp-json\/wp\/v2\/logon_article\/90804","targetHints":{"allow":["GET"]}}],"collection":[{"href":"https:\/\/logon.media\/hu\/wp-json\/wp\/v2\/logon_article"}],"about":[{"href":"https:\/\/logon.media\/hu\/wp-json\/wp\/v2\/types\/logon_article"}],"author":[{"embeddable":true,"href":"https:\/\/logon.media\/hu\/wp-json\/wp\/v2\/users\/920"}],"wp:featuredmedia":[{"embeddable":true,"href":"https:\/\/logon.media\/hu\/wp-json\/wp\/v2\/media\/9673"}],"wp:attachment":[{"href":"https:\/\/logon.media\/hu\/wp-json\/wp\/v2\/media?parent=90804"}],"wp:term":[{"taxonomy":"post_tag","embeddable":true,"href":"https:\/\/logon.media\/hu\/wp-json\/wp\/v2\/tags?post=90804"},{"taxonomy":"category_","embeddable":true,"href":"https:\/\/logon.media\/hu\/wp-json\/wp\/v2\/category_?post=90804"},{"taxonomy":"tags_english_","embeddable":true,"href":"https:\/\/logon.media\/hu\/wp-json\/wp\/v2\/tags_english_?post=90804"}],"curies":[{"name":"wp","href":"https:\/\/api.w.org\/{rel}","templated":true}]}}