{"id":90796,"date":"2020-07-19T21:05:27","date_gmt":"2020-07-19T21:05:27","guid":{"rendered":"https:\/\/logon.media\/logon_article\/talan-egy-ember-is\/"},"modified":"2020-07-19T21:05:27","modified_gmt":"2020-07-19T21:05:27","slug":"talan-egy-ember-is","status":"publish","type":"logon_article","link":"https:\/\/logon.media\/hu\/logon_article\/talan-egy-ember-is\/","title":{"rendered":"Tal\u00e1n egy ember is"},"content":{"rendered":"<p><strong>\u00c9N VAGYOK A FA \u00c9S AZ \u00c1RNY\u00c9KA<\/strong><\/p>\n<p>&nbsp;<\/p>\n<p>\u00c9n vagyok a fa \u00e9s annak<\/p>\n<p>\u00e9l\u0151, l\u00e9legz\u0151 \u00e1rny\u00e9ka,<\/p>\n<p>a sz\u00e1rnyaiba \u00f6lt\u00f6z\u0151 mad\u00e1r,<\/p>\n<p>a r\u00f3zsa fogoly hajt\u00e1sai,<\/p>\n<p>\u00e9s az \u0151 csendj\u00fck,<\/p>\n<p>a reggel k\u00f6nny\u0171 harmata,&nbsp;&nbsp;&nbsp; &nbsp;&nbsp;<\/p>\n<p>az \u00e9g pusztas\u00e1ga,<\/p>\n<p>melyet feh\u00e9rre fest<\/p>\n<p>az \u00e1lmok kim\u00e9r\u00e1ival,<\/p>\n<p>&nbsp;<\/p>\n<p>a halak \u00e9s gyerekek<\/p>\n<p>vizben \u00fasz\u00f3 nevet\u00e9se is,<\/p>\n<p>az es\u0151, ami s\u00f6t\u00e9t k\u00f6nnyekk\u00e9nt mossa el<\/p>\n<p>a szeretet kem\u00e9ny \u00e1rnyait,<\/p>\n<p>a t\u00fckreivel egy\u00fctt,<\/p>\n<p>\u00e9s az id\u0151 is, &nbsp;ami t\u00fal\u00e9li test\u00fcnket \u00e9s a sz\u00f3t,<\/p>\n<p>miut\u00e1n meghalunk,<\/p>\n<p>&nbsp;<\/p>\n<p>\u00e9s tal\u00e1n egy ember is.<\/p>\n<p>&nbsp;<\/p>\n<p>&nbsp;<\/p>\n<p><strong>BESZ\u00c9LNI AKAROK MA<\/strong><\/p>\n<p>&nbsp;<\/p>\n<p>Besz\u00e9lni akarok ma,<\/p>\n<p>szemt\u0151l szembe<\/p>\n<p>azzal,<\/p>\n<p>aki a v\u00e9remben lakik,<\/p>\n<p>de a vele val\u00f3<\/p>\n<p>tal\u00e1lkoz\u00e1s<\/p>\n<p>\u00e1mulata sz\u00f3tlann\u00e1 tesz,<\/p>\n<p>amikor l\u00e1tom<\/p>\n<p>hogy \u00e9szrev\u00e9tlen\u00fcl<\/p>\n<p>bel\u00e9m k\u00f6lt\u00f6z\u00f6tt.<\/p>\n<p>S amikor hallom,<\/p>\n<p>ahogy k\u00f6nnyed\u00e9n<\/p>\n<p>hozz\u00e1m l\u00e9p,<\/p>\n<p>szeretn\u00e9k sietve v\u00e1laszolni<\/p>\n<p>neki,<\/p>\n<p>de elvak\u00edt<\/p>\n<p>a f\u00e9ny,<\/p>\n<p>ami oly \u00e9des \u00e9s tiszta,<\/p>\n<p>hogy \u00e9szre sem veszem<\/p>\n<p>a boldogs\u00e1got,<\/p>\n<p>amit hirdet.<\/p>\n<p>&nbsp;<\/p>\n<p>&nbsp;<\/p>\n<p><strong>AZ ID\u0150K HOM\u00c1LY\u00c1BA VESZVE<\/strong><\/p>\n<p>&nbsp;<\/p>\n<p>Az id\u0151k hom\u00e1ly\u00e1ba burkol\u00f3zik,<\/p>\n<p>a hajnal pisl\u00e1kol\u00f3 f\u00e9nyei k\u00f6z\u00f6tt,<\/p>\n<p>\u00e9s az illat, ami a mag\u00e1nyb\u00f3l<\/p>\n<p>\u00e9s a narancsf\u00e1kb\u00f3l \u00e1rad,<\/p>\n<p>mint egy f\u00e1radt eb, a holdra ugat.<\/p>\n<p>&nbsp;<\/p>\n<p>Medd\u0151 szavak peregnek ajkain,<\/p>\n<p>ahogy a napok egyre m\u00falnak,<\/p>\n<p>\u00e9s a friss erdei f\u0171 elsz\u00e1rad,<\/p>\n<p>mint az elfeledett ifj\u00fas\u00e1g, mely test\u00e9ben virult.<\/p>\n<p>&nbsp;<\/p>\n<p>\u00c1m a sz\u00edv ellen\u00e1ll, id\u0151t k\u00e9r a l\u00e9legzet:<\/p>\n<p>a s\u00e9r\u00fclt ember felfel\u00e9 tekint,<\/p>\n<p>f\u00e1radtan a magasba n\u00e9z.<\/p>\n<p>&nbsp;<\/p>\n<p>&nbsp;<\/p>\n<p><strong>NEM TUDOM<\/strong><\/p>\n<p>&nbsp;<\/p>\n<p>Nem tudom,<\/p>\n<p>tal\u00e1n ideje lenne<\/p>\n<p>levenni a h\u00e1lyogot az ember szem\u00e9r\u0151l,<\/p>\n<p>megsz\u00fcntetni az unalmas h\u00e9tk\u00f6znapokat,<\/p>\n<p>\u00e9s azokhoz a szavakhoz fordulni, melyek f\u00e9nyt adnak<\/p>\n<p>a szomor\u00fa h\u00e1znak, melyben b\u00f6lcs\u0151nkt\u0151l fogva lakunk,<\/p>\n<p>\u00e9s mez\u00edtl\u00e1b visszat\u00e9rni azokhoz a r\u00e9gi t\u00e1jakhoz,<\/p>\n<p>melyeket \u00e9letr\u0151l \u00e9letre vonszol az eml\u00e9kezet.<\/p>\n<p>&nbsp;<\/p>\n<p>Nem tudom,<\/p>\n<p>tal\u00e1n itt az ideje,<\/p>\n<p>hogy a feh\u00e9r galambok<\/p>\n<p>k\u00f6rbefonj\u00e1k sz\u00edv\u00fcnket sz\u00e1rnyaikkal,<\/p>\n<p>\u00e9s a magasztos jelz\u0151f\u00e9ny \u00e9s \u00e1ttetsz\u0151s\u00e9g \u00e1ltal<\/p>\n<p>f\u00e9nny\u00e9 v\u00e1lva ler\u00e1zni a hal\u00e1l sz\u00ednes \u00e1lmait.<\/p>\n<p>&nbsp;<\/p>\n<p>&nbsp;<\/p>\n<p><strong>AZ \u00c9LET TOV\u00c1BB \u00c9L ARCUNKON<\/strong><\/p>\n<p>&nbsp;<\/p>\n<p>Az \u00e9let tov\u00e1bb \u00e9l arcunkon,<\/p>\n<p>ahogy a k\u00e1pr\u00e1zat tov\u00e1bb \u00e9l<\/p>\n<p>az esetlen \u00e1rnyakban,<\/p>\n<p>melyek sz\u00ednlelik a hal\u00e1lt.<\/p>\n<p>&nbsp;<\/p>\n<p>\u00d6r\u00f6mmel l\u00e9legzem be h\u00e1t a napf\u00e9nyt,<\/p>\n<p>a nap vir\u00e1g\u00e1t.<\/p>\n<p>A f\u00e9ny sz\u00fcntelen,<s> <\/s><\/p>\n<p>a hajnal is, ami \u00f6r\u00f6kre \u00e9lteti a f\u00e9nyt,<\/p>\n<p>a szem megvakul, ha nem \u00fcdv\u00f6zli<\/p>\n<p>a madarak boldogs\u00e1g\u00e1t,<\/p>\n<p>az \u00e1rtatlans\u00e1got,<\/p>\n<p>a langymeleg l\u00fcktet\u00e9st, a szeret\u0151 l\u00e9lek<\/p>\n<p>\u00e1raml\u00e1s\u00e1t, a testet.<\/p>\n<p>&nbsp;<\/p>\n<p>&nbsp;<\/p>\n<p><strong>SZERETN\u00c9M, HA TUDN\u00c1D<\/strong><\/p>\n<p>&nbsp;<\/p>\n<p>Szeretn\u00e9m, ha tudn\u00e1d,<\/p>\n<p>t\u00f6bb\u00e9 nem vagy f\u00e9ny,<\/p>\n<p>f\u00f6ld \u00e9s \u00e1rny\u00e9k lett\u00e9l,<\/p>\n<p>test a hal\u00e1l karmaiban,<\/p>\n<p>de ne b\u00e1nk\u00f3dj, pajt\u00e1s,<\/p>\n<p>v\u00e1ltozatlanul \u00e9l m\u00e9g a r\u00f3zsa,<\/p>\n<p>ami majd el\u0171zi szemedr\u0151l a s\u00f6t\u00e9ts\u00e9get.<\/p>\n<p>&nbsp;<\/p>\n","protected":false},"author":1,"featured_media":9637,"template":"","meta":{"_acf_changed":false},"tags":[],"category_":[110065],"tags_english_":[],"class_list":["post-90796","logon_article","type-logon_article","status-publish","has-post-thumbnail","hentry","category_-art-hu"],"acf":[],"_links":{"self":[{"href":"https:\/\/logon.media\/hu\/wp-json\/wp\/v2\/logon_article\/90796","targetHints":{"allow":["GET"]}}],"collection":[{"href":"https:\/\/logon.media\/hu\/wp-json\/wp\/v2\/logon_article"}],"about":[{"href":"https:\/\/logon.media\/hu\/wp-json\/wp\/v2\/types\/logon_article"}],"author":[{"embeddable":true,"href":"https:\/\/logon.media\/hu\/wp-json\/wp\/v2\/users\/1"}],"wp:featuredmedia":[{"embeddable":true,"href":"https:\/\/logon.media\/hu\/wp-json\/wp\/v2\/media\/9637"}],"wp:attachment":[{"href":"https:\/\/logon.media\/hu\/wp-json\/wp\/v2\/media?parent=90796"}],"wp:term":[{"taxonomy":"post_tag","embeddable":true,"href":"https:\/\/logon.media\/hu\/wp-json\/wp\/v2\/tags?post=90796"},{"taxonomy":"category_","embeddable":true,"href":"https:\/\/logon.media\/hu\/wp-json\/wp\/v2\/category_?post=90796"},{"taxonomy":"tags_english_","embeddable":true,"href":"https:\/\/logon.media\/hu\/wp-json\/wp\/v2\/tags_english_?post=90796"}],"curies":[{"name":"wp","href":"https:\/\/api.w.org\/{rel}","templated":true}]}}