{"id":90790,"date":"2020-07-19T20:54:04","date_gmt":"2020-07-19T20:54:04","guid":{"rendered":"https:\/\/logon.media\/logon_article\/szent-gyorgy-es-a-sarkany-ezoterikus-ertelmezese\/"},"modified":"2020-07-19T20:54:04","modified_gmt":"2020-07-19T20:54:04","slug":"szent-gyorgy-es-a-sarkany-ezoterikus-ertelmezese","status":"publish","type":"logon_article","link":"https:\/\/logon.media\/hu\/logon_article\/szent-gyorgy-es-a-sarkany-ezoterikus-ertelmezese\/","title":{"rendered":"Szent Gy\u00f6rgy \u00e9s a s\u00e1rk\u00e1ny ezoterikus \u00e9rtelmez\u00e9se"},"content":{"rendered":"<p>A legenda kappad\u00f3kiai Gy\u00f6rgy szem\u00e9ly\u00e9n alapul, aki valamikor az i. sz. harmadik sz\u00e1zadban sz\u00fcletett. A k\u00e9s\u0151bbi szent, akit I. Gelazius p\u00e1pa 494-ben avatott szentt\u00e9, egy gazdag, r\u00f3mai, kereszt\u00e9ny csal\u00e1d sarja volt.<\/p>\n<p>Legend\u00e1j\u00e1t, melynek k\u00fcl\u00f6nb\u00f6z\u0151 v\u00e1ltozatai vannak, a k\u00f6vetkez\u0151k\u00e9ppen lehetne r\u00f6viden elmondani: Silca(?) tartom\u00e1ny\u00e1t egy t\u00fczes s\u00e1rk\u00e1ny tartotta retteg\u00e9sben, amelyik gyermekeket, fiatalokat \u00e9s n\u0151ket \u00f6lt meg. Egy nap a s\u00e1rk\u00e1ny Silene kir\u00e1ly\u00e1nak le\u00e1ny\u00e1t k\u00f6vetelte mag\u00e1nak. Az uralkod\u00f3 ellenszeg\u00fclt a k\u00e9r\u00e9snek \u00e9s az \u00f6sszes vagyon\u00e1t felaj\u00e1nlotta l\u00e1nya \u00e9let\u00e9\u00e9rt cser\u00e9be. Ennek hallat\u00e1n az emberek felh\u00e1borodtak \u00e9s azt k\u00f6vetelt\u00e9k a kir\u00e1lyt\u00f3l, hogy adja oda a l\u00e1ny\u00e1t. Az uralkod\u00f3, hogy alattval\u00f3it megb\u00e9k\u00edtse, beleegyezett, hogy \u00e1tadja a l\u00e1ny\u00e1t a s\u00e1rk\u00e1nynak. L\u00e1ny\u00e1t, miut\u00e1n meg\u00e1ldotta, a v\u00e1ros falain k\u00edv\u00fcl hagyta a s\u00e1rk\u00e1ny pr\u00e9d\u00e1j\u00e1ul. Ekkor \u00e9rkezett Gy\u00f6rgy a v\u00e1ros kapuj\u00e1hoz \u00e9s megk\u00e9rdezte a fiatal hajadont, hogy mi\u00e9rt s\u00edr. A lovag, amikor megtudta mir\u0151l van sz\u00f3, felaj\u00e1nlotta seg\u00edts\u00e9g\u00e9t a hercegn\u0151nek. Amikor a s\u00e1rk\u00e1ny meg\u00e9rkezett, Gy\u00f6rgy kih\u00fazta a kardj\u00e1t \u00e9s h\u00f3feh\u00e9r parip\u00e1ja h\u00e1t\u00e1n szembesz\u00e1llt a s\u00e1rk\u00e1nnyal. A szent heves harc ut\u00e1n legy\u0151zte a besti\u00e1t.<\/p>\n<p>A legenda egy\u00e9rtelm\u0171en azokhoz a k\u00fcl\u00f6nb\u00f6z\u0151 lovagi rendekhez kapcsol\u00f3dik, amelyek a keresztes hadj\u00e1ratokban, valamint a kereszt\u00e9nyek hitetlenekkel szembeni v\u00e9delmez\u00e9s\u00e9ben vettek r\u00e9szt. Azokra a \u201ehihetetlen k\u00fcl\u00f6ncs\u00e9gekkel \u00e9s csod\u00e1kkal teli\u201d apokrif t\u00f6rt\u00e9netekre is eml\u00e9keztet, melyek az \u201eActa Sanctorum\u201d-ban (A szentek cselekedeteiben), a szentek k\u00fcl\u00f6nb\u00f6z\u0151 hagyom\u00e1nyainak gy\u0171jtem\u00e9ny\u00e9ben ker\u00fcltek feljegyz\u00e9sre, melyeket 1643-t\u00f3l kezdtek egybegy\u0171jteni.<\/p>\n<p>\u00c9rdekes, hogy a m\u00edtosz, ahogy Katal\u00e1n f\u00f6ld\u00f6n \u00fcnneplik, a R\u00f3zsa (az emberben l\u00e9v\u0151 szellemi elv jelk\u00e9pe), valamint a K\u00f6nyv (b\u00f6lcsess\u00e9g) \u00fcnnep\u00e9hez kapcsol\u00f3dik, egy olyan esem\u00e9nyhez, melynek sor\u00e1n Szent Gy\u00f6rgyr\u0151l (m\u00e1rcius 23.) is megeml\u00e9keznek.<\/p>\n<p>Szent Gy\u00f6rgy \u00e9s a s\u00e1rk\u00e1ny legend\u00e1j\u00e1nak rejtett ezoterikus jelent\u00e9se van, melyet megpr\u00f3b\u00e1lunk vil\u00e1goss\u00e1 tenni. N\u00e9zz\u00fck el\u0151sz\u00f6r a s\u00e1rk\u00e1ny jelk\u00e9prendszer\u00e9t. A s\u00e1rk\u00e1ny (a latin draco a g\u00f6r\u00f6g drakon \u201ek\u00edgy\u00f3\u201d sz\u00f3b\u00f3l sz\u00e1rmazik) k\u00fcl\u00f6nb\u00f6z\u0151 kult\u00far\u00e1k k\u00fcl\u00f6nb\u00f6z\u0151 jelk\u00e9prendszereit foglalja mag\u00e1ba. A g\u00f6r\u00f6g kult\u00far\u00e1ban \u00e9rdekes m\u00f3don kincs\u0151rz\u0151 \u00e1llatk\u00e9nt szerepel: Ladon, a sz\u00e1zfej\u0171 s\u00e1rk\u00e1ny, a Heszperid\u00e1k kertj\u00e9nek aranyalm\u00e1it \u0151rizte; Fafn\u00edr pedig, melynek v\u00e9re Szigfridet szinte s\u00e9rthetetlenn\u00e9 tette \u00e9s a b\u00f6lcsess\u00e9ggel \u00e1llt kapcsolatban (k\u00edgy\u00f3sbot, Uroboros \/a saj\u00e1t fark\u00e1ba harap\u00f3 k\u00edgy\u00f3 \u2013 ford. mj.\/\u2026), a N\u00edbelungok kincseit \u0151rizte az \u00e9szaki mitol\u00f3gi\u00e1ban; Indi\u00e1ban Agnival, a t\u0171z v\u00e9dikus isten\u00e9vel azonos\u00edtj\u00e1k. A s\u00e1rk\u00e1nyt azonban d\u00e9moni, gonosz, puszt\u00edt\u00f3 \u00e9s istentelen er\u0151kkel is \u00f6sszef\u00fcgg\u00e9sbe hozz\u00e1k (Levi\u00e1t\u00e1n, Culebre\/\u00f3ri\u00e1s, sz\u00e1rnyas s\u00e1rk\u00e1nyk\u00edgy\u00f3 \u2013 ford. mj.\/\u2026).<\/p>\n<p>L\u00e1tjuk teh\u00e1t, hogy a s\u00e1rk\u00e1ny egyike azon mitol\u00f3giai \u00e1llatoknak, melyek a legnagyobb jelk\u00e9prendszerrel rendelkeznek. Ez a jelk\u00e9prendszer akkor v\u00e1lik vil\u00e1goss\u00e1, ha felismerj\u00fck, hogy a s\u00e1rk\u00e1ny, illetve a sz\u00e1rnyas k\u00edgy\u00f3 azt a k\u00edgy\u00f3t\u00fczet jelk\u00e9pezi, ami h\u00e9t csakr\u00e1j\u00e1val az ember agy\u00e1n \u00e9s gerincrendszer\u00e9n fut kereszt\u00fcl. Hiszen a s\u00e1rk\u00e1nyt a m\u00edtoszokban is h\u00e9t fejjel jelen\u00edtik meg.<\/p>\n<p>Szeretn\u00e9nk megjegyezni, hogy val\u00f3j\u00e1ban k\u00e9tf\u00e9le k\u00edgy\u00f3t\u0171z \u00e9s h\u00e1rom \u201ekundal\u00edni\u201d forr\u00e1s l\u00e9tezik. Amikor Kundal\u00ednir\u0151l besz\u00e9l\u00fcnk, \u00e1ltal\u00e1ban arra a l\u00e1thatatlan energi\u00e1ra utalunk k\u00edgy\u00f3, illetve s\u00e1rk\u00e1ny form\u00e1j\u00e1ban, ami \u00f6sszetekeredve szunnyad a gy\u00f6k\u00e9rcsakr\u00e1ban, \u00e9s aminek a fel\u00e9breszt\u00e9se k\u00fcl\u00f6nb\u00f6z\u0151 okkult er\u0151k (tiszt\u00e1nl\u00e1t\u00e1s, stb.) megszerz\u00e9s\u00e9t teszi lehet\u0151v\u00e9. Ez a gy\u00f6k\u00e9rcsakra \u201ekundal\u00edni\u201d olyan hatalmas \u00e9s ir\u00e1ny\u00edthatatlan er\u0151vel rendelkezik, hogy k\u00f6nnyen elszabadulhat \u00e9s mind fizikai, mind lelki szinten puszt\u00edt\u00f3 er\u0151v\u00e9 v\u00e1lhat. Ez az a puszt\u00edt\u00f3 s\u00e1rk\u00e1ny, ami gyerekeket \u00e9s fiatalokat (azokat, akik m\u00e9g szellemileg \u00e9retlenek), valamint ifj\u00fa hercegn\u0151ket (a l\u00e9lek) fal fel. A lovagnak (a beavatottnak), akit p\u00e1nc\u00e9lja v\u00e9delmez, karddal (a Szellem jelk\u00e9p\u00e9vel) a kez\u00e9ben kell szembesz\u00e1llnia ezzel a hatalmas er\u0151vel \u00e9s le kell gy\u0151znie. Hogyan t\u00f6rt\u00e9nik ez? Ennek a folyamatnak a r\u00e9szletez\u00e9s\u00e9hez olyan magyar\u00e1zatokra lenne sz\u00fcks\u00e9g, ami m\u00e1shol megtal\u00e1lhat\u00f3, teh\u00e1t csak arra szor\u00edtkozunk, hogy a tapasztalt jel\u00f6lt soha sem a gy\u00f6k\u00e9rcsakra \u201ekundal\u00ednit\u201d \u00e9breszti fel els\u0151k\u00e9nt, hanem figyelm\u00e9t el\u0151sz\u00f6r a sz\u00edv \u201ekundal\u00ednij\u00e9re\u201d, majd a fej \u201ekundal\u00ednij\u00e9re\u201d \u00f6sszpontos\u00edtja. Ha egyszer ez a k\u00e9t szellemi er\u0151 fel\u00e9bred, akkor k\u00e9szen \u00e1ll arra, hogy szembesz\u00e1lljon a gy\u00f6k\u00e9rcsakra \u201ekundal\u00ednij\u00e9vel\u201d, melynek legy\u0151z\u00e9se a l\u00e9ny teljes \u00e1talakul\u00e1s\u00e1hoz vezet.<\/p>\n<p>Meg\u00e1llap\u00edthatjuk teh\u00e1t, hogy Szent Gy\u00f6rgy k\u00fczdelme a s\u00e1rk\u00e1nnyal, a beavat\u00e1si folyamatnak arra a r\u00e9sz\u00e9re utal, melynek sor\u00e1n a jel\u00f6ltnek meg kell szabadulnia mindazokt\u00f3l a b\u00e9kly\u00f3kt\u00f3l, melyek mikrokozmikus ter\u00e9ben \u201ekarmak\u00e9nt\u201d felgy\u00fclemlettek. Ha a s\u00e1rk\u00e1ny elpusztul, v\u00e9re (a Szellem \u00e1ltal meg\u00fajult k\u00edgy\u00f3t\u0171z) a halhatatlans\u00e1g elix\u00edr\u00e9ben r\u00e9szes\u00edti a jel\u00f6ltet.<\/p>\n","protected":false},"author":1,"featured_media":9616,"template":"","meta":{"_acf_changed":false},"tags":[],"category_":[110078],"tags_english_":[],"class_list":["post-90790","logon_article","type-logon_article","status-publish","has-post-thumbnail","hentry","category_-livingpast-hu"],"acf":[],"_links":{"self":[{"href":"https:\/\/logon.media\/hu\/wp-json\/wp\/v2\/logon_article\/90790","targetHints":{"allow":["GET"]}}],"collection":[{"href":"https:\/\/logon.media\/hu\/wp-json\/wp\/v2\/logon_article"}],"about":[{"href":"https:\/\/logon.media\/hu\/wp-json\/wp\/v2\/types\/logon_article"}],"author":[{"embeddable":true,"href":"https:\/\/logon.media\/hu\/wp-json\/wp\/v2\/users\/1"}],"wp:featuredmedia":[{"embeddable":true,"href":"https:\/\/logon.media\/hu\/wp-json\/wp\/v2\/media\/9616"}],"wp:attachment":[{"href":"https:\/\/logon.media\/hu\/wp-json\/wp\/v2\/media?parent=90790"}],"wp:term":[{"taxonomy":"post_tag","embeddable":true,"href":"https:\/\/logon.media\/hu\/wp-json\/wp\/v2\/tags?post=90790"},{"taxonomy":"category_","embeddable":true,"href":"https:\/\/logon.media\/hu\/wp-json\/wp\/v2\/category_?post=90790"},{"taxonomy":"tags_english_","embeddable":true,"href":"https:\/\/logon.media\/hu\/wp-json\/wp\/v2\/tags_english_?post=90790"}],"curies":[{"name":"wp","href":"https:\/\/api.w.org\/{rel}","templated":true}]}}