{"id":90545,"date":"2020-05-15T19:32:37","date_gmt":"2020-05-15T19:32:37","guid":{"rendered":"https:\/\/logon.media\/logon_article\/a-valodi-ujjaszuletes\/"},"modified":"2020-05-15T19:32:37","modified_gmt":"2020-05-15T19:32:37","slug":"a-valodi-ujjaszuletes","status":"publish","type":"logon_article","link":"https:\/\/logon.media\/hu\/logon_article\/a-valodi-ujjaszuletes\/","title":{"rendered":"A val\u00f3di \u00fajj\u00e1sz\u00fclet\u00e9s"},"content":{"rendered":"<p><em>\u201eAmi fent van, megfelel annak, ami lent van \u00e9s ami lent van, megfelel annak, ami fent van, ez az Egynek a csod\u00e1s m\u0171ve.\u201d<\/em> &#8211; Herm\u00e9sz Triszmegisztosz<\/p>\n<p>A \u201eSmaragdt\u00e1bla\u201d (keletkez\u00e9se a 8. vagy 9. sz\u00e1zadra vezethet\u0151 vissza \u00e9s az alk\u00edmia spiritu\u00e1lis alapj\u00e1nak tekinthet\u0151) vil\u00e1gosan a mikrokozmosz (a kis vil\u00e1g, <em>minutus<\/em> <em>mundus<\/em>) fogalm\u00e1ra utal, ami szorosan a makrokozmoszhoz kapcsol\u00f3dik.<\/p>\n<p>L\u00e1tjuk teh\u00e1t, hogy a kicsi r\u00e1vet\u00fcl a nagyra \u00e9s viszont, a kozmosz (a makrokozmikus vil\u00e1gegyetem) sug\u00e1rz\u00f3 ereje a kis vil\u00e1gban (a mikrokozmosz val\u00f3s\u00e1g\u00e1ban), melyben az emberi szem\u00e9lyis\u00e9g helyet foglal, t\u00fckr\u00f6z\u0151dik. S ezt a j\u00f3l ismert delphi mond\u00e1s is igazolja: <em>\u201eAz istenek kincsei rejlenek benned \u2013 \u00f3 ember, ismerd meg \u00f6nmagad \u00e9s akkor megismered a vil\u00e1gegyetemet \u00e9s az isteneket.\u201d<\/em><\/p>\n<p>Mi teh\u00e1t a mikrokozmosz?<\/p>\n<p>A g\u00f6r\u00f6g filoz\u00f3fus, Demokritosz, i. e. 300-ban m\u00e1r megk\u00f6zel\u00edtette ezt az elemet, amikor az atom fogalm\u00e1r\u00f3l besz\u00e9lt.<\/p>\n<p>Demokritosz le\u00edr\u00e1sa szerint az arch\u00e9 (\u1f00\u03c1\u03c7\u03ae), az \u0151sanyag \u2013 az egyidej\u0171leg keletkez\u0151 \u00e9s megtart\u00f3 elem \u2013 a v\u00e1ltozatlan, \u00f6r\u00f6kk\u00e9val\u00f3 l\u00e9ny atomokb\u00f3l \u00e9p\u00fcl fel.<\/p>\n<p>A mikrokozmosz fogalma azonban, az\u00e9 az \u00e9l\u0151, g\u00f6mb alak\u00fa form\u00e1\u00e9, ami k\u00f6rbeveszi az emberi szem\u00e9lyis\u00e9get, Agrippa von Nettesheim-nek (1486-1535) k\u00f6sz\u00f6nhet\u0151, aki azt \u00edrta a \u2018De occulta philosophia\u2019 (A titkos b\u00f6lcselet) c\u00edm\u0171 m\u0171v\u00e9ben:<\/p>\n<p><em>\u201eAz embernek, Isten legszebb \u00e9s legteljesebb alkot\u00e1s\u00e1nak, [&#8230;] fizikai fel\u00e9p\u00edt\u00e9se sokkal harmonikusabb, mint a t\u00f6bbi teremtm\u00e9ny\u00e9, mag\u00e1ba foglalja az \u00f6sszes sz\u00e1mot, m\u00e9rt\u00e9ket, s\u00falyt, mozg\u00e1sokat \u00e9s elemeket [&#8230;] \u00e9s mindez \u0151benne, ebben a finom mestermunk\u00e1ban jut t\u00f6k\u00e9letess\u00e9gre.\u201d<\/em><\/p>\n<p>Az emberi testnek egyetlen r\u00e9sze sincs, \u201eami ne felelne meg az isteni \u0151st\u00edpusnak, a mennyei mint\u00e1nak, a csillagnak, az intelligenci\u00e1nak, vagyis Isten nev\u00e9nek. Az emberi test legk\u00fcls\u0151 form\u00e1ja kerek.\u201d<\/p>\n<p>K\u00f6vess\u00fck teh\u00e1t utaz\u00e1sunkat a t\u00f6rt\u00e9nelmen kereszt\u00fcl \u00e9s n\u00e9zz\u00fck, hogyan v\u00e1lt a g\u00f6mbalakbeli szem\u00e9lyis\u00e9g fogalma, a mikrokozmikus elembe \u00fcltetett ember elk\u00e9pzel\u00e9se az id\u0151k kezdete \u00f3ta jelen l\u00e9v\u0151 Szent Hagyom\u00e1ny r\u00e9sz\u00e9v\u00e9, vagyis a makrokozmikus vil\u00e1gegyetemmel kapcsolatban \u00e1ll\u00f3 mikrokozmikus szem\u00e9lyis\u00e9gg\u00e9.<\/p>\n<p>A k\u00f6r, aminek nincs sem kezdete sem v\u00e9ge, alakja az \u00f6r\u00f6kk\u00e9val\u00f3s\u00e1gra utal, az \u00f6r\u00f6kk\u00e9val\u00f3s\u00e1g jelk\u00e9p\u00e9nek tekinthet\u0151: \u201eBizonyoss\u00e1ggal \u00e1ll\u00edthatjuk,hogy a vil\u00e1gegyetemnek minden pontja k\u00f6z\u00e9ppont, vagyis minden\u00fctt van k\u00f6zepe, de sehol sincs v\u00e9ge\u201d (Giordano Bruno \u2018De la Causa, Principio et Uno\u2019 \/Az okr\u00f3l, eredetr\u0151l \u00e9s egys\u00e9gr\u0151l\/ 1584) vagy \u201eAz emberi term\u00e9szet g\u00f6mbje a maga erej\u00e9vel fel\u00f6leli Istent \u00e9s a vil\u00e1gegyetemet.\u201d (Nicola Cusano, \u2018De coniecturis\u2019, \/A feltev\u00e9sekr\u0151l\/ 1443)<\/p>\n<p>A n\u00e9met filoz\u00f3fus, Leibniz (1646-1716) volt az, aki a \u201emon\u00e1d\u201d fogalm\u00e1t, mint a l\u00e9tez\u00e9s alapvet\u0151 form\u00e1j\u00e1t bevezette, ami a mikrokozmosz fogalm\u00e1t egy atom form\u00e1j\u00e1ban k\u00f6zel\u00edtette meg. Leibniz Giordano Brun\u00f3t\u00f3l vette a mon\u00e1d fogalm\u00e1t, de megv\u00e1ltoztatta annak jelent\u00e9s\u00e9t.<\/p>\n<p>Azt \u00e1ll\u00edtotta, hogy a mon\u00e1d val\u00f3j\u00e1ban a l\u00e9lek. Ez azonban m\u00e9g nem minden: a mon\u00e1dok az eg\u00e9sz vil\u00e1gegyetemet t\u00fckr\u00f6zik \u00e9s egym\u00e1st\u00f3l az \u00f6nmaguk tudat\u00e1nak szintj\u00e9ben, ill. a benn\u00fck l\u00e9v\u0151 isteni forr\u00e1sr\u00f3l l\u00e9v\u0151 tudatoss\u00e1guk fok\u00e1ban k\u00fcl\u00f6nb\u00f6znek.<\/p>\n<p>Minden id\u0151k Szent Hangja teh\u00e1t arra k\u00e9sztet minket, hogy megk\u00e9rdezz\u00fck magunkat ennek a g\u00f6mbnek a l\u00e9t\u00e9r\u0151l, amelyben mi, egyszer\u0171 szem\u00e9lyis\u00e9gekk\u00e9nt a f\u00f6ldi \u00e9letutunk sor\u00e1n tart\u00f3zkodunk.<\/p>\n<p>Mit tartalmaz val\u00f3j\u00e1ban a mikrokozmikus anyag?<\/p>\n<p>T\u00f6rt\u00e9nelm\u00fcnk kezdete \u00f3ta minden tapasztalatunk belev\u00e9s\u0151dik a mikrokozmoszunkba, \u00edgy \u201ekronol\u00f3gi\u00e1nk\u201d minden von\u00e1sa fel van jegyezve benne, \u00e9s ez hat\u00e1rozza meg a jelen\u00fcnket elk\u00e9pzel\u00e9sek, ir\u00e1nyvonalak, befoly\u00e1sok form\u00e1j\u00e1ban, \u00edgy a k\u00f6vetkez\u0151 lak\u00f3j\u00e1nak nem kell megtapasztalnia azt, amit az el\u0151dei m\u00e1r \u00e9vekkel, \u00e9vsz\u00e1zadokkal \u00e9s korszakokkal kor\u00e1bban \u00e1t\u00e9ltek!<\/p>\n<p>A f\u00e9nyek \u00e9s \u00e1rnyak f\u00f6ldj\u00e9n val\u00f3 sokadik k\u00f6rhintamenetnek, a sokadik sz\u00fclet\u00e9st\u0151l meghal\u00e1sig tart\u00f3 \u00e9lettapasztalatnak ily m\u00f3don megvan a hat\u00e1sa.<\/p>\n<p>Ahogy egy dvd lemezen k\u00fcl\u00f6nb\u00f6z\u0151 s\u00e1vokat tal\u00e1lhatunk, \u00e9let\u00fcnk \u201eadatai\u201d \u00e9pp\u00fagy abszol\u00fat eredeti form\u00e1ban megtal\u00e1lhat\u00f3k a mikrokozmoszban, \u00e9s ez teljesen a mi\u00e9nk: ez a mi saj\u00e1t, egy\u00e9ni \u201e\u00e9letnek\u201d nevezett \u00e9lm\u00e9ny\u00fcnk ezen a f\u00f6ldi ter\u00fcleten.<\/p>\n<p>L\u00e1tjuk, hogy a Szent Tudom\u00e1ny Aranyfonala hogyan sz\u00f6vi \u00e1t \u00e9s egyes\u00edti az emberis\u00e9g t\u00f6rt\u00e9nelm\u00e9t a bolyg\u00f3 minden pontj\u00e1n \u00e9s minden id\u0151ben.<\/p>\n<p>Felmer\u00fcl azonban egy k\u00e9rd\u00e9s, nevezetesen az, hogy felfedezhetj\u00fck-e \u00fajra azt az arany egyens\u00falyt, ami elveszett?<\/p>\n<p>A v\u00e1lasz igen, mivel a mikrokozmikus anyagnak pontosan a k\u00f6zep\u00e9n van egy szellemi elv, a kereszt\u00e9nyek must\u00e1rmagja, a keletiek l\u00f3tuszvir\u00e1ga, az alkimist\u00e1k filoz\u00f3fusk\u00f6ve, Delphi isteneinek kincse. Ez a Halhatatlan L\u00e9ny legutols\u00f3 marad\u00e9ka, ami sokf\u00e9le n\u00e9ven ismert.<\/p>\n<p>Ez az a kezd\u0151pont, amib\u0151l kiindulva az ember \u00fajra megtal\u00e1lhatja a saj\u00e1t Isteni L\u00e9ny\u00e9t.<\/p>\n<p>Ez azonban egy hosszas folyamat.<\/p>\n<p>Amikor az \u00f6nmag\u00e1t keres\u0151 ember \u00e9let\u00e9t a tud\u00e1s ut\u00e1ni v\u00e1gy jellemzi, akkor sok pr\u00f3b\u00e1n kell kereszt\u00fclmennie. El\u0151sz\u00f6r is \u00f6nmag\u00e1val kell szembes\u00fclnie.<\/p>\n<p>A rejtett elv, ha a Tud\u00e1s szeretet\u00e9nek a l\u00e1ngja t\u00e1pl\u00e1lja, akkor egy \u00faj konstell\u00e1ci\u00f3t hozhat l\u00e9tre a mikrokozmosz mennyboltj\u00e1n \u2013 ez az az \u00daj Menny \u00e9s \u00daj F\u00f6ld, amir\u0151l a Jelen\u00e9sek k\u00f6nyve besz\u00e9l: a val\u00f3di \u00fajj\u00e1sz\u00fclet\u00e9s, amit egy val\u00f3di \u00e9letm\u00f3dv\u00e1ltoz\u00e1s fog k\u00f6vetni.<\/p>\n<p>Ezut\u00e1n, r\u00f6viden sz\u00f3lva, egy igazi forradalom fog lezajlani: az \u00faj hajnal sugarai \u00faj kozmikus m\u00e1gneses er\u0151ket teremtenek.<\/p>\n<p>A renesz\u00e1nsz kor sok jeles szellemis\u00e9g\u00e9t eml\u00edthetn\u00e9nk p\u00e9ldak\u00e9nt, akik a tev\u00e9kenys\u00e9g\u00fckn\u00e9l fogva igen nagy hat\u00e1ssal voltak a vil\u00e1gra, mert m\u00e9ly bels\u0151 keres\u00e9s \u00e9s a szellemi meg\u00fajul\u00e1s ir\u00e1nti sz\u00fcntelen v\u00e1gy vez\u00e9relte \u0151ket.<\/p>\n<p>Legh\u0151bb v\u00e1gyuk az \u201e\u00fajj\u00e1sz\u00fclet\u00e9s\u201d volt, \u201eegy \u00daj \u00c9letre val\u00f3 megsz\u00fclet\u00e9s\u201d, a szellemi tavasz bek\u00f6sz\u00f6nt\u00e9s\u00e9nek a megpillant\u00e1sa: pontosan az, amire itt \u00e9s most minket is felsz\u00f3l\u00edtanak.<\/p>\n<p>Ha ez \u00edgy van, akkor Marsilio Ficino-hoz hasonl\u00f3an, aki a k\u00f6vetkez\u0151t \u00edrta \u2018De immortaliate animarum\u2019 (A l\u00e9lek halhatatlann\u00e1 t\u00e9tel\u00e9r\u0151l) c\u00edm\u0171 m\u0171v\u00e9ben, mi is elmondhatjuk:<\/p>\n<p>\u201eA mennyb\u00e9li haza buzg\u00f3 mennyei szellemeik\u00e9nt szabad\u00edtsuk meg teh\u00e1t magunkat mihamarabb a f\u00f6ldi dolgokt\u00f3l \u00e9s pl\u00e1t\u00f3i sz\u00e1rnyakkal, valamint Isten \u00fatmutat\u00e1s\u00e1val sz\u00e1lljunk arra a mennyei helyre, ahol megszeml\u00e9lhetj\u00fck emberi mivoltunk \u00e1ldott kiv\u00e1l\u00f3s\u00e1g\u00e1t&#8230;\u201d<\/p>\n","protected":false},"author":1,"featured_media":8760,"template":"","meta":{"_acf_changed":false},"tags":[],"category_":[110078,110065],"tags_english_":[],"class_list":["post-90545","logon_article","type-logon_article","status-publish","has-post-thumbnail","hentry","category_-livingpast-hu","category_-art-hu"],"acf":[],"_links":{"self":[{"href":"https:\/\/logon.media\/hu\/wp-json\/wp\/v2\/logon_article\/90545","targetHints":{"allow":["GET"]}}],"collection":[{"href":"https:\/\/logon.media\/hu\/wp-json\/wp\/v2\/logon_article"}],"about":[{"href":"https:\/\/logon.media\/hu\/wp-json\/wp\/v2\/types\/logon_article"}],"author":[{"embeddable":true,"href":"https:\/\/logon.media\/hu\/wp-json\/wp\/v2\/users\/1"}],"wp:featuredmedia":[{"embeddable":true,"href":"https:\/\/logon.media\/hu\/wp-json\/wp\/v2\/media\/8760"}],"wp:attachment":[{"href":"https:\/\/logon.media\/hu\/wp-json\/wp\/v2\/media?parent=90545"}],"wp:term":[{"taxonomy":"post_tag","embeddable":true,"href":"https:\/\/logon.media\/hu\/wp-json\/wp\/v2\/tags?post=90545"},{"taxonomy":"category_","embeddable":true,"href":"https:\/\/logon.media\/hu\/wp-json\/wp\/v2\/category_?post=90545"},{"taxonomy":"tags_english_","embeddable":true,"href":"https:\/\/logon.media\/hu\/wp-json\/wp\/v2\/tags_english_?post=90545"}],"curies":[{"name":"wp","href":"https:\/\/api.w.org\/{rel}","templated":true}]}}