{"id":90339,"date":"2020-03-12T14:11:35","date_gmt":"2020-03-12T14:11:35","guid":{"rendered":"https:\/\/logon.media\/logon_article\/igen-de\/"},"modified":"2022-09-25T17:46:47","modified_gmt":"2022-09-25T17:46:47","slug":"igen-de","status":"publish","type":"logon_article","link":"https:\/\/logon.media\/hu\/logon_article\/igen-de\/","title":{"rendered":"Igen, de &#8230;"},"content":{"rendered":"<p>Egy k\u00e9rd\u00e9sre adott v\u00e1laszk\u00e9nt gyakran halljuk:<\/p>\n<blockquote>\n<p><em>Igen, de&#8230;<\/em><\/p>\n<\/blockquote>\n<p>M\u00e1st is kir\u00e1z t\u0151le a hideg? Engem legal\u00e1bbis elfog ez a kellemetlen \u00e9rz\u00e9s.<\/p>\n<p>Nagyon gyakran mondj\u00e1k ezt. Mi ebben a probl\u00e9ma? Mi baj van vele?<\/p>\n<p>Bennem mindig felmer\u00fcl az a k\u00e9t \u00fczletember k\u00f6z\u00f6tti besz\u00e9lget\u00e9s, amit \u00e9vekkel ezel\u0151tt hallottam egy rep\u00fcl\u0151utam sor\u00e1n. M\u00f6g\u00f6ttem voltak, \u00edgy nem l\u00e1thattam \u0151ket. Egy ideig besz\u00e9lgettek, azt\u00e1n az egyik\u00fck azt mondta:<\/p>\n<blockquote>\n<p><em>Igen, de&#8230;<\/em><\/p>\n<\/blockquote>\n<p>Mire a m\u00e1sik nagyon hat\u00e1rozottan megjegyezte:\uf10d<\/p>\n<blockquote>\n<p><em>Mi\u00e9rt mondogatod folyton azt, hogy igen, de\u2026? Mondj egyszer\u0171en nemet, ha az a sz\u00e1nd\u00e9kod, de ne azt, hogy \u201eigen, de&#8230;\u201d<\/em><\/p>\n<\/blockquote>\n<p>\u00c9n azonnal egyet\u00e9rtettem ezzel a megjegyz\u00e9ssel, mert ak\u00e1rh\u00e1nyszor hallom, hogy valaki azt mondja \u201eigen, de&#8230;\u201d, mindig valamif\u00e9le bosszant\u00f3 \u00e9rz\u00e9s fog el.<\/p>\n<p>Sok\u00e1ig foglalkoztatott a dolog \u00e9s k\u00fcl\u00f6nb\u00f6z\u0151 gondolatok mer\u00fcltek fel bennem. K\u00f6z\u00fcl\u00fck egy mindig visszat\u00e9rt, nevezetesen az, hogy a \u201ede\u201d cs\u00f6kkenti az \u201eigen\u201d sz\u00f3 meger\u0151s\u00edt\u0151 jelleg\u00e9t. Egyre vil\u00e1gosabb sz\u00e1momra, hogy az \u201eigen\u201d nagyon pozit\u00edv sz\u00f3 ellent\u00e9tben a \u201enem\u201d-el. N\u00e9melyek rendk\u00edv\u00fcli m\u00f3don viszolyognak att\u00f3l, hogy \u201enemet\u201d mondjanak, gondoljunk csak a <em>Soha ne el\u00e9gedj meg a nemmel <\/em>c\u00edm\u0171 k\u00f6nyvre, valamint az azonos c\u00edm\u0171 filmre.<\/p>\n<p>Term\u00e9szetesen az ember gondolhatja, hogy ebben a vil\u00e1gban nem minden fekete \u00e9s feh\u00e9r. Hogy a \u201ede\u201d sz\u00f3csk\u00e1val a meger\u0151s\u00edt\u0151 \u201eigen\u201d ut\u00e1n az ember m\u00e9g \u00e1rnyalhatja kiss\u00e9 a v\u00e1lasz\u00e1t. Lehet, hogy \u00edgy van \u00e9s egyben ez az oka annak, hogy az abszol\u00fat keres\u00e9se, a felt\u00e9tlen IGEN ut\u00e1ni v\u00e1gyam sor\u00e1n meglehet\u0151s viszolyg\u00e1s fejl\u0151d\u00f6tt ki bennem a \u201ede\u201d sz\u00f3cska ir\u00e1nt.<\/p>\n<p>Ez automatikusan a \u201emindent vagy semmit\u201d meg\u00e1llap\u00edt\u00e1st juttatja eszembe. B\u00e1rki, aki gyakran olvassa a Bibli\u00e1t, ismeri a M\u00e1t\u00e9 evang\u00e9lium\u00e1ban szerepl\u0151 mond\u00e1st:<\/p>\n<blockquote>\n<p><em>Nem szolg\u00e1lhatod egyszerre Istent \u00e9s a Mammont,<\/em><\/p>\n<\/blockquote>\n<p>vagy a felt\u00e9tel n\u00e9lk\u00fcli kijelent\u00e9st:<\/p>\n<blockquote>\n<p><em>Mindent vagy semmit.<\/em><\/p>\n<\/blockquote>\n<p>A \u201ede\u201d hozz\u00e1ad\u00e1sa az \u201eigen\u201d-hez cs\u00f6kkenti a \u201eminden\u201d \u00e9rt\u00e9k\u00e9t \u00e9s egy l\u00e9p\u00e9ssel k\u00f6zelebb hozza a \u201esemmit\u201d. \u00cdgy meg\u00e9rthetik, hogy mi\u00e9rt t\u00e1vol\u00edtottam el a \u201ede\u201d sz\u00f3csk\u00e1t a sz\u00f3t\u00e1ramb\u00f3l \u00e9s mi\u00e9rt az IGEN a kedvenc szavam, mivel:<\/p>\n<blockquote>\n<p><em>Sz\u00e1momra az \u201eigen\u201d igen, \u00e9s a \u201enem\u201d nem.<\/em><\/p>\n<\/blockquote>\n<p>&nbsp;<\/p>\n","protected":false},"author":923,"featured_media":8139,"template":"","meta":{"_acf_changed":false},"tags":[],"category_":[110432],"tags_english_":[],"class_list":["post-90339","logon_article","type-logon_article","status-publish","has-post-thumbnail","hentry","category_-zeitgeist-hu"],"acf":[],"_links":{"self":[{"href":"https:\/\/logon.media\/hu\/wp-json\/wp\/v2\/logon_article\/90339","targetHints":{"allow":["GET"]}}],"collection":[{"href":"https:\/\/logon.media\/hu\/wp-json\/wp\/v2\/logon_article"}],"about":[{"href":"https:\/\/logon.media\/hu\/wp-json\/wp\/v2\/types\/logon_article"}],"author":[{"embeddable":true,"href":"https:\/\/logon.media\/hu\/wp-json\/wp\/v2\/users\/923"}],"wp:featuredmedia":[{"embeddable":true,"href":"https:\/\/logon.media\/hu\/wp-json\/wp\/v2\/media\/8139"}],"wp:attachment":[{"href":"https:\/\/logon.media\/hu\/wp-json\/wp\/v2\/media?parent=90339"}],"wp:term":[{"taxonomy":"post_tag","embeddable":true,"href":"https:\/\/logon.media\/hu\/wp-json\/wp\/v2\/tags?post=90339"},{"taxonomy":"category_","embeddable":true,"href":"https:\/\/logon.media\/hu\/wp-json\/wp\/v2\/category_?post=90339"},{"taxonomy":"tags_english_","embeddable":true,"href":"https:\/\/logon.media\/hu\/wp-json\/wp\/v2\/tags_english_?post=90339"}],"curies":[{"name":"wp","href":"https:\/\/api.w.org\/{rel}","templated":true}]}}