{"id":90243,"date":"2020-02-10T17:04:23","date_gmt":"2020-02-10T17:04:23","guid":{"rendered":"https:\/\/logon.media\/logon_article\/utazas-az-isteni-szeretethez\/"},"modified":"2020-02-10T17:04:23","modified_gmt":"2020-02-10T17:04:23","slug":"utazas-az-isteni-szeretethez","status":"publish","type":"logon_article","link":"https:\/\/logon.media\/hu\/logon_article\/utazas-az-isteni-szeretethez\/","title":{"rendered":"Utaz\u00e1s az Isteni Szeretethez"},"content":{"rendered":"<p><strong><em>Milyen szerepet j\u00e1tszik a tud\u00e1s az \u00f6n szellemi \u00fatj\u00e1n? Mi az, amit tudni kell?<\/em><\/strong><\/p>\n<p>Csup\u00e1n k\u00e9t l\u00e9ny l\u00e9tezik az eg\u00e9sz univerzumban: a szeret\u0151 \u00e9s a szeretett l\u00e9ny. \u201eRejtett kincs voltam \u00e9s azt akartam, hogy megismerjenek\u201d (Mohamed pr\u00f3f\u00e9ta mond\u00e1sa). Ez a mond\u00e1s azt \u00e1ll\u00edtja, hogy az eg\u00e9sz teremt\u00e9s abb\u00f3l a c\u00e9lb\u00f3l lett l\u00e9trehozva, hogy a megismer\u0151 (Isten\/Allah) felismerje \u00f6nmag\u00e1t a megismertben (a teremt\u00e9sben). Ez\u00e9rt az eg\u00e9sz teremt\u00e9s arra v\u00e1gyik, hogy egyes\u00fclj\u00f6n a Teremt\u0151vel, mert csak benne k\u00e9pes megismerni \u00f6nmag\u00e1t. Isten ismerete az isteni Szeretettel val\u00f3 egyes\u00fcl\u00e9shez vezet. A Teremt\u0151t\u0151l val\u00f3 elv\u00e1lasztotts\u00e1gra az\u00e9rt volt sz\u00fcks\u00e9g, hogy a megismer\u00e9s folyamata egy\u00e1ltal\u00e1n lehet\u0151v\u00e9 v\u00e1ljon. Az isteni Szeretet fel\u00e9 val\u00f3 utaz\u00e1s akkor kezd\u0151dik, amikor r\u00e1\u00e9bred\u00fcnk a jelen pillanatra, itt \u00e9s most. A fokozatos fel\u00e9bred\u00e9s isteni jelenl\u00e9thez vezet, melynek sor\u00e1n felfedezz\u00fck, hogy az \u00e9bred\u00e9s minden pillanat\u00e1ban Istennel, a Teremt\u0151vel \u00e1llunk kapcsolatban. Ez a felismer\u00e9s csak az isteni jelenl\u00e9tben t\u00f6rt\u00e9nhet meg. Az isteni jelenl\u00e9t fel\u00e9 vezet\u0151 fel\u00e9bred\u00e9si \u00fat azzal a tudatos sz\u00e1nd\u00e9kkal kezd\u0151dik, hogy semmi m\u00e1s nem el\u00e9g\u00edthet ki minket, csak maga az isteni Szeretett. Az istenkeres\u00e9s vezeti el az embert az isteni forr\u00e1s\u00e1val val\u00f3 egyes\u00fcl\u00e9shez. Csak az Istennel\/Allahhal val\u00f3 egyes\u00fcl\u00e9s sz\u00fcntetheti meg az elv\u00e1lasztotts\u00e1got ett\u0151l a forr\u00e1st\u00f3l. Az ember t\u00f6k\u00e9letes boldogs\u00e1ghoz jut, amikor r\u00e1tal\u00e1l \u00f6nmag\u00e1ra, a benne l\u00e9v\u0151 istenis\u00e9gre, minden l\u00e9tez\u00e9s alapj\u00e1ra.<\/p>\n<p>&nbsp;<\/p>\n<p><strong><em>Mit kell tudnunk? Mi a bels\u0151 tud\u00e1s \u00e9s milyen messzire terjed? Lehets\u00e9ges, hogy a nem tud\u00e1s fontos szerepet j\u00e1tszik ebben?<\/em><\/strong><\/p>\n<p>Az egys\u00e9g \u00e1llapota csak a sz\u00edv m\u00e1mor\u00e1n kereszt\u00fcl \u00e9rhet\u0151 el. A szeretet bor\u00e1t\u00f3l val\u00f3 megm\u00e1morosod\u00e1s az isteni Szeretettel val\u00f3 t\u00f6k\u00e9letes egys\u00e9ghez vezet. A Kor\u00e1n szent szavai \u201eLa Ilahe Ilallah\u201d, azt jelentik: semmi sem l\u00e9tezik Istenen k\u00edv\u00fcl. Csak az \u00e9rtheti meg val\u00f3ban ezeknek a szavaknak a sz\u00e9ps\u00e9g\u00e9t \u00e9s jelent\u0151s\u00e9g\u00e9t, aki az isteni szeretet bor\u00e1t\u00f3l megittasul. Minden id\u0151k szent iratai Istennek a Teremt\u00e9ssel, minden teremtett l\u00e9nnyel val\u00f3 t\u00f6k\u00e9letes egys\u00e9g\u00e9r\u0151l tan\u00faskodnak. A minden l\u00e9nnyel val\u00f3 egys\u00e9g miszt\u00e9riuma csak a t\u00f6k\u00e9letes m\u00e1mor \u00e1llapot\u00e1ban \u00e9rhet\u0151 el. Csak az tapasztalhatja meg az Isteni Szeretettet saj\u00e1t sz\u00edv\u00e9nek m\u00e1mora \u00e1ltal, aki a szeretett\u0151l megittasul.<\/p>\n<p>A t\u00f6k\u00e9letes m\u00e1mor folyt\u00e1n val\u00f3 megsz\u0171n\u00e9s \u00e1llapot\u00e1ban az ember minden teremtett dologr\u00f3l k\u00e9pes lemondani. Isten szeretet\u00e9nek bor\u00e1t\u00f3l val\u00f3 megittasul\u00e1s sor\u00e1n a sz\u00fafi el\u00e9ri a \u201eFana\u201d, a neml\u00e9t \u00e1llapot\u00e1t. Miut\u00e1n a sz\u00fafi megpillantja Istent \u00e9s a szeretet bor\u00e1t\u00f3l val\u00f3 m\u00e1mora \u00e1ltal megny\u00edlnak sz\u00edv\u00e9nek szemei, Isten l\u00e1tv\u00e1nya az abszol\u00fat j\u00f3zans\u00e1g \u00e9s vil\u00e1goss\u00e1g vill\u00e1mcsap\u00e1sak\u00e9nt \u00e9ri, ami minden teremtett dolognak az igenl\u00e9s\u00e9hez vezet. Ez a val\u00f3di j\u00f3zans\u00e1g a m\u00e1mor legnagyobb elragadtat\u00e1sa, melynek sor\u00e1n a sz\u00fafi megismeri Isten sz\u00e9ps\u00e9g\u00e9t a saj\u00e1t sz\u00edv\u00e9ben.<\/p>\n<p>Csak az isteni szeretet bor\u00e1t\u00f3l val\u00f3 m\u00e1mor \u00e9s a neml\u00e9t \u00e1llapota \u00e1ltal lehet a \u201eszubjekt\u00edv \u00e9nt\u0151l\u201d az \u00e9n-szem\u00e9lyis\u00e9gt\u0151l (eg\u00f3t\u00f3l), az \u00e1llatias \u00f6szt\u00f6nl\u00e9lekt\u0151l megszabadulni. A m\u00e1mor legmagasabb elragadtat\u00e1s\u00e1nak \u00e1llapot\u00e1ban ismerhet\u0151 fel az isteni, magasabb \u00f6nval\u00f3, a sz\u00edv \u00f6t\u00f6dik kamr\u00e1j\u00e1ban l\u00e9v\u0151 isteni szikra. A val\u00f3di tud\u00e1s a szeretet \u00e1ltali tud\u00e1s. A sz\u00fafik sz\u00e1m\u00e1ra az emberi test a f\u00e9ny keresztje, a tudat t\u00e9rk\u00e9pe.<\/p>\n<p>&nbsp;<\/p>\n<p><strong>Mi az \u00f6n legfontosabb vez\u00e9rcsillaga? Hogyan \u00e9li meg az \u00f6sv\u00e9ny \u00e1talak\u00edt\u00f3 n\u00e9zet\u00e9t?<\/strong><\/p>\n<p>Az embernek, ahhoz hogy fel\u00e9bredjen, el kell hat\u00e1rolnia mag\u00e1t a test \u00e9rz\u00e9ki vil\u00e1g\u00e1t\u00f3l, az \u00e1llatias \u00f6szt\u00f6nl\u00e9lekt\u0151l \u00e9s a vele val\u00f3 kapcsolatt\u00f3l. Ez az ember \u00f6nmag\u00e1b\u00f3l val\u00f3 kiemelked\u00e9se. Az embernek meg kell tanulnia felemelkedni ahhoz, hogy el\u00e9rje sz\u00edv\u00e9nek forr\u00e1s\u00e1t (l\u00e1sd Eckhart mester \u00fcress\u00e9gr\u0151l \u00e9s teljess\u00e9gr\u0151l sz\u00f3l\u00f3 munk\u00e1j\u00e1t). A val\u00f3di tud\u00e1s az ember sz\u00edv\u00e9ben l\u00e9v\u0151 isteni szikr\u00e1r\u00f3l val\u00f3 tud\u00e1s.<\/p>\n<p>A sz\u00fafik abban hisznek, hogy J\u00e9zus Krisztus nem a fakereszten, hanem a f\u00e9ny keresztj\u00e9n, Isten l\u00e9ny\u00e9nek \u00e9s vil\u00e1goss\u00e1g\u00e1nak a keresztj\u00e9n halt meg.<\/p>\n<p>Ezen a f\u00e9nykereszten J\u00e9zus \u00e1llatias \u00f6szt\u00f6nlelke meghalt \u00e9s Krisztus felt\u00e1madt a \u201ehal\u00e1l el\u0151tt val\u00f3 hal\u00e1l\u201d \u00e1ltal. Amikor a sz\u00edv \u00f6t\u00f6dik kamr\u00e1ja megny\u00edlik, az isteni mag, az isteni szikra fel\u00e9bred \u00e9s a szeretet r\u00f3zs\u00e1jak\u00e9nt kihajt J\u00e9zus \u00e9g\u0151 sz\u00edv\u00e9ben. A r\u00f3zsa szirmai kibomlanak \u00e9s Isten \u00f6r\u00f6kk\u00e9val\u00f3s\u00e1g\u00e1nak csod\u00e1latos illat\u00e1t \u00e1rasztj\u00e1k.<\/p>\n<p>Isten rejtett, fekete f\u00e9ny\u00e9nek felt\u00e1rul\u00e1sa csak ekkor fedi fel az isteni szeretet miszt\u00e9rium\u00e1t a sz\u00edv r\u00f3zsakertj\u00e9ben. A r\u00f3zsa kivirul, mert l\u00e1ngra gy\u00falt Isten tiszta szeretete \u00e1ltal. Az Istenben val\u00f3 elm\u00fal\u00e1s, a Fana sor\u00e1n a sz\u00fafi el\u00e9ri a fekete f\u00e9nyt, ami a sz\u00edv s\u00f6t\u00e9ts\u00e9g\u00e9ben sug\u00e1rzik \u00e9s felfedi Isten esszenci\u00e1j\u00e1t. A sz\u00fafik sz\u00e1m\u00e1ra J\u00e9zus ragyog\u00f3 fekete sz\u00edn\u0171. A sz\u00fafik J\u00e9zust a szellemi szeg\u00e9nys\u00e9g pr\u00f3f\u00e9t\u00e1j\u00e1nak tartj\u00e1k. Mivel \u0151 maga mondja hegyi besz\u00e9de sor\u00e1n:<\/p>\n<p>\u201eBoldogok a szellemben szeg\u00e9nyek, mivel \u0151k \u00f6r\u00f6klik a mennyek birodalm\u00e1t.\u201d<\/p>\n<p>J\u00e9zus kereszthal\u00e1la az \u00e1llatias \u00f6szt\u00f6nl\u00e9lek minden v\u00e1gy\u00e1nak a kiolt\u00e1s\u00e1t jelk\u00e9pezi. A szeretet \u00e1ltali kereszthal\u00e1l szellemi szeg\u00e9nys\u00e9ghez vezet minket, a fekete f\u00e9ny pedig felfedi Isten titkos term\u00e9szet\u00e9t, ami J\u00e9zus \u00e9g\u0151 sz\u00edv\u00e9ben mutatkozik meg. A ragyog\u00f3 fekete sz\u00edn felismer\u00e9se a sz\u00edv \u00f6t\u00f6dik kamr\u00e1j\u00e1ban megszabad\u00edt minket a kereszthal\u00e1lt\u00f3l. A szeg\u00e9nys\u00e9g \u00fatj\u00e1n val\u00f3 teljes elm\u00fal\u00e1s sor\u00e1n a sz\u00fafi a sz\u00edvet smaragdz\u00f6ldnek l\u00e1tja. A Szent Szellem ihlete a sz\u00edv kelyh\u00e9t Isten tud\u00e1s\u00e1nak fekete f\u00e9ny\u00e9vel t\u00f6lti meg. Isten l\u00e9nyege mindig rejtett marad, \u00e9s ez a miatt a ragyog\u00f3 fekete f\u00e9ny miatt van, amit a Krisztus tudat k\u00e9pvisel. Csak egy olyan sz\u00edv k\u00e9pes befogadni a Szent Szellemet, amelyik Isten szenved\u00e9lyes szeretet\u00e9ben \u00e9g. Ez teljes szeg\u00e9nys\u00e9ghez \u00e9s az isteni Szeretett jelenl\u00e9t\u00e9ben val\u00f3 elm\u00fal\u00e1shoz vezet. Amikor a keres\u0151 a szeg\u00e9nys\u00e9g \u00f6sv\u00e9ny\u00e9t, J\u00e9zus Krisztus \u00fatj\u00e1t k\u00f6veti, akkor el\u00e9ri val\u00f3di otthon\u00e1t, Isten Vil\u00e1goss\u00e1g\u00e1nak a Kir\u00e1lys\u00e1g\u00e1t.<\/p>\n","protected":false},"author":920,"featured_media":7876,"template":"","meta":{"_acf_changed":false},"tags":[],"category_":[110104],"tags_english_":[],"class_list":["post-90243","logon_article","type-logon_article","status-publish","has-post-thumbnail","hentry","category_-spiritsoul-hu"],"acf":[],"_links":{"self":[{"href":"https:\/\/logon.media\/hu\/wp-json\/wp\/v2\/logon_article\/90243","targetHints":{"allow":["GET"]}}],"collection":[{"href":"https:\/\/logon.media\/hu\/wp-json\/wp\/v2\/logon_article"}],"about":[{"href":"https:\/\/logon.media\/hu\/wp-json\/wp\/v2\/types\/logon_article"}],"author":[{"embeddable":true,"href":"https:\/\/logon.media\/hu\/wp-json\/wp\/v2\/users\/920"}],"wp:featuredmedia":[{"embeddable":true,"href":"https:\/\/logon.media\/hu\/wp-json\/wp\/v2\/media\/7876"}],"wp:attachment":[{"href":"https:\/\/logon.media\/hu\/wp-json\/wp\/v2\/media?parent=90243"}],"wp:term":[{"taxonomy":"post_tag","embeddable":true,"href":"https:\/\/logon.media\/hu\/wp-json\/wp\/v2\/tags?post=90243"},{"taxonomy":"category_","embeddable":true,"href":"https:\/\/logon.media\/hu\/wp-json\/wp\/v2\/category_?post=90243"},{"taxonomy":"tags_english_","embeddable":true,"href":"https:\/\/logon.media\/hu\/wp-json\/wp\/v2\/tags_english_?post=90243"}],"curies":[{"name":"wp","href":"https:\/\/api.w.org\/{rel}","templated":true}]}}