{"id":90200,"date":"2020-01-23T15:16:48","date_gmt":"2020-01-23T15:16:48","guid":{"rendered":"https:\/\/logon.media\/logon_article\/a-szellemi-ut-mint-belso-kaland\/"},"modified":"2020-01-23T15:16:48","modified_gmt":"2020-01-23T15:16:48","slug":"a-szellemi-ut-mint-belso-kaland","status":"publish","type":"logon_article","link":"https:\/\/logon.media\/hu\/logon_article\/a-szellemi-ut-mint-belso-kaland\/","title":{"rendered":"A szellemi \u00fat, mint bels\u0151 kaland"},"content":{"rendered":"<p>A szellemi kalandoz\u00f3 \u00fatja nem mer\u00fcl ki olcs\u00f3 gy\u0151zelmekben. B\u00e1tran harcol a saj\u00e1t l\u00e9ny\u00e9ben l\u00e9v\u0151 s\u00f6t\u00e9ts\u00e9g ellen. Hagyja, hogy a vil\u00e1goss\u00e1g r\u00e1tal\u00e1ljon.<\/p>\n<p>Olyan korban \u00e9l\u00fcnk, ahol hi\u00e1nyoznak a term\u00e9szetes kalandok. A civiliz\u00e1ci\u00f3 fejl\u0151d\u00e9se sok olyan vesz\u00e9lyt elh\u00e1r\u00edtott, ami a kor\u00e1bbi id\u0151kben napi szinten fenyegette az embereket. Egyr\u00e9szt megn\u00f6vekedett a biztons\u00e1g ir\u00e1nti ig\u00e9ny, m\u00e1sr\u00e9szt viszont az emberek, k\u00fcl\u00f6n\u00f6sen a fiatalok, kalandra v\u00e1gynak, \u00e9s m\u00e9g az id\u0151sebbek is ig\u00e9nylik a v\u00e1ltozatoss\u00e1got \u00e9s az izgalmakat. M\u00e1r a gyerekek csillap\u00edthatatlan k\u00edv\u00e1ncsis\u00e1g\u00e1b\u00f3l is az der\u00fcl ki, hogy ez valamif\u00e9le \u0151si jelens\u00e9g. A kicsik mindent kikutatnak \u00e9s kipr\u00f3b\u00e1lnak, ami az \u00fatjukba ker\u00fcl \u00e9s fel sem mer\u00fcl benn\u00fck, hogy valami vesz\u00e9lyes is lehet a sz\u00e1mukra. Ezt h\u00edvj\u00e1k j\u00e1t\u00e9knak, noha ez valami nagyon komoly dolog, mivel e n\u00e9lk\u00fcl az alap n\u00e9lk\u00fcl a szem\u00e9lyis\u00e9g nem \u00e9rheti el azt a sz\u00fcks\u00e9ges \u00e9retts\u00e9get, amivel k\u00e9s\u0151bb felel\u0151ss\u00e9get v\u00e1llalhat az \u00e9lete munk\u00e1j\u00e1\u00e9rt.<\/p>\n<p>A m\u00e9dia minden koroszt\u00e1ly sz\u00e1m\u00e1ra tervez kalandokat, hogy az unalomb\u00f3l \u00e9s aggodalomb\u00f3l ered\u0151 fesz\u00fclts\u00e9geket, ha csak egy r\u00f6vid id\u0151re is semleges\u00edthesse, \u00e9s hogy a fogyaszt\u00f3k kock\u00e1zat n\u00e9lk\u00fcl k\u00f6vethess\u00e9k a valami \u00faj ir\u00e1nt val\u00f3 bels\u0151 k\u00e9sztet\u00e9s\u00fcket. A kalandv\u00e1gy \u00fczlett\u00e9 t\u00e9tele a termel\u00e9si folyamatokat szolg\u00e1lja. \u00cdgy a valami val\u00f3ban \u00faj dolog ir\u00e1nti, t\u00f6bbnyire tudatalatti ig\u00e9nyt, az abszol\u00fat igazs\u00e1g ir\u00e1nti \u0151si v\u00e1gyakoz\u00e1st azokba a csatorn\u00e1kba ir\u00e1ny\u00edtj\u00e1k, melyeket j\u00f3l ismer\u00fcnk. A kreativit\u00e1s k\u00e1rt szenved, \u00e9s nincs ki\u00fat.<\/p>\n<p>Mivel az ember m\u00e1s akar lenni, mint ami val\u00f3j\u00e1ban, sz\u00fcks\u00e9ge van arra, hogy valakivel vagy valamivel azonosuljon. Ezek \u00e1ltal\u00e1ban k\u00fcl\u00f6nleges szem\u00e9lyis\u00e9gek. De lehet p\u00e9ld\u00e1ul egy idegen, rejt\u00e9lyes jelleg\u0171 orsz\u00e1ggal is azonosulni. Akkor az ember a kaland ir\u00e1nti hajlam\u00e1val jegyet v\u00e1lt egy csomagt\u00far\u00e1ra. Azoknak a sz\u00e1m\u00e1ra, akik szeretnek azonosulni egy h\u0151ssel, ott van Harry Potter. \u00c1m az azonosul\u00e1s t\u00e1rgyai nagym\u00e9rt\u00e9kben semleges\u00edtik a val\u00f3di kock\u00e1zatot. Mindegyik\u00fckkel a saj\u00e1t vil\u00e1guk szerint lehet j\u00e1tszani. A kaland ily m\u00f3don ut\u00e1nz\u00e1ss\u00e1 v\u00e1lik.<\/p>\n<p>Ez azt jelenti, hogy az embereknek szem\u00e9lyesen kellene vesz\u00e9lyes kalandokat v\u00e1llalniuk? A k\u00edv\u00e1ncsis\u00e1g \u00e9s a saj\u00e1t, f\u00e9lelemb\u0151l ered\u0151 fesz\u00fclts\u00e9geink legy\u0151z\u00e9se mellett nem valami t\u00falzott, szerepv\u00e1gy\u00f3 gondolkod\u00e1s \u00e1ll e m\u00f6g\u00f6tt a \u201eval\u00f3di\u201d kalandv\u00e1gy m\u00f6g\u00f6tt? A sz\u00fcks\u00e9gb\u0151l vagy polg\u00e1ri k\u00f6teless\u00e9gb\u0151l ered\u0151 munk\u00e1val szemben a nagy kaland valami olyasmit k\u00e9pvisel, amit az embernek val\u00f3j\u00e1ban nem kell felmutatnia, azaz valami f\u00f6l\u00f6sleges, haszontalan dolgot. S\u0151t ak\u00e1r megsz\u00e1llotts\u00e1gg\u00e1 is v\u00e1lhat, mert a gy\u0151zelem \u00e9rz\u00e9se \u00e1tmeneti \u00e9s t\u00f6bbet k\u00edv\u00e1n.<\/p>\n<p><strong>Mi\u00e9rt nem \u00e9r v\u00e9get sohasem ez a v\u00e9ge-hossza nincs keres\u00e9s?<\/strong><\/p>\n<p>Amikor mindig valami \u00fajra \u00e9s jobbra v\u00e1gyunk, akkor k\u00f6rbe-k\u00f6rbe j\u00e1runk. Mi\u00e9rt nincs soha v\u00e9ge a mindenfel\u00e9 ir\u00e1nyul\u00f3 keres\u00e9snek? Megc\u00e9lozhatn\u00e1nk esetleg egy teljesen m\u00e1sfajta \u201ekalandot\u201d, ami nem hi\u00e1baval\u00f3? Lehetne ez valami olyasmi, ami a t\u00f6k\u00e9letlen h\u00e9tk\u00f6znapi vil\u00e1gon t\u00fal, egy teljesen m\u00e1s vil\u00e1gba mutat? Nos ez a m\u00e1sik vil\u00e1g l\u00e9tezik. Az elfeledett isteni vil\u00e1gnak egy pici szikr\u00e1ja mindenkinek a sz\u00edv\u00e9ben megtal\u00e1lhat\u00f3, amelyik r\u00e1nk v\u00e1r, a szem\u00e9lyis\u00e9gre, hogy felismerje \u00e9s seg\u00edtsen neki, hogy \u00fajra f\u00e9nyesen ragyoghasson.<\/p>\n<p>A vil\u00e1goss\u00e1ghoz vezet\u0151 folyamat egy bels\u0151 kaland. Ehhez az sz\u00fcks\u00e9ges, hogy k\u00e9szek legy\u00fcnk r\u00e1csod\u00e1lkozni a v\u00e1ratlan dolgokra. Na \u00e9s persze b\u00e1tors\u00e1g is kell hozz\u00e1. A vil\u00e1goss\u00e1gkeres\u0151 olyannak ismeri meg \u00f6nmag\u00e1t \u00e9s a k\u00f6znapi vil\u00e1got minden hi\u00e1nyoss\u00e1g\u00e1val \u00e9s ellentmond\u00e1soss\u00e1g\u00e1val egy\u00fctt, amilyen. B\u00e1tran szemben\u00e9z azzal, amit l\u00e1t. Ez a h\u0151snek a saj\u00e1t mag\u00e1ban l\u00e9v\u0151 s\u00f6t\u00e9ts\u00e9ggel val\u00f3 harca. Felismeri, hogy \u0151 is r\u00e9sze az elm\u00fal\u00e1st\u00f3l val\u00f3 f\u00e9lelemnek, amit\u0151l a vil\u00e1g retteg. Ugyanakkor \u00e9rzi az isteni vil\u00e1g \u00faj er\u0151k\u00e9nt val\u00f3 felemelked\u00e9s\u00e9t \u00f6nmag\u00e1ban \u00e9s fel\u00e9je fordul. Hagyja, hogy a vil\u00e1goss\u00e1g r\u00e1tal\u00e1ljon.<\/p>\n<p>A latin nyelvben a \u201ek\u00f6zeledni\u201d vagy \u201emeg\u00e9rkezni\u201d azt jelenti advenire, amire az \u201eadventure\u201d (kaland) sz\u00f3 etimol\u00f3giailag visszavezethet\u0151 (franci\u00e1ul: aventure). Ez az Adventre is utal (latin: adventus = arrival\/\u00e9rkez\u00e9s). J\u00e1nos az el\u0151fut\u00e1r, aki v\u00e1rja a vil\u00e1goss\u00e1g \u00e9rkez\u00e9s\u00e9t, fogadja a vil\u00e1goss\u00e1got. \u0150 a vil\u00e1g lak\u00f3ja, aki a polg\u00e1ri k\u00f6teless\u00e9gein t\u00fal igent mond az \u00f6nismeret kalandos folyamat\u00e1ra, ami a sz\u00fcks\u00e9ges kitart\u00e1ssal Isten megismer\u00e9s\u00e9hez vezet a saj\u00e1t sz\u00edv\u00e9n bel\u00fcl. Amikor a szellem leereszkedik \u00e9s keresztezi a h\u00e9tk\u00f6znapi \u00e9letet, akkor a sz\u00edv kivil\u00e1gosodik. S minden, ami a vil\u00e1goss\u00e1g ut\u00e1nzata, elhalv\u00e1nyul.<\/p>\n<p>Nem csak a m\u00e9dia l\u00e1t el minket kalandut\u00e1nzatokkal. Az ember maga is teremt mag\u00e1nak ilyesmit, ha nem akarja megismerni a szellemi vil\u00e1got. Az ut\u00e1nzatok azonban a seg\u00edts\u00e9g\u00fcnkre is lehetnek, ha figyelmesek vagyunk \u00e9s vessz\u00fck a f\u00e1radts\u00e1got, hogy megsejts\u00fcnk valamit a dolgok m\u00f6g\u00f6tt l\u00e9v\u0151 igazs\u00e1gb\u00f3l. Goethe-t id\u00e9zve: \u201eMinden, ami \u00e1tmeneti, nem egy\u00e9b, mint p\u00e9ld\u00e1zat\u201d.<\/p>\n","protected":false},"author":920,"featured_media":7749,"template":"","meta":{"_acf_changed":false},"tags":[],"category_":[110104],"tags_english_":[],"class_list":["post-90200","logon_article","type-logon_article","status-publish","has-post-thumbnail","hentry","category_-spiritsoul-hu"],"acf":[],"_links":{"self":[{"href":"https:\/\/logon.media\/hu\/wp-json\/wp\/v2\/logon_article\/90200","targetHints":{"allow":["GET"]}}],"collection":[{"href":"https:\/\/logon.media\/hu\/wp-json\/wp\/v2\/logon_article"}],"about":[{"href":"https:\/\/logon.media\/hu\/wp-json\/wp\/v2\/types\/logon_article"}],"author":[{"embeddable":true,"href":"https:\/\/logon.media\/hu\/wp-json\/wp\/v2\/users\/920"}],"wp:featuredmedia":[{"embeddable":true,"href":"https:\/\/logon.media\/hu\/wp-json\/wp\/v2\/media\/7749"}],"wp:attachment":[{"href":"https:\/\/logon.media\/hu\/wp-json\/wp\/v2\/media?parent=90200"}],"wp:term":[{"taxonomy":"post_tag","embeddable":true,"href":"https:\/\/logon.media\/hu\/wp-json\/wp\/v2\/tags?post=90200"},{"taxonomy":"category_","embeddable":true,"href":"https:\/\/logon.media\/hu\/wp-json\/wp\/v2\/category_?post=90200"},{"taxonomy":"tags_english_","embeddable":true,"href":"https:\/\/logon.media\/hu\/wp-json\/wp\/v2\/tags_english_?post=90200"}],"curies":[{"name":"wp","href":"https:\/\/api.w.org\/{rel}","templated":true}]}}