{"id":90179,"date":"2020-01-18T15:24:14","date_gmt":"2020-01-18T15:24:14","guid":{"rendered":"https:\/\/logon.media\/logon_article\/szervadomanyozas-jotekonysag-3-resz\/"},"modified":"2022-09-26T18:16:26","modified_gmt":"2022-09-26T18:16:26","slug":"szervadomanyozas-jotekonysag-3-resz","status":"publish","type":"logon_article","link":"https:\/\/logon.media\/hu\/logon_article\/szervadomanyozas-jotekonysag-3-resz\/","title":{"rendered":"Szervadom\u00e1nyoz\u00e1s \u2013 j\u00f3t\u00e9konys\u00e1g? 3. r\u00e9sz"},"content":{"rendered":"<p><strong>Az ember t\u00f6bbdimenzi\u00f3s l\u00e9nye<\/strong><\/p>\n<p>Van egy \u0151si tud\u00e1s, a <em>Sophia Perennis<\/em>, ami szinte minden kultur\u00e1lis hagyom\u00e1nyban megtal\u00e1lhat\u00f3 \u2013 a V\u00e9d\u00e1kban, a hermetikus filoz\u00f3fi\u00e1ban, a szufizmusban, a teoz\u00f3fi\u00e1ban, az antropoz\u00f3fi\u00e1ban \u00e9s az ezoterikus kereszt\u00e9nys\u00e9gben, amihez a R\u00f3zsakereszt is tartozik. Ennek az \u0151si tud\u00e1snak egy r\u00e9sze az az ismeret, hogy az ember egy h\u00e9tszeres mikrokozmosz, ami egy halhatatlan \u00e9s egy haland\u00f3 r\u00e9szb\u0151l \u00e1ll.<\/p>\n<p>N\u00e9zz\u00fck meg k\u00f6zelebbr\u0151l l\u00e9t\u00fcnknek ezt a h\u00e9tszeres csod\u00e1j\u00e1t:<\/p>\n<p>Az ember val\u00f3di l\u00e9nye a halhatatlan szem\u00e9lyis\u00e9g\u00e9nek a magja. Ez a legbels\u0151 l\u00e9nye h\u00e1rom r\u00e9szb\u0151l \u00e1ll:<\/p>\n<p>(7) az \u00f6r\u00f6k, anyagtalan szellemi elemb\u0151l (Atman), ami<\/p>\n<p>(6) az \u00f6r\u00f6k l\u00e9lekbe (Buddhi) \u00e9s<\/p>\n<p>(5) a magasabb tudatba (fels\u0151 Manasz) \u00f6lt\u00f6zk\u00f6dik.<\/p>\n<p>Ez a h\u00e1roms\u00e1gos l\u00e9ny arra v\u00e1r, hogy a f\u00f6ldi emberben kibontakozhasson. Ennek lehet\u0151s\u00e9g\u00e9t a f\u00f6ldi ember teremtheti meg.<\/p>\n<p>A f\u00f6ldi ember szem\u00e9lyis\u00e9ge a k\u00f6vetkez\u0151 r\u00e9szekb\u0151l \u00e1ll:<\/p>\n<p>(4) f\u00f6ldi tudatb\u00f3l (als\u00f3bb Manasz) \u2013 azaz ment\u00e1l testb\u0151l,<\/p>\n<p>(3) \u00e9rzelmi n\u00e9zetb\u0151l \u2013 azaz asztr\u00e1l testb\u0151l,<\/p>\n<p>(2) \u00e9letk\u00e9pess\u00e9gb\u0151l \u2013 vagyis \u00e9tertestb\u0151l \u00e9s<\/p>\n<p>(1) fizikai testb\u0151l.<\/p>\n<p>Teh\u00e1t a halhatatlan mikrokozmikus szerkezet az, ami a szellemi \u00e9s l\u00e9lekmagj\u00e1val egy\u00fctt behatol az anyagi vil\u00e1gba az inkarn\u00e1ci\u00f3 sor\u00e1n, hogy ott \u00f6sszekapcsol\u00f3djon egy haland\u00f3 f\u00f6ldi testtel annak \u00e9rdek\u00e9ben, hogy fizikai form\u00e1t nyerjen, amelyben megnyilv\u00e1nulhat az anyagi vil\u00e1gban.<\/p>\n<p>&nbsp;<\/p>\n<p><strong>Az emberi \u00e9let \u00e9rtelme<\/strong><\/p>\n<p>Val\u00f3di l\u00e9ny\u00fcnk alv\u00f3 \u00e1llapotban, mintegy magk\u00e9nt, nyugszik benn\u00fcnk. Arra v\u00e1r, hogy a f\u00f6ldi tudatoss\u00e1gunk tudom\u00e1st szerezzen err\u0151l a magr\u00f3l \u00e9s t\u00e1mogassa annak egy t\u00f6k\u00e9letes szellem-l\u00e9lek emberr\u00e9 val\u00f3 kibontakoz\u00e1s\u00e1t. Az ember t\u00f6k\u00e9letess\u00e9g, igazs\u00e1g, b\u00e9ke \u00e9s mindent fel\u00f6lel\u0151 szeretet ut\u00e1ni v\u00e1gya ennek a halhatatlan, val\u00f3di l\u00e9ny\u00e9nek k\u00f6sz\u00f6nhet\u0151. Ez az a motor, ami keres\u00e9sre \u00f6szt\u00f6n\u00f6z minket, am\u00edg r\u00e1 nem lel\u00fcnk a bels\u0151 forr\u00e1sunkra \u00e9s fel nem ismerj\u00fck, hogy nek\u00fcnk, \u00f6ntudatos f\u00f6ldi embereknek a magasabb szem\u00e9lyis\u00e9g\u00fcnk szolg\u00e1lat\u00e1ra kell \u00e1llnunk, hogy az akt\u00edvv\u00e1 v\u00e1lhasson. A val\u00f3di l\u00e9ny\u00fcnk, ami elv\u00e1laszthatatlan az isteni forr\u00e1st\u00f3l, mindazzal a b\u00f6lcsess\u00e9ggel \u00e9s teremt\u0151er\u0151vel rendelkezik, ami ahhoz sz\u00fcks\u00e9ges, hogy a term\u00e9szeti l\u00e9ny\u00fcnkben fel\u00e9bredjen a szellemi l\u00e9ny, hogy az \u00f6r\u00f6kk\u00e9val\u00f3 szellemi er\u0151k \u00e9l\u0151 eszk\u00f6z\u00e9v\u00e9 v\u00e1lhassunk \u00e9s az isteni akaratnak megfelel\u0151en t\u00e1mogathassuk a term\u00e9szeti \u00e9s a szellemi fejl\u0151d\u00e9st.<\/p>\n<p>L\u00e9t\u00fcnk magasabb \u00e9rtelme az, hogy az anyagi s\u00edkra leereszkedett, mindent \u00e1tfog\u00f3 kozmikus tudatot t\u00e1mogassuk.<\/p>\n<p>Ahhoz, hogy ez megt\u00f6rt\u00e9nhessen, a f\u00f6ldi gondolkod\u00e1snak, a mai ember ego logik\u00e1j\u00e1nak \u00e1t kell alakulnia egy magasabb \u00e9rtelemm\u00e9, melyben b\u00f6lcsess\u00e9g \u00e9s szeretet lakozik. Magasabb gondolkod\u00e1si k\u00e9pess\u00e9g\u00fcnk m\u00e1r m\u0171k\u00f6dik egy szem\u00e9lyen t\u00fali tudatt\u00e9rben, \u00e9s az anyagi vil\u00e1gban is k\u00e9pes kifejez\u00e9sre jutni a szem\u00e9lyis\u00e9g \u00f6nzetlen szolg\u00e1lata \u00e1ltal.<\/p>\n<p>Amikor meghalunk, a val\u00f3di l\u00e9ny\u00fcnk el\u0151sz\u00f6r a fizikai form\u00e1t\u00f3l v\u00e1lik el \u00e9s mag\u00e1val viszi a finom-anyagi testeket a t\u00falvil\u00e1gi szf\u00e9r\u00e1kba. Ott a le\u00e9lt \u00e9let l\u00e9nyege be\u00e9p\u00fcl a mikrokozmosz sz\u00e1mtalan inkarn\u00e1ci\u00f3ja sor\u00e1n felgy\u00fclemlett tapasztalatkincsbe. Ez k\u00e9pezi egy \u00fajabb, megfelel\u0151 szint\u0171 anyagi inkarn\u00e1ci\u00f3 l\u00e9trehoz\u00e1s\u00e1nak a magj\u00e1t.<\/p>\n<p>A karma t\u00f6rv\u00e9nye minden egyes szem\u00e9ly sz\u00e1m\u00e1ra lehet\u0151s\u00e9get teremt arra, hogy a k\u00f6vetkez\u0151 inkarn\u00e1ci\u00f3ja sor\u00e1n megtapasztalhassa mindannak a m\u00faltbeli tett\u00e9nek \u00e9s hib\u00e1j\u00e1nak a k\u00f6vetkezm\u00e9nyeit, melyek megs\u00e9rtik az isteni t\u00f6rv\u00e9nyt. Ily m\u00f3don lehet\u0151s\u00e9get kapnak arra, hogy \u00f6nk\u00e9nt fel\u00fclemelkedjenek ezeken a k\u00f6vetkezm\u00e9nyeken \u00e9s \u00e1talak\u00edts\u00e1k azokat a b\u00f6lcsess\u00e9g seg\u00edts\u00e9g\u00e9vel.<\/p>\n<p>A reinkarn\u00e1ci\u00f3 kereke mindaddig forog a val\u00f3di l\u00e9ny\u00fcnk sz\u00e1m\u00e1ra, am\u00edg fel nem ismerj\u00fck a val\u00f3di rendeltet\u00e9s\u00fcnket \u00e9s el\u0151 nem seg\u00edtj\u00fck annak megval\u00f3sul\u00e1s\u00e1t. Az elj\u00f6vend\u0151 \u00faj ember, a szellem-l\u00e9lek ember k\u00e9p\u00e9nek megval\u00f3sul\u00e1s\u00e1t, aki \u00f6r\u00f6kk\u00e9val\u00f3 lesz \u00e9s nem lesz t\u00f6bb\u00e9 al\u00e1vetve a hal\u00e1lnak. Val\u00f3ban Isten gyermek\u00e9v\u00e9 v\u00e1lik, akit a mindens\u00e9g megnyilv\u00e1nul\u00e1s\u00e1ban val\u00f3 egy\u00fcttm\u0171k\u00f6d\u00e9sre sz\u00f3l\u00edtanak fel.<\/p>\n<p>Amikor tudat\u00e1ra \u00e9bred\u00fcnk ennek a csod\u00e1latos fejl\u0151d\u00e9snek, aminek a lehet\u0151s\u00e9ge benn\u00fcnk van \u00e9s amire h\u00edvnak minket, akkor csendben befel\u00e9 fordulunk a sz\u00edv\u00fcnkben lakoz\u00f3 mennyei l\u00e9lekmag fel\u00e9, \u00e9s akkor \u00e9let\u00fcnk minden pillanat\u00e1ban megtal\u00e1ljuk a helyes d\u00f6nt\u00e9st, ami megfelel a magasabb, teremt\u0151 akaratnak.<\/p>\n<p>Amikor el\u00e9rj\u00fck a bels\u0151 \u00f6n\u00e1ll\u00f3s\u00e1got, ami egyed\u00fcl szellem-l\u00e9lek l\u00e9ny\u00fcnkh\u00f6z k\u00f6t\u0151dik, akkor minden pillanatban tudni fogjuk, hogyan kell viselkedn\u00fcnk ahhoz, hogy a bels\u0151 t\u00f6rv\u00e9ny\u00fcnkkel \u00f6sszhangban maradjunk.<\/p>\n<p>Az \u00e9let \u00e9s hal\u00e1l miszt\u00e9rium\u00e1r\u00f3l val\u00f3 elgondolkod\u00e1s v\u00e9g\u00e9n szeretn\u00e9m Herman Hesse egyik vers\u00e9t id\u00e9zni, melynek c\u00edme <em>Az \u00e1ltalam v\u00e1lasztott \u00e9let<\/em>. Ebben a versben Hesse azt \u00e1ll\u00edtja, hogy miel\u0151tt erre a f\u00f6ldi vil\u00e1gra j\u00f6tt, megmutatt\u00e1k neki, hogy mi v\u00e1r r\u00e1, minden b\u00faj\u00e1val, baj\u00e1val, \u00f6r\u00f6m\u00e9vel \u00e9s f\u00e9ny\u00e9vel.<\/p>\n<p>&nbsp;<\/p>\n<p><em>\u201eMegmutatt\u00e1k nekem a rosszat \u00e9s a j\u00f3t<\/em><\/p>\n<p><em>megmutatt\u00e1k, hogy mennyi gyarl\u00f3s\u00e1g v\u00e1r r\u00e1m &#8230;\u201d <\/em>\u00e9s azt\u00e1n<\/p>\n<p>&nbsp;<\/p>\n<p><em>\u201eHallottam ahogy egy l\u00e9ny megk\u00e9rdi t\u0151lem<\/em><\/p>\n<p><em>van-e b\u00e1tors\u00e1gom hozz\u00e1, hogy v\u00e9ghez vigyem.\u201d<\/em><\/p>\n<p>&nbsp;<\/p>\n<p>Majd a vers \u00edgy folytat\u00f3dik:<\/p>\n<p>&nbsp;<\/p>\n<p><em>\u201eEzt az \u00e9letet fogom \u00e9lni!<\/em><\/p>\n<p><em>v\u00e1laszoltam hat\u00e1rozott hangon.\u201d<\/em><\/p>\n","protected":false},"author":920,"featured_media":7692,"template":"","meta":{"_acf_changed":false},"tags":[],"category_":[110432],"tags_english_":[],"class_list":["post-90179","logon_article","type-logon_article","status-publish","has-post-thumbnail","hentry","category_-zeitgeist-hu"],"acf":[],"_links":{"self":[{"href":"https:\/\/logon.media\/hu\/wp-json\/wp\/v2\/logon_article\/90179","targetHints":{"allow":["GET"]}}],"collection":[{"href":"https:\/\/logon.media\/hu\/wp-json\/wp\/v2\/logon_article"}],"about":[{"href":"https:\/\/logon.media\/hu\/wp-json\/wp\/v2\/types\/logon_article"}],"author":[{"embeddable":true,"href":"https:\/\/logon.media\/hu\/wp-json\/wp\/v2\/users\/920"}],"wp:featuredmedia":[{"embeddable":true,"href":"https:\/\/logon.media\/hu\/wp-json\/wp\/v2\/media\/7692"}],"wp:attachment":[{"href":"https:\/\/logon.media\/hu\/wp-json\/wp\/v2\/media?parent=90179"}],"wp:term":[{"taxonomy":"post_tag","embeddable":true,"href":"https:\/\/logon.media\/hu\/wp-json\/wp\/v2\/tags?post=90179"},{"taxonomy":"category_","embeddable":true,"href":"https:\/\/logon.media\/hu\/wp-json\/wp\/v2\/category_?post=90179"},{"taxonomy":"tags_english_","embeddable":true,"href":"https:\/\/logon.media\/hu\/wp-json\/wp\/v2\/tags_english_?post=90179"}],"curies":[{"name":"wp","href":"https:\/\/api.w.org\/{rel}","templated":true}]}}