{"id":90163,"date":"2020-01-18T15:02:34","date_gmt":"2020-01-18T15:02:34","guid":{"rendered":"https:\/\/logon.media\/logon_article\/szervadomanyozas-jotekonysag-1-resz\/"},"modified":"2022-09-26T18:16:56","modified_gmt":"2022-09-26T18:16:56","slug":"szervadomanyozas-jotekonysag-1-resz","status":"publish","type":"logon_article","link":"https:\/\/logon.media\/hu\/logon_article\/szervadomanyozas-jotekonysag-1-resz\/","title":{"rendered":"Szervadom\u00e1nyoz\u00e1s \u2013 j\u00f3t\u00e9konys\u00e1g? 1. r\u00e9sz"},"content":{"rendered":"<p>A term\u00e9szet evol\u00faci\u00f3s folyamat\u00e1ban a fajok fennmarad\u00e1s\u00e1nak \u00e9rdek\u00e9ben tett \u00e1ldozatk\u00e9szs\u00e9g mag\u00e1t\u00f3l \u00e9rtet\u0151d\u0151 \u00e9s \u00e9sszer\u0171 dolog. Szervezet\u00fcnkben a sejtek is folyamatosan \u201ef\u00f6l\u00e1ldozz\u00e1k\u201d magukat, hogy helyet k\u00e9sz\u00edtsenek az \u00faj sejteknek az \u00e9let folyamatos meg\u00fajul\u00e1sa \u00e9rdek\u00e9ben.<\/p>\n<p>Teh\u00e1t a term\u00e9szet n\u00e9z\u0151pontj\u00e1b\u00f3l tekintve a szervadom\u00e1nyoz\u00e1sra val\u00f3 k\u00e9szs\u00e9g b\u00e1tor \u00e9s \u00f6nzetlen d\u00f6nt\u00e9s.<\/p>\n<p>Az ember azonban nem csup\u00e1n egy fizikai test, hanem egy t\u00f6bbdimenzi\u00f3s \u00e9l\u0151l\u00e9ny. Mondhatni k\u00e9t vil\u00e1g lak\u00f3ja. A \u201emennyek halhatatlan fia\u201d a f\u00f6ld muland\u00f3 gyermek\u00e9vel \u00f6sszekapcsol\u00f3dva.<\/p>\n<p>Az ember egy anyagtalan szellemi elv \u00e9s egy biol\u00f3giai l\u00e9ny k\u00f6z\u00f6tt l\u00e9trej\u00f6tt kapcsolat eredm\u00e9nye. Ez nemcsak k\u00fcl\u00f6n\u00f6s \u00e9rz\u00e9s az emberi tudat sz\u00e1m\u00e1ra, hanem egyben egy feladatot is jelent. Minden sz\u00fcletend\u0151 emberi l\u00e9ny eset\u00e9ben a szellemi l\u00e9ny a biol\u00f3giai, testi form\u00e1val a m\u00e9hen bel\u00fcl kapcsol\u00f3dik \u00f6ssze, \u00e9s a hal\u00e1l folyamat\u00e1nak sor\u00e1n ez a szellemi l\u00e9ny ism\u00e9t elv\u00e1lik az anyagi testt\u0151l \u00e9s a tapasztalatok arat\u00e1s\u00e1t tudati gyarapod\u00e1sk\u00e9nt mag\u00e1val viszi. A finom-anyagi vil\u00e1gban val\u00f3 leboml\u00e1s f\u00e1zisa ut\u00e1n pedig a szellemi l\u00e9ny ism\u00e9t \u00f6sszekapcsol\u00f3dik egy f\u00f6ldi testtel. Amikor \u00fajb\u00f3l a fizikai vil\u00e1g anyag\u00e1ba val\u00f3 lemer\u00fcl\u00e9sre k\u00e9sz\u00fcl, a szellemi ember<em> <\/em>v\u00e9gign\u00e9zi \u00e9s elfogadja az elk\u00f6vetkez\u0151 \u00e9let\u00e9nek a l\u00e9nyeges felt\u00e9teleit, melyek esetleg hozz\u00e1j\u00e1rulnak ahhoz, hogy szellemi tudata fel\u00e9bredjen az anyagvil\u00e1gban. Ez az ember l\u00e9t\u00e9nek tulajdonk\u00e9ppeni c\u00e9lja. Szabad akaratunk a szellemi l\u00e9ny\u00fcnkben van. M\u00e1s sz\u00f3val, a megsz\u00fclet\u00e9s\u00fcnk el\u0151tt m\u00e1r \u201eigent\u201d mondtunk az elk\u00f6vetkez\u0151 \u00e9let\u00fcnkre annak minden pozit\u00edvum\u00e1val \u00e9s negat\u00edvum\u00e1val egy\u00fctt, mert el akartuk fogadni a tan\u00edt\u00e1sait \u00e9s k\u00e9szen \u00e1llunk a sz\u00fcletend\u0151 inkarn\u00e1ci\u00f3nk fejl\u0151d\u00e9se \u00e1ltal a r\u00e9gi ad\u00f3ss\u00e1gaink kiegyenl\u00edt\u00e9s\u00e9re.<\/p>\n<p>Teh\u00e1t az ember mennyei lelke hat\u00e1rozza meg az anyagba sz\u00fclet\u00e9s pillanat\u00e1t \u00e9s \u0151 d\u00f6nti el azt a pillanatot is, amikor a sz\u00edv\u00fcnk megsz\u0171nik dobogni \u00e9s ezzel a fizikai l\u00e9t\u00fcnk v\u00e9get \u00e9r. Zavar\u00f3 t\u00e9nyez\u0151k azonban k\u00f6zrej\u00e1tszhatnak \u00e9s belesz\u00f3lhatnak ebbe a tervbe \u00e9s kor\u00e1bban v\u00e9get vethetnek az \u00e9letnek vagy mesters\u00e9gesen meghosszabb\u00edthatj\u00e1k azt.<\/p>\n<p>A hal\u00e1l folyamata sor\u00e1n a val\u00f3di, szellemi l\u00e9ny\u00fcnk sz\u00e1m\u00e1ra l\u00e9nyeges, hogy zavartalanul, mintegy tudati arat\u00e1sk\u00e9nt, \u00e9lje \u00e1t az elm\u00falt \u00e9lete legfontosabb pillanatait. Ez akkor t\u00f6rt\u00e9nik meg, amikor a f\u00f6ldi tudat elhalv\u00e1nyul. Ez a tudati arat\u00e1s hasznos lehet a t\u00falvil\u00e1gon a tov\u00e1bbi szellemi fejl\u0151d\u00e9s el\u00e9r\u00e9se \u00e9rdek\u00e9ben, \u00e9s ezzel az eredm\u00e9nnyel egy \u00fajabb inkarn\u00e1ci\u00f3t lehet el\u0151k\u00e9sz\u00edteni a lehet\u0151 legkedvez\u0151bb felt\u00e9telek mellett.<\/p>\n<p>Az \u00e9ppen lezajlott \u00e9let \u201efilmj\u00e9nek\u201d visszaperget\u00e9se minden b\u00f6lcsess\u00e9gtan\u00edt\u00e1sban szerepel. Ebb\u0151l a c\u00e9lb\u00f3l \u00edr\u00f3dtak az \u00fagynevezett \u201ehalottas k\u00f6nyvek\u201d az \u00e1zsiai kult\u00far\u00e1kban, valamint Egyiptomban. Ezeket a k\u00f6nyveket t\u00f6bbsz\u00f6r is felolvast\u00e1k a haldokl\u00f3knak az utols\u00f3 \u00f3r\u00e1ikban \u00e9s m\u00e9g a hal\u00e1luk ut\u00e1n is egy ideig, hogy megk\u00f6nny\u00edts\u00e9k a fizikai vil\u00e1gb\u00f3l a t\u00falvil\u00e1gba val\u00f3 \u00e1tmenet\u00fcket. M\u00e1r akkor is vil\u00e1gosan tudt\u00e1k, hogy a hall\u00f3szerv az, ami utolj\u00e1ra hal meg \u2013 amit manaps\u00e1g a modern tudom\u00e1ny is igazolt. Ennek alapj\u00e1n meg\u00e9rthetj\u00fck milyen fontos az, hogy haldokl\u00f3 bar\u00e1tainkat ne zavarjuk f\u00f6l\u00f6sleges \u00e9s \u00e1rtalmas szavakkal \u00e9let\u00fck utols\u00f3 pillanataiban. A magzatban szint\u00e9n a hall\u00f3szerv az, amelyik legel\u0151sz\u00f6r kel \u00e9letre. Hallja az anya szeret\u0151 hangj\u00e1t, valamint a zen\u00e9t. A c\u00e9lszer\u0171 \u00e9s tudatos viselked\u00e9s sokat seg\u00edt abban, hogy a sz\u00fcletend\u0151 l\u00e9ny gyeng\u00e9d \u00e9s szeret\u0151 m\u00f3don hozz\u00e1idomuljon az anyagi vil\u00e1ghoz.<\/p>\n<p>&nbsp;<\/p>\n<p><strong>Hal\u00e1lk\u00f6zeli \u00e9lm\u00e9nyek<\/strong><\/p>\n<p>Ezeket a hal\u00e1llal kapcsolatos folyamatokat az eddig ismert \u00e9s feljegyzett hal\u00e1lk\u00f6zeli \u00e9lm\u00e9nyek ezrei igazolhatj\u00e1k.<\/p>\n<p>\u00c9rdekes lehet \u00e9s seg\u00edts\u00e9get ny\u00fajthat a sz\u00e1munkra az a t\u00e9ny, hogy mindazok, akik hal\u00e1lk\u00f6zeli \u00e9lm\u00e9nyen mentek kereszt\u00fcl, t\u00f6bb\u00e9 nem f\u00e9lnek a hal\u00e1lt\u00f3l. Felismert\u00e9k, hogy az a val\u00f3di l\u00e9ny\u00fcnk, amelyik az anyagi \u00e9rz\u00e9kszerveink sz\u00e1m\u00e1ra l\u00e1thatatlan, \u00e9s ennek a l\u00e9nynek a vil\u00e1ga egy\u00e1ltal\u00e1n nem term\u00e9szetellenes vagy elviselhetetlen \u2013 az \u201eoda\u00e1t\u201d csak annyit jelent, hogy egy \u00e9rz\u00e9kel\u00e9s\u00fcnk\u00f6n t\u00fali dologr\u00f3l van sz\u00f3. A hal\u00e1l teh\u00e1t csak addig ijeszt\u0151, am\u00edg meg nem \u00e9rtj\u00fck, hogy val\u00f3j\u00e1ban halhatatlanok vagyunk.<\/p>\n<p>Az oda\u00e1t ilyesfajta \u00e9lm\u00e9nyei teljesen \u00faj felfog\u00e1st ny\u00fajtanak a tudat sz\u00e1m\u00e1ra, ami lehet\u0151v\u00e9 teszi a bels\u0151 \u00f6sszef\u00fcgg\u00e9sek \u00e1tfog\u00f3 m\u00f3don val\u00f3 meg\u00e9rt\u00e9s\u00e9t, \u00e9s r\u00e1\u00e9breszt minket a felhalmozott intellektu\u00e1lis tud\u00e1sunk korl\u00e1tozotts\u00e1g\u00e1ra. Tudat\u00e1ra \u00e9bred\u00fcnk a (halhatatlan) szellem \u00e9s a (haland\u00f3) elme k\u00f6z\u00f6tt l\u00e9v\u0151 v\u00e1laszt\u00f3vonalnak.<\/p>\n<p>Amit ebben a vil\u00e1gban elm\u00e9leti szinten tanulunk, az az elm\u00e9nk sz\u00e1m\u00e1ra hasznos, r\u00f6gz\u00fcl az agyunkban \u00e9s itt marad a f\u00f6ldi t\u00e9rf\u00e9len. Csak az ker\u00fcl meg\u0151rz\u00e9sre oda\u00e1t \u00e9s k\u00eds\u00e9r el minket a t\u00falvil\u00e1gra, amit egy m\u00e9lyebb, alapvet\u0151bb szinten \u00e9l\u00fcnk \u00e1t.<\/p>\n<p>Rendszerint nem engedj\u00fck, hogy a Szellem vezesse az \u00e9let\u00fcnket. Igyeksz\u00fcnk a saj\u00e1t kez\u00fcnkbe venni a sorsunkat, mivel a h\u00e1tt\u00e9rben \u00e1ll\u00f3 isteni-szellemi l\u00e9ny nem k\u00e9pes hozz\u00e1f\u00e9rni a tudatunkhoz. \u00cdgy gyakran beleavatkozunk a term\u00e9szetes esem\u00e9nyekbe an\u00e9lk\u00fcl, hogy l\u00e1thatn\u00e1nk ennek a k\u00f6vetkezm\u00e9nyeit, vagyis a teremt\u00e9s kibernetikus (ir\u00e1nyad\u00f3) rendszer\u00e9nek a val\u00f3di ismerete \u00e1ltal\u00e1ban hi\u00e1nyzik bel\u0151l\u00fcnk.<\/p>\n<p>A hal\u00e1lk\u00f6zeli \u00e9lm\u00e9nyek, amikor a tudat kiszabadul az anyagi elme korl\u00e1tai k\u00f6z\u00fcl, eg\u00e9szen \u00faj bel\u00e1t\u00e1st ny\u00fajtanak az embernek \u00e9s teljesen megv\u00e1ltoztatj\u00e1k a sz\u00f3ban forg\u00f3 szem\u00e9ly jelenlegi \u00e9let\u00e9t, mivel f\u00f6ldi l\u00e9t\u00e9nek az \u00e9rtelme hirtelen vil\u00e1goss\u00e1 v\u00e1lik a sz\u00e1m\u00e1ra.<\/p>\n<p>N\u00e9melyek azt mondj\u00e1k, hogy a hal\u00e1lk\u00f6zeli \u00e9lm\u00e9nyeket az agy oxig\u00e9nhi\u00e1nya okozza, teh\u00e1t egy hallucin\u00e1ci\u00f3s vil\u00e1g jelenik meg az illet\u0151 el\u0151tt. Akkor viszont hogyan lehets\u00e9ges az, hogy mindek\u00f6zben oly ragyog\u00f3 \u00e9s sorsford\u00edt\u00f3 bel\u00e1t\u00e1sok sz\u00fcletnek?<\/p>\n<p>Az amerikai idegseb\u00e9sz, Eben Alexander, aki materialista nevel\u00e9sben r\u00e9szes\u00fclt, olyan m\u00e9ly benyom\u00e1sokkal t\u00e9rt vissza egy hal\u00e1lk\u00f6zeli \u00e9lm\u00e9nyb\u0151l, ami teljesen megv\u00e1ltoztatta az \u00e9let\u00e9t. Azt \u00edrja: \u201eAmikor elhagyjuk a fizikai test \u00e9s az agy korl\u00e1tait, csak akkor ismerhetj\u00fck meg az eg\u00e9sz teremt\u00e9ssel kapcsolatban \u00e1ll\u00f3 v\u00e9gtelen k\u00f6z\u00f6ss\u00e9g ter\u00e9t, \u00e9s csak akkor tapasztalhatjuk meg a teremt\u0151 hat\u00e1rtalan szeretet\u00e9t.\u201d<\/p>\n<p>A hal\u00e1lk\u00f6zeli \u00e9lm\u00e9ny az \u00e1tmeneti szakaszban t\u00f6rt\u00e9nik, amikor az agytudat, ami egyr\u00e9szt a szellemi, lelki \u00e9s finom-anyagi testek, m\u00e1sr\u00e9szt az anyagi test k\u00f6z\u00f6tt l\u00e9v\u0151 \u00e9letfonalat k\u00e9pezi, \u00e1tmenetileg kikapcsol ugyan, de m\u00e9g nem szakad el v\u00e9glegesen. Ez az az id\u0151szak, amikor az elm\u00falt \u00e9let teljes \u00e1ttekint\u00e9s\u00e9re ker\u00fcl sor. \u00c9rdekes m\u00f3don nem egy k\u00fcls\u0151 szem\u00e9ly az, aki a sz\u00f3ban forg\u00f3 szem\u00e9ly \u00e9let\u00e9nek panor\u00e1m\u00e1j\u00e1t, mintegy \u00edt\u00e9l\u0151b\u00edr\u00f3k\u00e9nt, v\u00e9gign\u00e9zi, hanem ink\u00e1bb maga a szem\u00e9ly a megfigyel\u0151, aki ily m\u00f3don \u00e9lett\u00f6rt\u00e9net\u00e9nek l\u00e9nyeg\u00e9t tudatos\u00edtja \u00f6nmag\u00e1ban. A l\u00e9nyeg ily m\u00f3don tov\u00e1bb vihet\u0151 a fejl\u0151d\u00e9si \u00faton sz\u00e1mos kit\u0171z\u00f6tt c\u00e9l fel\u00e9; egy olyan utaz\u00e1s fel\u00e9, melynek sor\u00e1n az illet\u0151 egy mindent \u00e1tfog\u00f3 kozmikus tudatra \u00e9bredve v\u00e9g\u00fcl mindent maga m\u00f6g\u00f6tt hagy.<\/p>\n<p>A hal\u00e1lk\u00f6zeli \u00e9lm\u00e9ny ut\u00e1n az emberek visszat\u00e9rnek az \u00e9letbe. Ez az\u00e9rt lehets\u00e9ges, mert az ez\u00fcstfonal, ami a t\u00falvil\u00e1gra ny\u00fal\u00f3 testeket az anyagi testtel \u00f6sszek\u00f6ti, m\u00e9g nem szakadt el v\u00e9gleg, \u00edgy ezek a testek m\u00e9g nem v\u00e1ltak el egym\u00e1st\u00f3l.<\/p>\n<p>Az ember \u00f6sszetett l\u00e9ny, aki egyr\u00e9szt halhatatlan l\u00e9lek, m\u00e1sr\u00e9szt egy olyan l\u00e9lek, aki a szelleminek \u00e9s az anyaginak egyar\u00e1nt r\u00e9szese. Az ember lelke r\u00e9szben haland\u00f3, r\u00e9szben halhatatlan.<\/p>\n<p>Amikor meghalunk, ez az \u00f6sszetetts\u00e9g megsz\u0171nik. A hal\u00e1l egyfajta \u00fajj\u00e1sz\u00fclet\u00e9s a t\u00falvil\u00e1gon.<\/p>\n<p>Az alv\u00e1s sor\u00e1n, ami a hal\u00e1l kistestv\u00e9re, az \u00f6sszetetts\u00e9g fellazul ugyan, de nem v\u00e1lik el egym\u00e1st\u00f3l. \u00c1lmainkban a szem\u00fcnk optikai \u00e9rz\u00e9kel\u0151rendszere n\u00e9lk\u00fcl is k\u00e9pesek vagyunk l\u00e1tni.<\/p>\n<p>A hal\u00e1lk\u00f6zeli \u00e9lm\u00e9nyhez hasonl\u00f3an, melynek sor\u00e1n az \u00f6sszet\u00e9tel fellazul\u00e1sa hangs\u00falyozottabb\u00e1 v\u00e1lik, \u00e1lmainkban az \u00e9rz\u00e9kel\u00e9s\u00fcnk szintjei kit\u00e1gulnak. Azt tapasztaljuk, hogy ilyenkor az id\u0151 is sokkal gyorsabban telik.<\/p>\n<p>A szellemet, a lelket \u00e9s a testet elektrom\u00e1gneses sug\u00e1rz\u00e1sok fogj\u00e1k \u00f6ssze. A haland\u00f3t a halhatatlannal a l\u00e9lek k\u00f6ti \u00f6ssze. Amikor meghalunk, a finom anyagi form\u00e1nk kiemelkedik az anyagi testb\u0151l, elhagyja azt \u00e9s nem r\u00e9szes\u00edti t\u00f6bb\u00e9 \u00e9letenergi\u00e1ban. Elsz\u00e1ll, mint egy ballon, amit nem lehet visszatartani. A fizikai test l\u00e9lek n\u00e9lk\u00fcl marad h\u00e1tra.<\/p>\n<p>Ahhoz, hogy jobban meg\u00e9rts\u00fck ezeket a kapcsolatokat, szeretn\u00e9nk k\u00f6zelebbr\u0151l szem\u00fcgyre venni az ember t\u00f6bbdimenzi\u00f3s l\u00e9ny\u00e9t.<\/p>\n","protected":false},"author":920,"featured_media":7648,"template":"","meta":{"_acf_changed":false},"tags":[],"category_":[110432],"tags_english_":[],"class_list":["post-90163","logon_article","type-logon_article","status-publish","has-post-thumbnail","hentry","category_-zeitgeist-hu"],"acf":[],"_links":{"self":[{"href":"https:\/\/logon.media\/hu\/wp-json\/wp\/v2\/logon_article\/90163","targetHints":{"allow":["GET"]}}],"collection":[{"href":"https:\/\/logon.media\/hu\/wp-json\/wp\/v2\/logon_article"}],"about":[{"href":"https:\/\/logon.media\/hu\/wp-json\/wp\/v2\/types\/logon_article"}],"author":[{"embeddable":true,"href":"https:\/\/logon.media\/hu\/wp-json\/wp\/v2\/users\/920"}],"wp:featuredmedia":[{"embeddable":true,"href":"https:\/\/logon.media\/hu\/wp-json\/wp\/v2\/media\/7648"}],"wp:attachment":[{"href":"https:\/\/logon.media\/hu\/wp-json\/wp\/v2\/media?parent=90163"}],"wp:term":[{"taxonomy":"post_tag","embeddable":true,"href":"https:\/\/logon.media\/hu\/wp-json\/wp\/v2\/tags?post=90163"},{"taxonomy":"category_","embeddable":true,"href":"https:\/\/logon.media\/hu\/wp-json\/wp\/v2\/category_?post=90163"},{"taxonomy":"tags_english_","embeddable":true,"href":"https:\/\/logon.media\/hu\/wp-json\/wp\/v2\/tags_english_?post=90163"}],"curies":[{"name":"wp","href":"https:\/\/api.w.org\/{rel}","templated":true}]}}