{"id":90046,"date":"2020-01-03T13:01:20","date_gmt":"2020-01-03T13:01:20","guid":{"rendered":"https:\/\/logon.media\/logon_article\/tuz\/"},"modified":"2022-09-26T18:18:01","modified_gmt":"2022-09-26T18:18:01","slug":"tuz","status":"publish","type":"logon_article","link":"https:\/\/logon.media\/hu\/logon_article\/tuz\/","title":{"rendered":"T\u0171z"},"content":{"rendered":"<p><em>Ez a cikk v\u00e1laszk\u00e9nt \u00edr\u00f3dott azokra a kiterjedt \u00e9s rendk\u00edv\u00fcl heves vadonbeli t\u00fczekre, amelyek Ausztr\u00e1lia k\u00fcl\u00f6nb\u00f6z\u0151 r\u00e9szein t\u00e1madtak az elm\u00falt k\u00e9t h\u00f3nap sor\u00e1n. K\u00e9t vagy h\u00e1rom \u00e9v kem\u00e9ny sz\u00e1razs\u00e1g ut\u00e1n az orsz\u00e1g nagy r\u00e9sze csontsz\u00e1raz \u00e9s a f\u0151leg ill\u00f3olajban gazdag eukaliptusz f\u00e1kb\u00f3l \u00e1ll\u00f3 n\u00f6v\u00e9nyzet hevesen \u00e9s nagyon gyorsan \u00e9g. Ez term\u00e9szetesen vil\u00e1gm\u00e9ret\u0171 jelens\u00e9g \u00e9s ugyan\u00fagy vonatkozik az Amazonas menti, Spanyolorsz\u00e1g-beli, kaliforniai, valamint Kanada \u00e9s Szib\u00e9ria \u00e9szaki r\u00e9sz\u00e9n, \u00e9s egy\u00e9b helyeken keletkezett t\u00fczekre is.<\/em><\/p>\n<p>Ha mi teremtj\u00fck a saj\u00e1t val\u00f3s\u00e1gunkat, akkor lehet, hogy mi, emberek vagyunk felel\u0151sek ezeknek a t\u00fczeknek a l\u00e9trej\u00f6tt\u00e9\u00e9rt? Hogyan?<\/p>\n<p>Ami a t\u00fczet illeti, Buddha vil\u00e1gosan megmondta, hogy mi emberek mindannyian hajlamosak vagyunk \u00f6nz\u0151 v\u00e1gyaink t\u00fcz\u00e9ben \u00e9gni. Ha azt a m\u00faltat n\u00e9zz\u00fck, ami a jelenlegi helyzethez vezetett, az eg\u00e9sz nem m\u00e1s, mint olyan \u00e9nk\u00f6zpont\u00fa v\u00e1laszt\u00e1sok okainak \u00e9s okozatainak a l\u00e1ncolata, egyik l\u00e1ncszem a m\u00e1sik ut\u00e1n, egy\u00e9nileg \u00e9pp\u00fagy, mint t\u00e1rsadalmilag, aminek ez lett az eredm\u00e9nye. A jelenlegi k\u00f6r\u00fclm\u00e9nyek, amelyekben most mindannyian \u00e9l\u00fcnk, \u00e9s a k\u00f6z\u00f6s dr\u00e1ma, ami a k\u00f6r\u00fcl\u00f6tt\u00fcnk l\u00e9v\u0151 vil\u00e1g k\u00e9perny\u0151j\u00e9n bontakozik ki a szem\u00fcnk l\u00e1tt\u00e1ra.<\/p>\n<p>Az \u00e9nk\u00f6zpont\u00fa gondolkod\u00e1s \u00f6nz\u0151 \u00e9rz\u00e9sekhez vezet \u00e9s ezek az \u00f6nz\u0151 szenved\u00e9lyek \u00e9s asztr\u00e1lis viharok ir\u00e1ny\u00edtj\u00e1k az \u00e9let\u00fcnket \u2013 amit mi \u00e9letnek k\u00e9pzel\u00fcnk, de ami ink\u00e1bb dr\u00e1m\u00e1hoz \u00e9s f\u00e1jdalomhoz val\u00f3 ragaszkod\u00e1s. A v\u00e1gyak t\u00fcz\u00e9ben \u00e9g\u00fcnk! A kiel\u00e9g\u00fcletlen \u00e9let kiolthatatlan t\u00fcz\u00e9ben, amir\u0151l Buddha besz\u00e9lt \u2013 dukkha &#8211; \u201eaz eg\u00e9sz \u00e9let szenved\u00e9s\u201d\u2026 kiel\u00e9g\u00fcletlen az\u00e9rt, mert az eg\u00e9sz nem m\u00e1s, mint \u00e1tmeneti jelens\u00e9gek m\u00fal\u00f3 par\u00e1d\u00e9ja, melyek sohasem fogj\u00e1k kiel\u00e9g\u00edteni a sz\u00edv\u00fcnkben l\u00e9v\u0151 v\u00e1gyakoz\u00e1st\u2026 az el nem m\u00fal\u00f3 szeretet ir\u00e1nt, az igaz bel\u00e1t\u00e1s \u00e9s b\u00f6lcsess\u00e9g ir\u00e1nt, az igazs\u00e1g ismeret\u00e9b\u0151l fakad\u00f3 b\u00e1tors\u00e1g \u00e9s az aszerint val\u00f3 \u00e9let ir\u00e1nt. B\u00e1rcsak vil\u00e1gosan felismern\u00e9nk \u00e9s meg\u00e9rten\u00e9nk azt az igazs\u00e1got, hogy ezeket a dolgokat sohasem tal\u00e1lhatjuk meg a k\u00fcls\u0151 vil\u00e1gban, b\u00e1rmit tesz\u00fcnk is \u00e9rte\u2026 mert ezek a dolgok egy\u00e1ltal\u00e1n nem tal\u00e1lhat\u00f3k meg itt.<\/p>\n<p>Ink\u00e1bb bel\u00fcl kellene keresn\u00fcnk ezeket az \u00f6r\u00f6k \u00e9rt\u00e9keket, mert az az egyetlen hely, ahol megtal\u00e1lhatjuk \u0151ket. Ez azt jelenti, hogy szembe kell fordulnunk azzal a hazugs\u00e1ggal, miszerint csak a fizikai \u00e9s m\u00e9rhet\u0151 dolgok val\u00f3diak. Mivel van egy finomabb val\u00f3s\u00e1g, ami mindannyiunk sz\u00e1m\u00e1ra el\u00e9rhet\u0151 \u2013 l\u00e1thatatlan, m\u00e9gis sokkal val\u00f3dibbk\u00e9nt tapasztalhat\u00f3 meg, mint a k\u00f6r\u00fcl\u00f6tt\u00fcnk l\u00e9v\u0151 vil\u00e1g.<\/p>\n<p>S ha megfordulunk \u00e9s szemben\u00e9z\u00fcnk ezzel a lehet\u0151s\u00e9ggel, \u00e9s megny\u00edlunk ennek a tapasztalatnak a sz\u00e1m\u00e1ra, elengedve minden k\u00fcls\u0151 jelens\u00e9ghez val\u00f3 ragaszkod\u00e1st, akkor vil\u00e1gosan l\u00e1tni fogjuk, hogy ki kell \u00fcr\u00edten\u00fcnk \u00f6nmagunkat ahhoz, hogy eloltsuk az \u00e9nk\u00f6zpont\u00fa v\u00e1gyak d\u00fch\u00f6ng\u0151 l\u00e1ngjait \u00e9s ez\u00e1ltal megtal\u00e1ljuk azt a csendes, bels\u0151 b\u00e9k\u00e9t, amelyb\u0151l az \u00e9let\u00fcnk sz\u00e1rmazik.<\/p>\n<p>Amikor megtal\u00e1ljuk ezt a nyugodt, bels\u0151 b\u00e9k\u00e9t \u00e9s tudatosan azt v\u00e1lasztjuk, hogy benne legy\u00fcnk \u00e9s bel\u0151le \u00e9lj\u00fcnk, \u00e1tadjuk neki minden \u00e9nk\u00f6zpont\u00fa t\u00f6rekv\u00e9s\u00fcnket, akkor a vil\u00e1g megszabadul az \u00e9nk\u00f6zpont\u00fa kivet\u00edt\u00e9sek terh\u00e9t\u0151l, \u00e9s a val\u00f3di rendje v\u00e9gre helyre\u00e1ll. Az \u00f6nz\u0151 v\u00e1gyak t\u00fczei kialszanak \u00e9s a Szeretet gyeng\u00e9d t\u00fczei l\u00e9pnek a hely\u00fckbe.<\/p>\n<p>A sziv\u00e1rv\u00e1ny annak az \u00edg\u00e9rete, hogy a bolyg\u00f3m\u00e9ret\u0171 v\u00e1ltoz\u00e1s t\u00f6bb\u00e9 nem v\u00edz\u00f6z\u00f6n \u00e1ltal fog bek\u00f6vetkezni. Hanem a j\u00f6vend\u00f6l\u00e9s szerint a k\u00f6vetkez\u0151 v\u00e1ltoz\u00e1st t\u0171z fogja el\u0151id\u00e9zni \u2013 a L\u00e9lek t\u00fcze, ami a v\u00e1laszt\u00e1saink k\u00f6vetkezm\u00e9nyeivel val\u00f3 szembes\u00edt\u00e9s \u00e1ltal tudatoss\u00e1 tesz minket.<\/p>\n<p>Vajon a fizikai vil\u00e1g vadont\u00fczei valamilyen m\u00f3don kapcsolatban \u00e1llnak ezzel? Vajon az emberis\u00e9g tudat\u00e1llapota befoly\u00e1solja a f\u00f6ld l\u00e9gk\u00f6r\u00e9t, bele\u00e9rtve az id\u0151j\u00e1r\u00e1st \u00e9s a kl\u00edmav\u00e1ltoz\u00e1st? S ha igen, milyen m\u00e9rt\u00e9kben?<\/p>\n<p>\u00c9rdemes ezen elgondolkodni&#8230;<\/p>\n","protected":false},"author":923,"featured_media":7326,"template":"","meta":{"_acf_changed":false},"tags":[],"category_":[110432],"tags_english_":[],"class_list":["post-90046","logon_article","type-logon_article","status-publish","has-post-thumbnail","hentry","category_-zeitgeist-hu"],"acf":[],"_links":{"self":[{"href":"https:\/\/logon.media\/hu\/wp-json\/wp\/v2\/logon_article\/90046","targetHints":{"allow":["GET"]}}],"collection":[{"href":"https:\/\/logon.media\/hu\/wp-json\/wp\/v2\/logon_article"}],"about":[{"href":"https:\/\/logon.media\/hu\/wp-json\/wp\/v2\/types\/logon_article"}],"author":[{"embeddable":true,"href":"https:\/\/logon.media\/hu\/wp-json\/wp\/v2\/users\/923"}],"wp:featuredmedia":[{"embeddable":true,"href":"https:\/\/logon.media\/hu\/wp-json\/wp\/v2\/media\/7326"}],"wp:attachment":[{"href":"https:\/\/logon.media\/hu\/wp-json\/wp\/v2\/media?parent=90046"}],"wp:term":[{"taxonomy":"post_tag","embeddable":true,"href":"https:\/\/logon.media\/hu\/wp-json\/wp\/v2\/tags?post=90046"},{"taxonomy":"category_","embeddable":true,"href":"https:\/\/logon.media\/hu\/wp-json\/wp\/v2\/category_?post=90046"},{"taxonomy":"tags_english_","embeddable":true,"href":"https:\/\/logon.media\/hu\/wp-json\/wp\/v2\/tags_english_?post=90046"}],"curies":[{"name":"wp","href":"https:\/\/api.w.org\/{rel}","templated":true}]}}