{"id":89960,"date":"2019-12-05T20:18:27","date_gmt":"2019-12-05T20:18:27","guid":{"rendered":"https:\/\/logon.media\/logon_article\/a-lelek-ejszakaja\/"},"modified":"2019-12-05T20:18:27","modified_gmt":"2019-12-05T20:18:27","slug":"a-lelek-ejszakaja","status":"publish","type":"logon_article","link":"https:\/\/logon.media\/hu\/logon_article\/a-lelek-ejszakaja\/","title":{"rendered":"A l\u00e9lek \u00e9jszak\u00e1ja"},"content":{"rendered":"<p>F\u00e9nyes nappal, hirtelen r\u00e1m borult a s\u00f6t\u00e9ts\u00e9g. Egy\u00e1ltal\u00e1n nem l\u00e1ttam a k\u00f6zeled\u00e9s\u00e9t, de hirtelen \u00fagy t\u0171nt, hogy minden ellenem fordul. \u00dagy \u00e9reztem, hogy \u00fcld\u00f6znek, s\u0151t tal\u00e1n m\u00e9g az \u00e9letemre is t\u00f6rnek \u2013 legal\u00e1bbis ezt gyan\u00edtottam. Maga az \u00e9let fordult ellenem \u00e9s egy\u00e1ltal\u00e1n nem \u00e9rtettem, hogy mi\u00e9rt.<\/p>\n<p>Nyomaszt\u00f3 k\u00e9ts\u00e9g gy\u00f6t\u00f6rt \u00e9s s\u00f6t\u00e9t gondolatok sz\u00e1lltak meg. A t\u00fcrelmesen fel\u00e9p\u00edtett bizonyoss\u00e1gaim mind romba d\u0151ltek. A minden h\u00e1tter\u00e9ben \u00e1ll\u00f3 jelenl\u00e9t m\u00e9ly \u00e9rzete most rejt\u00e9ly volt a sz\u00e1momra \u00e9s b\u00e1rmif\u00e9le \u00fatmutat\u00e1s n\u00e9lk\u00fcl magamra maradtam. L\u00e9nyem m\u00e9ly\u00e9re s\u00fcllyedve \u00e9s a sors s\u00f6t\u00e9t er\u0151inek k\u00e9ny\u00e9re-kedv\u00e9re kit\u00e9ve, azt k\u00e9rdeztem magamt\u00f3l, az \u00e9g szerelm\u00e9re, mit\u00e9v\u0151 legyek most?<\/p>\n<p>H\u00e1t nem \u00e9ppen ez a vesz\u00e9ly leselkedett r\u00e1m? Arra cs\u00e1b\u00edtva, hogy hirtelen reag\u00e1ljak, hogy azonnal megk\u00fczdjek a fenyeget\u0151 ellens\u00e9ggel. Hogy \u00f6szt\u00f6n\u00f6sen \u00e9s teljes er\u0151b\u0151l v\u00e9dekezzek mindenf\u00e9le csap\u00e1s ellen, b\u00e1rmi is fenyeget. Hat\u00e1rozottan kezelve az okokat \u00e9s er\u00e9lyesen harcolva.<\/p>\n<p>Ily m\u00f3don reag\u00e1lva azonban csak m\u00e9g s\u00falyosabb\u00e1 tettem a helyzetemet, nemde? Az ellen\u00e1ll\u00e1ssal meger\u0151s\u00edtettem a s\u00f6t\u00e9t er\u0151ket, melyek az \u00e9n energi\u00e1mb\u00f3l t\u00e1pl\u00e1lkoztak. S minden \u00f6szt\u00f6nszer\u0171 gondolatom egy h\u00e1l\u00f3t k\u00e9pezett, amibe egyre jobban belegabalyodtam\u2026 m\u00edg v\u00e9g\u00fcl egy mindent els\u00f6pr\u0151 p\u00e1nik megb\u00e9n\u00edtott. Teljesen beragadtam. K\u00e9pletesen sz\u00f3lva, m\u00e9g az orromig sem l\u00e1ttam \u00e9s nagyon f\u00e9ltem a s\u00f6t\u00e9tben. Nem vettem \u00e9szre, hogy minden szabadul\u00e1sra ir\u00e1nyul\u00f3 k\u00eds\u00e9rletem csak m\u00e9g jobban n\u00f6veli szorult helyzetemet.<\/p>\n<p>\u00cdgy azt\u00e1n v\u00e9ge hossza nem volt az ellen\u00e1ll\u00e1somnak, mik\u00f6zben az\u00e9rt k\u00fczd\u00f6ttem, hogy \u00f6nk\u00e9nt feladjam az \u00f6nv\u00e9delmemet. Mint a hajl\u00e9kony n\u00e1d az er\u0151s sz\u00e9lben, megh\u00faztam magam, am\u00edg a vihar enyh\u00fclni nem kezdett. V\u00e9dtelen voltam ez ellen a hatalmas er\u0151 ellen, \u00e9s \u00fagy t\u0171nt, mintha nem lenne semmi fontos szerepem az \u00e9letben. A r\u00e9gi zsolt\u00e1r szavai szerint \u201eszemeimet a hegyekre emeltem, ahonnan j\u00f6n az \u00e9n seg\u00edts\u00e9gem\u201d.<\/p>\n<p>Tudtam, hogy el\u0151bb-ut\u00f3bb megj\u00f6n a seg\u00edts\u00e9g, m\u00e9g akkor is, ha nem tudom az idej\u00e9t. Tov\u00e1bbra is bizakodnom kellett ebben a seg\u00edts\u00e9gben, ami kezdetben tal\u00e1n csak valamif\u00e9le kegyelemk\u00e9nt arra szolg\u00e1l, hogy megadjam magam a k\u00f6r\u00fclm\u00e9nyeknek, amelyeket \u00e1t kell \u00e9lnem. Azt\u00e1n tal\u00e1n hirtelen megj\u00f6n a bel\u00e1t\u00e1sa is annak, ami t\u00f6rt\u00e9nt velem, \u00e9s hogy mindezt mi\u00e9rt teremtettem meg. S v\u00e9g\u00fcl elj\u00f6n a k\u00f6z\u00e9ppont szellemi ereje, megt\u00f6lti a lelkemet \u00e9s felemel az \u00e9let\u00e9rt val\u00f3 k\u00fczdelmem f\u00f6l\u00e9.<\/p>\n<p>V\u00e9g\u00fcl ez az er\u0151 mutatta meg nekem az utat, hogyan szabadulhatok meg \u00f6nmagamt\u00f3l \u00e9s juthatok el egy olyan helyre, ahol nincs t\u00f6bb\u00e9 sem j\u00f3l\u00e9t sem balsors, semmi ami fenyegethetne, sem az \u00e9n nem l\u00e9tezik t\u00f6bb\u00e9, amit fenyegetni lehetne. Az \u00e9jszaka elm\u00falt \u00e9s v\u00e9gre elj\u00f6tt a reggel.<\/p>\n","protected":false},"author":923,"featured_media":7072,"template":"","meta":{"_acf_changed":false},"tags":[],"category_":[110104],"tags_english_":[],"class_list":["post-89960","logon_article","type-logon_article","status-publish","has-post-thumbnail","hentry","category_-spiritsoul-hu"],"acf":[],"_links":{"self":[{"href":"https:\/\/logon.media\/hu\/wp-json\/wp\/v2\/logon_article\/89960","targetHints":{"allow":["GET"]}}],"collection":[{"href":"https:\/\/logon.media\/hu\/wp-json\/wp\/v2\/logon_article"}],"about":[{"href":"https:\/\/logon.media\/hu\/wp-json\/wp\/v2\/types\/logon_article"}],"author":[{"embeddable":true,"href":"https:\/\/logon.media\/hu\/wp-json\/wp\/v2\/users\/923"}],"wp:featuredmedia":[{"embeddable":true,"href":"https:\/\/logon.media\/hu\/wp-json\/wp\/v2\/media\/7072"}],"wp:attachment":[{"href":"https:\/\/logon.media\/hu\/wp-json\/wp\/v2\/media?parent=89960"}],"wp:term":[{"taxonomy":"post_tag","embeddable":true,"href":"https:\/\/logon.media\/hu\/wp-json\/wp\/v2\/tags?post=89960"},{"taxonomy":"category_","embeddable":true,"href":"https:\/\/logon.media\/hu\/wp-json\/wp\/v2\/category_?post=89960"},{"taxonomy":"tags_english_","embeddable":true,"href":"https:\/\/logon.media\/hu\/wp-json\/wp\/v2\/tags_english_?post=89960"}],"curies":[{"name":"wp","href":"https:\/\/api.w.org\/{rel}","templated":true}]}}