{"id":89719,"date":"2019-07-08T10:24:46","date_gmt":"2019-07-08T10:24:46","guid":{"rendered":"https:\/\/logon.media\/logon_article\/elethullamok\/"},"modified":"2019-07-08T10:24:46","modified_gmt":"2019-07-08T10:24:46","slug":"elethullamok","status":"publish","type":"logon_article","link":"https:\/\/logon.media\/hu\/logon_article\/elethullamok\/","title":{"rendered":"\u00c9lethull\u00e1mok"},"content":{"rendered":"<p>&nbsp;<\/p>\n<p>&nbsp;<\/p>\n<p><em>\u00dcl\u00fcnk a parton \u2013 te meg \u00e9n.<\/em><\/p>\n<p><em>Lassan alkonyodik, a b\u00facs\u00faz\u00f3 napf\u00e9ny<\/em><\/p>\n<p><em>felh\u0151k f\u00e1tyla m\u00f6g\u00e9 b\u00fajik&#8230;<\/em><\/p>\n<p>&nbsp;<\/p>\n<p><em>N\u00e9zem a hull\u00e1mokat.<\/em><\/p>\n<p><em>Megb\u0171v\u00f6lten, gondolatokba mer\u00fclve.<\/em><\/p>\n<p>&nbsp;<\/p>\n<p><em>Sz\u00e9l se rebben.<\/em><\/p>\n<p><em>A tenger nyugodt, sehol egy v\u00edzfodor.<\/em><\/p>\n<p><em>A leveg\u0151ben m\u00e9lys\u00e9ges, kellemes csend honol.<\/em><\/p>\n<p>&nbsp;<\/p>\n<p><em>A hull\u00e1mok azonban ott vannak. Sz\u00fcntelen\u00fcl.<\/em><\/p>\n<p><em>N\u00e9ha alig \u00e9rz\u00e9kelhet\u0151k, de akkor is l\u00e9teznek.<\/em><\/p>\n<p><em>Ki hallott m\u00e1r olyat, hogy ne lenn\u00e9nek?<\/em><\/p>\n<p><em>El\u0151fordult m\u00e1r, hogy kiment\u00e9l a partra \u00e9s nem l\u00e1tt\u00e1l hull\u00e1mokat?<\/em><\/p>\n<p>&nbsp;<\/p>\n<p><em>Most csek\u00e9lyek, apr\u00f3k, jelent\u00e9ktelenek.<\/em><\/p>\n<p><em>Szel\u00eddek.<\/em><\/p>\n<p><em>Csak \u00fagy \u201ekeletkeznek\u201d. Senki sem tudja honnan, csak j\u00f6nnek.<\/em><\/p>\n<p><em>A \u201esemmib\u0151l\u201d.<\/em><\/p>\n<p>&nbsp;<\/p>\n<p><em>A csendb\u0151l emelkednek l\u00e1gyan, vid\u00e1man hull\u00e1mot vetnek,<\/em><\/p>\n<p><em>megcsillanva egy pillanatra, azt\u00e1n elter\u00fclnek a homokon.<\/em><\/p>\n<p><em>Semmi sem utal t\u00f6bb\u00e9 arra, hogy l\u00e9teztek \u2013 csak mi tudjuk.<\/em><\/p>\n<p>&nbsp;<\/p>\n<p><em>Elgondolkodom a hull\u00e1mon, merengve.<\/em><\/p>\n<p><em>Mintha n\u00e9ma h\u00edrhoz\u00f3, hordoz\u00f3, \u00e1tform\u00e1l\u00f3 er\u0151 lenne.<\/em><\/p>\n<p><em>Valami felfoghatatlan dolgot hordoz mag\u00e1val.<\/em><\/p>\n<p><em>Tovag\u00f6rgetve, megv\u00e1ltoztatva \u2013 azt\u00e1n elengedve&#8230;<\/em><\/p>\n<p>&nbsp;<\/p>\n<p><em>Azt\u00e1n a szeretetre gondolok.<\/em><\/p>\n<p><em>A szeretetre, ami egyszer csak megjelenik.<\/em><\/p>\n<p><em>Nem l\u00e1tjuk a forr\u00e1s\u00e1t, az \u00e9rz\u00e9keinkkel felfoghatatlan.<\/em><\/p>\n<p><em>A \u201esemmib\u0151l\u201d keletkezik.<\/em><\/p>\n<p>&nbsp;<\/p>\n<p><em>Sz\u00edv\u00fcnkben a szeretet felbuzog \u00e9s finom hull\u00e1mokk\u00e1 dagad.<\/em><\/p>\n<p><em>\u00d6r\u00f6mmel \u00e9s h\u00e1l\u00e1val telten pezseg.<\/em><\/p>\n<p><em>Hull\u00e1mot vet benn\u00fcnk.<\/em><\/p>\n<p><em>Megv\u00e1ltoztat \u2013 azt\u00e1n elillan.<\/em><\/p>\n<p>&nbsp;<\/p>\n<p><em>Semmi sem utal arra, hogy l\u00e9tezett \u2013 csak mi tudjuk.<\/em><\/p>\n<p><em>A parton \u00fclve magunkra gondolok.<\/em><\/p>\n<p><em>N\u00e9ma h\u00edrhoz\u00f3k, hordoz\u00f3k vagyunk.<\/em><\/p>\n<p><em>Kapunk valamit, amit azt\u00e1n felfoghat\u00f3v\u00e1 alak\u00edtunk.<\/em><\/p>\n<p>&nbsp;<\/p>\n<p><em>\u00c9rz\u00fcnk egy szeretethull\u00e1mot, melengetj\u00fck a sz\u00edv\u00fcnkben.<\/em><\/p>\n<p><em>\u00c9rezz\u00fck, ahogy hull\u00e1mzik \u00e9s var\u00e1zslatosan pezseg benn\u00fcnk.<\/em><\/p>\n<p><em>Azt\u00e1n hagyjuk, hogy tovat\u0171nj\u00f6n megint&#8230;<\/em><\/p>\n<p>&nbsp;<\/p>\n<p><em>Tudv\u00e1n, hogy itt volt \u2013 \u00e9s elj\u00f6n \u00fajra.<\/em><\/p>\n<p><em>Tudv\u00e1n, hogy nem tarthatjuk meg, nem a mi\u00e9nk.<\/em><\/p>\n<p>&nbsp;<\/p>\n<p><em>Az \u00e1talakul\u00e1sra gondolok.<\/em><\/p>\n<p><em>Azt\u00e1n mir\u00e1nk.<\/em><\/p>\n<p><em>Emberekre \u2013 az emberi fajra.<\/em><\/p>\n<p>&nbsp;<\/p>\n<p><em>Meg kell v\u00e1ltoznunk, \u00e1t kell alakulnunk, meg kell \u00fajulnunk.<\/em><\/p>\n<p><em>Hiszen val\u00f3j\u00e1ban mi is hull\u00e1mok vagyunk.<\/em><\/p>\n<p><em>Emberi \u00e9lethull\u00e1mok.<\/em><\/p>\n","protected":false},"author":923,"featured_media":6392,"template":"","meta":{"_acf_changed":false},"tags":[],"category_":[110065],"tags_english_":[],"class_list":["post-89719","logon_article","type-logon_article","status-publish","has-post-thumbnail","hentry","category_-art-hu"],"acf":[],"_links":{"self":[{"href":"https:\/\/logon.media\/hu\/wp-json\/wp\/v2\/logon_article\/89719","targetHints":{"allow":["GET"]}}],"collection":[{"href":"https:\/\/logon.media\/hu\/wp-json\/wp\/v2\/logon_article"}],"about":[{"href":"https:\/\/logon.media\/hu\/wp-json\/wp\/v2\/types\/logon_article"}],"author":[{"embeddable":true,"href":"https:\/\/logon.media\/hu\/wp-json\/wp\/v2\/users\/923"}],"wp:featuredmedia":[{"embeddable":true,"href":"https:\/\/logon.media\/hu\/wp-json\/wp\/v2\/media\/6392"}],"wp:attachment":[{"href":"https:\/\/logon.media\/hu\/wp-json\/wp\/v2\/media?parent=89719"}],"wp:term":[{"taxonomy":"post_tag","embeddable":true,"href":"https:\/\/logon.media\/hu\/wp-json\/wp\/v2\/tags?post=89719"},{"taxonomy":"category_","embeddable":true,"href":"https:\/\/logon.media\/hu\/wp-json\/wp\/v2\/category_?post=89719"},{"taxonomy":"tags_english_","embeddable":true,"href":"https:\/\/logon.media\/hu\/wp-json\/wp\/v2\/tags_english_?post=89719"}],"curies":[{"name":"wp","href":"https:\/\/api.w.org\/{rel}","templated":true}]}}