{"id":89305,"date":"2019-01-01T10:50:23","date_gmt":"2019-01-01T10:50:23","guid":{"rendered":"https:\/\/logon.media\/logon_article\/a-mehesz\/"},"modified":"2019-01-01T10:50:23","modified_gmt":"2019-01-01T10:50:23","slug":"a-mehesz","status":"publish","type":"logon_article","link":"https:\/\/logon.media\/hu\/logon_article\/a-mehesz\/","title":{"rendered":"A m\u00e9h\u00e9sz"},"content":{"rendered":"<p>\u00c9lt egyszer r\u00e9gen Perzsi\u00e1ban egy vak m\u00e9h\u00e9sz, aki l\u00e1t\u00e1s\u00e1nak elveszt\u00e9s\u00e9t a t\u00f6bbi \u00e9rz\u00e9kel\u0151 k\u00e9pess\u00e9g\u00e9nek a ki\u00e9les\u00edt\u00e9s\u00e9vel p\u00f3tolta. Olyannyira, hogy k\u00e9pes volt sz\u00f3ba elegyedni a m\u00e9hkir\u00e1lyn\u0151ivel.<\/p>\n<p>A m\u00e9h\u00e9sz egy kiv\u00e9telesen fens\u00e9ges o\u00e1zisban \u00e9lt el\u00e9gedetten, a m\u00e9hei pedig \u00f6r\u00f6mmel szolg\u00e1lt\u00e1k \u00e9s szorgalmasan dolgoztak, ami j\u00f3l\u00e9tet biztos\u00edtott a sz\u00e1m\u00e1ra. M\u00e9h\u00e9szked\u00e9s\u00e9nek \u00e9vtizedei sor\u00e1n sajn\u00e1lattal kellett tapasztalnia, hogy a szomsz\u00e9ds\u00e1g m\u00e9hkapt\u00e1rait betegs\u00e9g t\u00e1madta meg \u00e9s azok n\u00e9pess\u00e9ge kipusztult. A m\u00e9h\u00e9sz, aki mindig biztons\u00e1gban \u00e9rezte mag\u00e1t a fenyegetetts\u00e9gekt\u0151l, naponta \u00e9rdekfesz\u00edt\u0151 filoz\u00f3fiai besz\u00e9lget\u00e9sekbe mer\u00fclt a m\u00e9hkir\u00e1lyn\u0151ivel \u00e9s az el\u00e9gedetts\u00e9g napf\u00e9ny\u00e9ben f\u00fcrd\u00f6tt szeml\u00e9l\u0151d\u0151 vil\u00e1g\u00e1ban.<\/p>\n<p>Azut\u00e1n egy nap hirtelen az esti sz\u00fcrk\u00fcletben, ami egyben \u00e9let\u00e9nek is az alkonya volt, ahogy le\u00fclt, hogy szok\u00e1s szerint, kincset \u00e9r\u0151 besz\u00e9lget\u00e9st folytasson a m\u00e9hkir\u00e1lyn\u0151kkel, megd\u00f6bbent\u0151, megr\u00e1z\u00f3 felfedez\u00e9st tett:<\/p>\n<p>Minden \u00e9l\u00e9nks\u00e9g megsz\u0171nt, a vir\u00e1gz\u00f3 \u00e9let elt\u0171nt a kapt\u00e1rakb\u00f3l \u00e9s f\u00e1radt kezei csak \u00e9lettelen testeket tapintottak. K\u00e9ts\u00e9gbeesetten roskadt a f\u00f6ldre \u00e9s egy kimondhatatlanul f\u00e1jdalmas MI\u00c9RT? ki\u00e1lt\u00e1ssal meredt a hatalmas semmibe. A vak m\u00e9h\u00e9sz h\u00e9t napon \u00e9s h\u00e9t \u00e9jszak\u00e1n kereszt\u00fcl kesergett, amikor v\u00e9g\u00fcl, meglep\u0151 m\u00f3don, v\u00e1laszt kapott valahonnan, l\u00e1tsz\u00f3lag a semmib\u0151l:<\/p>\n<p>\u201eM\u00e9h\u00e9sz, megadatott neked, hogy mindig biztons\u00e1gban \u00e9s j\u00f3l\u00e9tben \u00e9lhess, \u00e9s ez napi rutinn\u00e1 v\u00e1lt a sz\u00e1modra. Hogyan hozhattam volna m\u00e1sk\u00e9pp a tudom\u00e1sodra, hogy mindez nem t\u00f6rv\u00e9nyszer\u0171? T\u00fal sok\u00e1ig v\u00e1rtam m\u00e1r, \u00e9s most elj\u00f6tt az ideje, hogy meg\u00e9rtessem veled, mit jelent elhagyatottnak lenni \u00e9s hi\u00e1nyt szenvedni, hogy megtapasztald a szeg\u00e9nys\u00e9get is. A m\u00e9hek k\u00e9szs\u00e9ggel, \u00f6nsz\u00e1ntukb\u00f3l fel\u00e1ldozt\u00e1k magukat az\u00e9rt, hogy megtapasztalhasd azt, ami alapvet\u0151 fontoss\u00e1g\u00fa sz\u00e1modra.<\/p>\n<p>Minden \u00e9l\u0151l\u00e9nynek, minden \u00e9letnek \u00e1t kell \u00e9lnie ezt a k\u00e9t v\u00e9gletet, mert nincstelens\u00e9g n\u00e9lk\u00fcl, hi\u00e1ny\u00e9rzet \u00e9s elhagyatotts\u00e1g n\u00e9lk\u00fcl nem tal\u00e1lod meg az utat vissza hozz\u00e1m. Sohasem sz\u00f3l\u00edtott\u00e1l volna engem, sohasem tetted volna fel azt a k\u00e9rd\u00e9st, amit r\u00f6gt\u00f6n azut\u00e1n tett\u00e9l fel, hogy elvesztetted a l\u00e1t\u00e1sodat. Att\u00f3l a pillanatt\u00f3l kezdve sok \u00e9ven kereszt\u00fcl \u00e9ltem a te nagy sz\u00edvedben, de azt\u00e1n csendesen elt\u0171ntem, fokozatosan visszah\u00faz\u00f3dtam a testedb\u0151l, mint egy elhal\u00f3 visszhang. S a megszok\u00e1s ereje v\u00e1lt a te Istenedd\u00e9.<\/p>\n<p>Szeretlek t\u00e9ged m\u00e9h\u00e9sz. Mivel a gyermekem vagy, hamarosan vissza kell t\u00e9rned az otthonodba, hozz\u00e1m,<\/p>\n<p>a te Aty\u00e1dhoz \u00e9s Any\u00e1dhoz, mivel az esti sz\u00fcrk\u00fcletnek hamarosan v\u00e9ge lesz. Nem a megszok\u00e1s fog \u00fcdv\u00f6z\u00f6lni t\u00e9ged, nem, \u00c9n fogadlak majd t\u00e9ged \u00e9s minden m\u00e1s h\u00e1tra marad, \u00e9lettelen\u00fcl, a F\u00f6ld\u00f6n.<\/p>\n<p>Most pedig, gyermekem, l\u00e9gy \u00fcdv\u00f6z\u00f6lve, \u00e9s fogadd szeretettel az \u00faj napot \u00e9s az \u00faj \u00c9letet\u2026\u201d<\/p>\n","protected":false},"author":920,"featured_media":3781,"template":"","meta":{"_acf_changed":false},"tags":[],"category_":[110104],"tags_english_":[],"class_list":["post-89305","logon_article","type-logon_article","status-publish","has-post-thumbnail","hentry","category_-spiritsoul-hu"],"acf":[],"_links":{"self":[{"href":"https:\/\/logon.media\/hu\/wp-json\/wp\/v2\/logon_article\/89305","targetHints":{"allow":["GET"]}}],"collection":[{"href":"https:\/\/logon.media\/hu\/wp-json\/wp\/v2\/logon_article"}],"about":[{"href":"https:\/\/logon.media\/hu\/wp-json\/wp\/v2\/types\/logon_article"}],"author":[{"embeddable":true,"href":"https:\/\/logon.media\/hu\/wp-json\/wp\/v2\/users\/920"}],"wp:featuredmedia":[{"embeddable":true,"href":"https:\/\/logon.media\/hu\/wp-json\/wp\/v2\/media\/3781"}],"wp:attachment":[{"href":"https:\/\/logon.media\/hu\/wp-json\/wp\/v2\/media?parent=89305"}],"wp:term":[{"taxonomy":"post_tag","embeddable":true,"href":"https:\/\/logon.media\/hu\/wp-json\/wp\/v2\/tags?post=89305"},{"taxonomy":"category_","embeddable":true,"href":"https:\/\/logon.media\/hu\/wp-json\/wp\/v2\/category_?post=89305"},{"taxonomy":"tags_english_","embeddable":true,"href":"https:\/\/logon.media\/hu\/wp-json\/wp\/v2\/tags_english_?post=89305"}],"curies":[{"name":"wp","href":"https:\/\/api.w.org\/{rel}","templated":true}]}}