{"id":89137,"date":"2018-08-14T11:54:29","date_gmt":"2018-08-14T11:54:29","guid":{"rendered":"https:\/\/logon.media\/logon_article\/platon-es-a-lelek-emlekezete\/"},"modified":"2018-08-14T11:54:29","modified_gmt":"2018-08-14T11:54:29","slug":"platon-es-a-lelek-emlekezete","status":"publish","type":"logon_article","link":"https:\/\/logon.media\/hu\/logon_article\/platon-es-a-lelek-emlekezete\/","title":{"rendered":"Plat\u00f3n \u00e9s a l\u00e9lek eml\u00e9kezete"},"content":{"rendered":"<p>Plat\u00f3nt, a g\u00f6r\u00f6g filoz\u00f3fust, akinek az \u00e9lete az id\u0151sz\u00e1m\u00edt\u00e1sunk el\u0151tti 5. sz\u00e1zadb\u00f3l a 4.-be ny\u00falik \u00e1t, a nyugati gondolkod\u00e1s egyik alap\u00edt\u00f3jak\u00e9nt tartj\u00e1k sz\u00e1mon. Az ide\u00e1kr\u00f3l val\u00f3 elk\u00e9pzel\u00e9s\u00e9t \u00e9s a politikai n\u00e9zeteit gyakran a kereszt\u00e9nys\u00e9ggel, illetve a szocializmussal t\u00e1rs\u00edtj\u00e1k. Filoz\u00f3fi\u00e1ja az \u00fagynevezett keleti hagyom\u00e1nyokb\u00f3l is mer\u00edt j\u00f3l ismert t\u00e9m\u00e1kat. A legfelt\u0171n\u0151bb p\u00e9lda erre, amit megeml\u00edthet\u00fcnk, a halhatatlans\u00e1g \u00e9s a l\u00e9lekv\u00e1ndorl\u00e1s. K\u00f6zvetlen\u00fcl ehhez a t\u00e9m\u00e1hoz kapcsol\u00f3dik a l\u00e9lek <em>eml\u00e9kezet\u00e9nek<\/em> az elm\u00e9lete is, valamif\u00e9le eml\u00e9kez\u00e9s mindarra, amit a l\u00e9lek a sok-sok inkarn\u00e1ci\u00f3 sor\u00e1n meg\u00e9lt, de f\u0151leg az eredeti \u00e1llapot\u00e1ra, m\u00e9g miel\u0151tt ebbe a vil\u00e1gba \u00e9rkezett.<\/p>\n<p>Plat\u00f3n elm\u00e9lete szerint a tud\u00e1s eml\u00e9kez\u00e9s \u00e9s az \u201eeml\u00e9kez\u00e9s gyakorlat\u00e1nak\u201d m\u0171vel\u00e9se az az \u00fat, ami elvezet minket minden dolog l\u00e9nyeg\u00e9hez, \u00e9s ami \u00e1ltal visszat\u00e9rhet\u00fcnk az igaz \u00e9letbe. An\u00e9lk\u00fcl, hogy megvizsg\u00e1ln\u00e1nk a sokf\u00e9le \u00e1rnyalat\u00e1t ennek az elm\u00e9letnek, szeretn\u00e9nk hangs\u00falyozni, hogy az\u00e9rt fontos, mert az igazs\u00e1g keres\u0151j\u00e9nek az <em>eml\u00e9kezet\u00e9hez<\/em> kapcsol\u00f3dik. Ez k\u00e9ts\u00e9gtelen\u00fcl egy k\u00fcl\u00f6nleges eml\u00e9kezet, mivel olyan dolgokkal is kapcsolatban \u00e1ll, amelyek az \u00e9rz\u00e9kek vil\u00e1g\u00e1n fel\u00fcl vannak. \u00cdgy a mi korl\u00e1tozott k\u00e9pess\u00e9g\u00fcnk, hogy megismerj\u00fck az igazs\u00e1got \u00e9s az igazs\u00e1goss\u00e1got, csak a marad\u00e9ka a vel\u00fck val\u00f3 egy\u00fctt\u00e9l\u00e9s k\u00e9pess\u00e9g\u00e9nek, amivel rendelkezt\u00fcnk miel\u0151tt anyagi testet kaptunk. Evil\u00e1gi \u00e1llapotunk ezek szerint term\u00e9szetellenes \u00e9s a l\u00e9lek sz\u00e1m\u00e1ra rendk\u00edv\u00fcl f\u00e1jdalmas.<\/p>\n<p>Eml\u00e9kezet\u00fcnkh\u00f6z szorosan kapcsol\u00f3dik az identit\u00e1s tudatunk. P\u00e9ld\u00e1ul k\u00f6nnyen \u00e9rthet\u0151, hogy egy orsz\u00e1g t\u00f6rt\u00e9nelme teszi lehet\u0151v\u00e9 a lakosai sz\u00e1m\u00e1ra, hogy elk\u00e9pzel\u00e9st alkossanak a nemzetis\u00e9g fogalm\u00e1r\u00f3l, ugyan\u00fagy, ahogy az eml\u00e9kezet\u00fcnk bels\u0151leg meger\u0151s\u00edti a mi szem\u00e9lyazonoss\u00e1gunkat. Nem v\u00e9letlen, hogy a <em>Kis herceg<\/em> \u00edr\u00f3ja azt magyar\u00e1zza, &#8211; a r\u00f3ka seg\u00edts\u00e9g\u00e9vel -, hogy valakinek a megszel\u00edd\u00edt\u00e9s\u00e9hez az sz\u00fcks\u00e9ges, hogy egy k\u00f6z\u00f6s t\u00f6rt\u00e9netet hozzunk l\u00e9tre az illet\u0151 szem\u00e9llyel, a pillanatok \u00e1pol\u00e1sa\u2026 A t\u00f6r\u0151d\u00e9s vezet a megnyer\u00e9shez. Ez\u00e9rt van az, hogy az eml\u00e9kezet elveszt\u00e9se nagyon kellemetlen helyzeteket produk\u00e1l az ember sz\u00e1m\u00e1ra; ezek k\u00f6z\u00fcl a legrosszabb tal\u00e1n az, ha az ember elfelejti azt, hogy kicsoda. Ha az ember nem eml\u00e9kszik arra, hogy kicsoda, akkor elveszti az \u00e9rtelm\u00e9t is, ami olyan \u00e9rz\u00e9s, mintha folyton rossz helyen lenne, illetve egy bels\u0151 \u00fcress\u00e9g \u00e9rz\u00e9se. M\u00e1sr\u00e9szt egy er\u0151teljes eml\u00e9k vagy valami k\u00fcl\u00f6n\u00f6s dologra val\u00f3 intenz\u00edv eml\u00e9kez\u00e9s arra utal, hogy valami nagyon fontos az illet\u0151nek. Maga Isten \u00fagy akarta megmutatni, hogy szereti a n\u00e9p\u00e9t \u00e9s t\u00f6r\u0151dik vele, hogy kihangs\u00falyozta mennyit gondol r\u00e1juk:<\/p>\n<p><em>\u201eElfelejtkezhet-e az anya gyermek\u00e9r\u0151l \u00fagy, hogy ne \u00e9rezzen k\u00f6ny\u00f6r\u00fcletet m\u00e9h\u00e9nek fi\u00e1n? \u00c9s ha elfelejtkezne is, \u00e9n ter\u00f3lad nem felejtkezem el. (\u00c9zsai\u00e1s 49:15).<\/em><\/p>\n<p>Ha az ember eml\u00e9kezete oly szorosan kapcsol\u00f3dik a szem\u00e9lyazonoss\u00e1g\u00e1hoz, akkor az az eml\u00e9kezet, amir\u0151l Plat\u00f3n besz\u00e9l, vagyis a l\u00e9lek eml\u00e9kezete, bizony\u00e1ra k\u00e9pes felid\u00e9zni mag\u00e1nak a l\u00e9leknek a l\u00e9nyeg\u00e9t is. Noha az, hogy az ember tudat\u00e1ra \u00e9bredjen a szellemi szem\u00e9lyazonoss\u00e1g\u00e1nak nem egyszer\u0171 dolog, m\u00e9gis \u00e1lland\u00f3an megmutatj\u00e1k neki a val\u00f3di l\u00e9t\u00e9nek az eml\u00e9ke \u00e1ltal, ami a teljes \u00e9letre, \u00f6r\u00f6kk\u00e9val\u00f3s\u00e1gra \u00e9s szeretetre val\u00f3 v\u00e1gyakoz\u00e1s\u00e1ban t\u00fckr\u00f6z\u0151dik. Mindezeket a dolgokat az\u00e9rt keress\u00fck sz\u00fcntelen\u00fcl, mert eml\u00e9ksz\u00fcnk r\u00e1juk a r\u00e9gm\u00faltb\u00f3l. Plat\u00f3n a <em>Phaedrus<\/em> p\u00e1rbesz\u00e9dben elmagyar\u00e1zza, hogy mi\u00e9rt szeretj\u00fck ezeket a dolgokat annyira:<\/p>\n<p><em>\u201eA l\u00e9lek a fejl\u0151d\u00e9se sor\u00e1n megismerkedik a l\u00e9nyeges dolgokkal. A tiszta igazs\u00e1gok megismer\u00e9se folyt\u00e1n a l\u00e9lek m\u00e9rhetetlen boldogs\u00e1gba mer\u00fcl. [&#8230;] A lelkeket az vonzza az Igazs\u00e1g mennyorsz\u00e1ga fel\u00e9, hogy ott megtal\u00e1lhatj\u00e1k azt a t\u00e1pl\u00e1l\u00e9kot, ami kifejlesztheti \u00e9s megn\u00f6vesztheti a sz\u00e1rnyaikat, ami \u00e1ltal a lelkek elt\u00e1volodhatnak az alacsony szenved\u00e9lyekt\u0151l.\u201d<\/em><\/p>\n<p>A dolgok l\u00e9nyeg\u00e9nek ismerete a l\u00e9lek gy\u0151zelm\u00e9t jelenti.<\/p>\n<p>Akkor hogyan t\u00f6rt\u00e9nhetett meg az, hogy a l\u00e9lek elhagyta ezt az \u00e1ldott \u00e1llapotot? A m\u00edtosz, amit Plat\u00f3n haszn\u00e1l gondolatai illusztr\u00e1l\u00e1s\u00e1ra, egy z\u0171rzavarr\u00f3l sz\u00f3l, amit az okozott, hogy a lelkek moh\u00f3n belevetett\u00e9k magukat a dolgok l\u00e9nyeg\u00e9be, illetve a v\u00e1gy, hogy m\u00e9g t\u00f6bbet akartak. Ennek a z\u0171rzavarnak az lett az eredm\u00e9nye, hogy a lelkek nem voltak k\u00e9pesek t\u00f6bb\u00e9 a hely\u00fck\u00f6n maradni:<\/p>\n<p><em>\u201eAmikor a l\u00e9lek tiszt\u00e1talan t\u00e1pl\u00e1l\u00e9kkal telik el a v\u00e9gzetes moh\u00f3s\u00e1g, erk\u00f6lcstelens\u00e9g \u00e9s feled\u00e9kenys\u00e9g k\u00f6vetkezt\u00e9ben, elnehez\u00fcl \u00e9s sz\u00e1rnyaszegetten a f\u00f6ldre zuhan.\u201d (Phaedrus)<\/em><\/p>\n<p>Ez megmagyar\u00e1zza, hogy mi\u00e9rt boldogtalanok az emberek a mindennapi \u00e9let\u00fckkel, ak\u00e1rmennyi sikert \u00e9rnek is el. Olyanok \u0151k, mint a szellem \u00e9s az anyag kever\u00e9ke, ami mag\u00e1ban hordozza a szellem val\u00f3di term\u00e9szet\u00e9t. Mivel azonban az ember nem k\u00e9pes eml\u00e9kezni erre, az anyagban keresi a beteljesed\u00e9st, legal\u00e1bbis addig, am\u00edg r\u00e1 nem j\u00f6n, hogy ez az er\u0151fesz\u00edt\u00e9se nem vezet sikerhez.<\/p>\n<p>A \u201eszellemi eml\u00e9kezet\u201d visszanyer\u00e9se azt jelenti, hogy az ember megtudja, hogy kicsoda \u00e9s hogy mi a szerepe a vil\u00e1gban. Mindazon\u00e1ltal, ahogy kor\u00e1bban eml\u00edtett\u00fck, ehhez a tud\u00e1shoz azoknak a szellemi impulzusoknak az \u00e1pol\u00e1sa sz\u00fcks\u00e9ges, amivel m\u00e1r rendelkez\u00fcnk: az \u201e\u0151s-eml\u00e9kezet\u00fcnk\u201d \u00e1pol\u00e1sa. A szeretet, igazs\u00e1g, igazs\u00e1goss\u00e1g \u00e9s egyenl\u0151s\u00e9g ir\u00e1nti v\u00e1gyunk a Hermetikus J\u00f3s\u00e1g visszat\u00fckr\u00f6z\u0151d\u00e9se, ami t\u00fal van minden kett\u0151ss\u00e9gen. Ahogy haladunk az \u00f6sv\u00e9nyen, ez a v\u00e1gy biztat\u00e1st kap \u00e9s megtisztul az \u00e9n ill\u00fazi\u00f3it\u00f3l. Egy \u00faj t\u00f6rt\u00e9net fejl\u0151dik ki ez\u00e1ltal egy \u00fajfajta l\u00e9ny megszel\u00edd\u00edt\u00e9se \u00e9rdek\u00e9ben, akiv\u00e9 v\u00e1lni fogunk \u2013 akik mindig is voltunk.<\/p>\n","protected":false},"author":1,"featured_media":3347,"template":"","meta":{"_acf_changed":false},"tags":[],"category_":[110078],"tags_english_":[],"class_list":["post-89137","logon_article","type-logon_article","status-publish","has-post-thumbnail","hentry","category_-livingpast-hu"],"acf":[],"_links":{"self":[{"href":"https:\/\/logon.media\/hu\/wp-json\/wp\/v2\/logon_article\/89137","targetHints":{"allow":["GET"]}}],"collection":[{"href":"https:\/\/logon.media\/hu\/wp-json\/wp\/v2\/logon_article"}],"about":[{"href":"https:\/\/logon.media\/hu\/wp-json\/wp\/v2\/types\/logon_article"}],"author":[{"embeddable":true,"href":"https:\/\/logon.media\/hu\/wp-json\/wp\/v2\/users\/1"}],"wp:featuredmedia":[{"embeddable":true,"href":"https:\/\/logon.media\/hu\/wp-json\/wp\/v2\/media\/3347"}],"wp:attachment":[{"href":"https:\/\/logon.media\/hu\/wp-json\/wp\/v2\/media?parent=89137"}],"wp:term":[{"taxonomy":"post_tag","embeddable":true,"href":"https:\/\/logon.media\/hu\/wp-json\/wp\/v2\/tags?post=89137"},{"taxonomy":"category_","embeddable":true,"href":"https:\/\/logon.media\/hu\/wp-json\/wp\/v2\/category_?post=89137"},{"taxonomy":"tags_english_","embeddable":true,"href":"https:\/\/logon.media\/hu\/wp-json\/wp\/v2\/tags_english_?post=89137"}],"curies":[{"name":"wp","href":"https:\/\/api.w.org\/{rel}","templated":true}]}}