{"id":89055,"date":"2018-06-03T23:41:36","date_gmt":"2018-06-03T23:41:36","guid":{"rendered":"https:\/\/logon.media\/logon_article\/ha-guarani-lennel\/"},"modified":"2018-06-03T23:41:36","modified_gmt":"2018-06-03T23:41:36","slug":"ha-guarani-lennel","status":"publish","type":"logon_article","link":"https:\/\/logon.media\/hu\/logon_article\/ha-guarani-lennel\/","title":{"rendered":"Ha guarani lenn\u00e9l"},"content":{"rendered":"<p>K\u00e9pzeld el milyen \u00e9rz\u00e9s egy olyan 897 ezres l\u00e9tsz\u00e1m\u00fa n\u00e9pcsoport tagj\u00e1nak lenni, amelyik sokkal t\u00f6bbet tud a saj\u00e1t ter\u00fclet\u00e9nek t\u00f6rt\u00e9nelm\u00e9r\u0151l, mint az a 207 milli\u00f3s n\u00e9p, amelyik ugyanazon a f\u00f6ld\u00f6n \u00e9l. K\u00e9pzeld el, hogy nem eur\u00f3pai, afrikai vagy \u00e1zsiai sz\u00fclet\u00e9s\u0171 vagy, hanem a Hold Hagyom\u00e1ny\u00e1b\u00f3l sz\u00e1rmazol. Pr\u00f3b\u00e1ld meg elk\u00e9pzelni hogyan viselkedn\u00e9l, ha felfedezn\u00e9d, hogy ehhez a hagyom\u00e1nyhoz tartozol!<\/p>\n<p>&nbsp;<\/p>\n<p>Gondold el, hogy az \u0151seid legal\u00e1bb 12 ezer \u00e9ve j\u00e1rnak ezen a f\u00f6ld\u00f6n \u00e9s tal\u00e1n sohasem jutottak \u00e1t egyik \u00f3ce\u00e1non sem. Azokat a t\u00f6rt\u00e9neteket, amelyek a n\u00e9pedr\u0151l \u00e9s arr\u00f3l a f\u00f6ldr\u0151l sz\u00f3lnak, ahol \u00e9lsz, olyan emberekt\u0151l hallottad, akik szint\u00e9n a sz\u00e1jhagyom\u00e1ny \u00fatj\u00e1n jutottak hozz\u00e1. Olyan \u0151s\u00f6k v\u00e1laszt\u00e1sainak \u00e9s felfedez\u00e9seinek a gy\u00fcm\u00f6lcse vagy, akik semmit sem tudtak arr\u00f3l, hogy a vil\u00e1g m\u00e1sik fel\u00e9n \u00e9l\u0151 emberek mit gondolnak \u00e9s \u00edgy a saj\u00e1t elk\u00e9pzel\u00e9seik alapj\u00e1n teremtett\u00e9k meg az \u00e9letfelt\u00e9teleiket, t\u00e1pl\u00e1lkoz\u00e1sukat, v\u00e9dekez\u00e9s\u00fcket, t\u00e1rsadalmi \u00e9let\u00fcket \u00e9s az istenhez val\u00f3 viszonyukat. Sz\u0171k\u00edts\u00fck le a k\u00f6rt: ha a Hold Hagyom\u00e1ny\u00e1nak a tagja vagy, akkor nagy val\u00f3sz\u00edn\u0171s\u00e9ggel Braz\u00edlia legnagyobb bennsz\u00fcl\u00f6tt n\u00e9pcsoportj\u00e1hoz, a 146 ezres l\u00e9tsz\u00e1m\u00fa tupi-guaranikhoz tartozol.<\/p>\n<p>&nbsp;<\/p>\n<p>A sok sz\u00e1z etnikum k\u00f6z\u00fcl, amelyek D\u00e9l-Amerik\u00e1t ben\u00e9pes\u00edtett\u00e9k az elm\u00falt \u00e9vezredek sor\u00e1n, a guaranik \u00e9s a tupinamb\u00e1k kiemelked\u0151ek a maguk k\u00fcl\u00f6nleges tulajdons\u00e1gaival. Egy bizonyos t\u00f6rt\u00e9nelmi pillanatban volt egy szakad\u00e1s k\u00f6z\u00f6tt\u00fck, a tupinamb\u00e1kat ugyanis ink\u00e1bb egy harcos filoz\u00f3fia jellemezte, a guaranik pedig a legt\u00f6bb figyelm\u00fcket vall\u00e1si gyakorlatoknak szentelt\u00e9k. A tupinamb\u00e1k a Nap hagyom\u00e1ny\u00e1t k\u00f6vett\u00e9k \u2013 harcosok, utaz\u00f3k, vezet\u0151k \u00e9s h\u00f3d\u00edt\u00f3k voltak. Beutazt\u00e1k Braz\u00edli\u00e1t kultur\u00e1lis \u00e9s nyelvi nyomokat hagyva maguk ut\u00e1n. A h\u00f3d\u00edt\u00e1s m\u0171v\u00e9szet\u00e9t gyakorolt\u00e1k, mik\u00f6zben harcoltak, vad\u00e1sztak \u00e9s gazd\u00e1lkodtak. Kialak\u00edtott\u00e1k a maguk gy\u00f3gy\u00edt\u00e1si m\u00f3dj\u00e1t a term\u00e9szet szellemeinek seg\u00edts\u00e9g\u00e9vel, es\u0151t csin\u00e1ltak, n\u00f6v\u00e9nyeket termesztettek \u00e9s f\u00f6ldet m\u0171veltek. Vel\u00fck ellent\u00e9tben a tupi-guaranik a Hold hagyom\u00e1ny\u00e1t k\u00f6vett\u00e9k \u00e9s egy olyan tudom\u00e1nyt alak\u00edtottak ki, ami a bels\u0151 f\u00f6ldre \u00e9s a bels\u0151 \u00e9nre ir\u00e1nyul. Az \u0151 \u0151seik az \u00e1lmok, elm\u00e9lked\u00e9s, filoz\u00f3fia \u00e9s m\u0171v\u00e9szet seg\u00edts\u00e9g\u00e9vel gy\u00f3gy\u00edtottak. Mag\u00e1nak a l\u00e9tez\u00e9snek az alapjait kutatt\u00e1k a term\u00e9szetszellemekt\u0151l tanulva, szellemis\u00e9g\u00fcket nagym\u00e9rt\u00e9kben finom\u00edtva.<\/p>\n<p>&nbsp;<\/p>\n<p>A guarani n\u00e9p elvont dolgok ir\u00e1nti fog\u00e9konys\u00e1ga ellentmond annak a vademberekr\u0151l alkotott elk\u00e9pzel\u00e9snek, amivel a bennsz\u00fcl\u00f6tt n\u00e9peket oly gyakran illetik. A vadaknak nem lenne egy \u0151si \u00e9nekgy\u0171jtem\u00e9ny\u00fck, amit ayvu-rapyt\u00e1nak h\u00edvnak, ami azt jelenti \u201ea l\u00e9tez\u00e9s alapja\u201d, \u00e9s aminek ereje van ahhoz, hogy megszel\u00edd\u00edtse a mennyd\u00f6rg\u00e9st, a szelet vagy a lelket \u00e9s az elm\u00e9t.<\/p>\n<p>&nbsp;<\/p>\n<p>Egy guarani sz\u00e1m\u00e1ra az ima felemelked\u00e9st, a F\u00f6lddel \u00e9s a Mennyel val\u00f3 eggy\u00e9 v\u00e1l\u00e1st jelent. Ehhez az sz\u00fcks\u00e9ges, hogy az ember a hit, a szent \u00e1hitat ima, t\u00e1nc \u00e9s \u00e9nek \u00e1ltal val\u00f3 meg\u00e9rt\u00e9s\u00e9nek \u00e9s kifejez\u00e9s\u00e9nek szentelje mag\u00e1t.<\/p>\n<p>&nbsp;<\/p>\n<p><em>Aty\u00e1nk, a Nagy Miszt\u00e9rium, el\u0151sz\u00f6r,<\/em><\/p>\n<p><em>miel\u0151tt megteremtette volna mag\u00e1nak<\/em><\/p>\n<p><em>a fejl\u0151d\u00e9se \u00e1ltal,<\/em><\/p>\n<p><em>a j\u00f6vend\u0151 otthon\u00e1t,<\/em><\/p>\n<p><em>az \u00fcress\u00e9gbe helyezte mag\u00e1t.<\/em><\/p>\n<p><em>Miel\u0151tt a nap l\u00e9tezett volna<\/em><\/p>\n<p><em>\u0151 m\u00e1r l\u00e9tezett a saj\u00e1t sz\u00edv\u00e9nek t\u00fck\u00f6rk\u00e9pek\u00e9nt<\/em><\/p>\n<p><em>\u00e9s a napot a saj\u00e1t istenis\u00e9g\u00e9n bel\u00fcl<\/em><\/p>\n<p><em>haszn\u00e1lta fel.<\/em><\/p>\n<p>&nbsp;<\/p>\n<p>Az \u00f6n\u00e1tad\u00e1ssal \u00e9s az \u00e9nekl\u00e9ssel az ember elnyerheti az onhemonkandir\u00e9t, ami azt jelenti, hogy megtal\u00e1lta a halhatatlans\u00e1ghoz vezet\u0151 utat an\u00e9lk\u00fcl, hogy fizikailag meghalt volna. Ha azt mondan\u00e1nk, hogy az onhemonkandire hasonl\u00edt m\u00e1s n\u00e9pek kult\u00far\u00e1j\u00e1hoz, vajon elhinn\u00e9d-e?<\/p>\n<p>&nbsp;<\/p>\n<p>A kereszt\u00e9nyek kereszt\u00fatja p\u00e9ld\u00e1ul egy olyan \u00fat, ami hal\u00e1lhoz \u00e9s az \u00f6r\u00f6k \u00e9letre val\u00f3 felt\u00e1mad\u00e1shoz vezet. \u00c9rdekes, hogy a n\u00e9pedhez hasonl\u00f3an sok m\u00e1s n\u00e9pet is foglalkoztatott az \u00f6r\u00f6k \u00e9let k\u00e9rd\u00e9se. Az is \u00e9rdekes, hogy a ti n\u00e9petek felismerte a \u201efelt\u00e1mad\u00e1s\u201d lehet\u0151s\u00e9g\u00e9t m\u00e9g ebben az \u00e9letben: a r\u00e9gi \u201e\u00e9n\u201d hal\u00e1l\u00e1t \u00e9s a halhatatlan l\u00e9ny \u00fajj\u00e1sz\u00fclet\u00e9s\u00e9t.<\/p>\n<p>&nbsp;<\/p>\n<p>Tal\u00e1n a Nap naponta val\u00f3 sz\u00fclet\u00e9s\u00e9nek \u00e9s hal\u00e1l\u00e1nak a l\u00e1tv\u00e1nya az a rejt\u00e9lyes l\u00e1ncszem, ami titeket \u00f6sszek\u00f6t a vil\u00e1g t\u00f6bbi n\u00e9p\u00e9vel, valamint a Hold csendes b\u00e9k\u00e9je, ami k\u00e9pes megvil\u00e1g\u00edtani az utat a s\u00f6t\u00e9tben. Ezek az \u00e9gitestek a vil\u00e1g \u00e9s a vele val\u00f3 egy\u00fcttm\u0171k\u00f6d\u00e9s \u00e9rz\u00e9s\u00e9nek k\u00fcl\u00f6nb\u00f6z\u0151 m\u00f3djaira tan\u00edtottak titeket \u00e9s a tupinamb\u00e1kat.<\/p>\n<p>&nbsp;<\/p>\n<p>\u00dagy k\u00e9pzelj\u00fck, hogy ti pontosan az\u00e9rt k\u00fcl\u00f6n\u00fcltetek el a tupinamb\u00e1kt\u00f3l, hogy a bels\u0151 \u00fat ismerete meg legyen \u0151rizve. \u00cdgy, m\u00edg a tupinamb\u00e1k harcnak tett\u00e9k ki magukat \u00e9s gyakorlatilag meg lettek tizedelve, addig a ti n\u00e9petek, a guaranik magukkal vihett\u00e9k \u00e9s gondozhatt\u00e1k mindazt a rejt\u00e9lyes tud\u00e1st, ami az erd\u0151k m\u00e9ly\u00e9n gy\u0171lt \u00f6ssze.<\/p>\n<p>&nbsp;<\/p>\n<p>\u00d3 b\u00e1rcsak felfedezn\u00e9d a guaranik \u00fatj\u00e1t, egy \u0151si egyszer\u0171s\u00e9g \u00e9s er\u0151s spiritualit\u00e1s titkos \u00f6r\u00f6ks\u00e9g\u00e9t, akkor tal\u00e1n magyar\u00e1zatot tal\u00e1lhatn\u00e1l sok mindenre, ami benned zajlik.<\/p>\n","protected":false},"author":1,"featured_media":3094,"template":"","meta":{"_acf_changed":false},"tags":[],"category_":[110078],"tags_english_":[],"class_list":["post-89055","logon_article","type-logon_article","status-publish","has-post-thumbnail","hentry","category_-livingpast-hu"],"acf":[],"_links":{"self":[{"href":"https:\/\/logon.media\/hu\/wp-json\/wp\/v2\/logon_article\/89055","targetHints":{"allow":["GET"]}}],"collection":[{"href":"https:\/\/logon.media\/hu\/wp-json\/wp\/v2\/logon_article"}],"about":[{"href":"https:\/\/logon.media\/hu\/wp-json\/wp\/v2\/types\/logon_article"}],"author":[{"embeddable":true,"href":"https:\/\/logon.media\/hu\/wp-json\/wp\/v2\/users\/1"}],"wp:featuredmedia":[{"embeddable":true,"href":"https:\/\/logon.media\/hu\/wp-json\/wp\/v2\/media\/3094"}],"wp:attachment":[{"href":"https:\/\/logon.media\/hu\/wp-json\/wp\/v2\/media?parent=89055"}],"wp:term":[{"taxonomy":"post_tag","embeddable":true,"href":"https:\/\/logon.media\/hu\/wp-json\/wp\/v2\/tags?post=89055"},{"taxonomy":"category_","embeddable":true,"href":"https:\/\/logon.media\/hu\/wp-json\/wp\/v2\/category_?post=89055"},{"taxonomy":"tags_english_","embeddable":true,"href":"https:\/\/logon.media\/hu\/wp-json\/wp\/v2\/tags_english_?post=89055"}],"curies":[{"name":"wp","href":"https:\/\/api.w.org\/{rel}","templated":true}]}}